{"id":779,"date":"2023-03-27T16:41:00","date_gmt":"2023-03-27T19:41:00","guid":{"rendered":"https:\/\/cidadecult.com.br\/novo\/daniel-comemora-40-anos-de-carreira-com-tour-inedita-em-homenagem-a-joao-paulo\/"},"modified":"2023-03-27T16:41:00","modified_gmt":"2023-03-27T19:41:00","slug":"daniel-comemora-40-anos-de-carreira-com-tour-inedita-em-homenagem-a-joao-paulo","status":"publish","type":"post","link":"https:\/\/cidadecult.com.br\/?p=779","title":{"rendered":"Daniel comemora 40 anos de carreira com homenagem a Jo\u00e3o Paulo"},"content":{"rendered":"<p class=\"MsoNormal\" style=\"margin: 0cm 0cm 0.0001pt; color: #222222; text-align: center; font-size: 12pt; font-family: 'Times New Roman';\" align=\"center\"><b><span style=\"font-family: Calibri;\">Com 15 shows pelo Brasil, o cantor se apresenta em Bras\u00edlia no dia 18 de junho<\/span><\/b><\/p>\n<p class=\"MsoNormal\" style=\"margin: 0cm 0cm 0.0001pt; color: #222222; text-align: center; font-size: 12pt; font-family: 'Times New Roman';\" align=\"center\"><b><span style=\"font-family: Calibri;\">\u00a0<\/span><\/b><\/p>\n<p class=\"MsoNormal\" style=\"margin: 0cm 0cm 0.0001pt; color: #222222; text-align: justify; font-size: 12pt; font-family: 'Times New Roman';\"><span style=\"font-family: Calibri;\">O cantor sertanejo Daniel anunciou turn\u00ea especial de 40 anos de carreira em que presta homenagem ao ex-parceiro Jo\u00e3o Paulo.<\/span>\u00a0O show\u00a0<span style=\"font-family: Calibri; color: black; background-image: initial; background-position: initial; background-size: initial; background-repeat: initial; background-origin: initial; background-clip: initial;\">\u201c<\/span><b><span style=\"font-family: Calibri; color: black; border: 1pt none windowtext; padding: 0cm;\">Daniel 40 Anos Celebra Jo\u00e3o Paulo &amp; Daniel<\/span><\/b><span style=\"font-family: Calibri; color: black; background-image: initial; background-position: initial; background-size: initial; background-repeat: initial; background-origin: initial; background-clip: initial;\">\u201c, promete emocionar os f\u00e3s com os grandes sucessos da dupla<\/span><span style=\"color: black; background-image: initial; background-position: initial; background-size: initial; background-repeat: initial; background-origin: initial; background-clip: initial;\">.<\/span><span style=\"font-family: Calibri; color: black; background-image: initial; background-position: initial; background-size: initial; background-repeat: initial; background-origin: initial; background-clip: initial;\">\u00a0Em \u00fanica apresenta\u00e7\u00e3o,\u00a0<\/span><span style=\"color: black; background-image: initial; background-position: initial; background-size: initial; background-repeat: initial; background-origin: initial; background-clip: initial;\">Daniel se apresenta\u00a0<\/span><span style=\"font-family: Calibri; color: black; background-image: initial; background-position: initial; background-size: initial; background-repeat: initial; background-origin: initial; background-clip: initial;\">no audit\u00f3rio m\u00e1ster do Centro de Conven\u00e7\u00f5es Ulysses Guimar\u00e3es<\/span><span style=\"color: black; background-image: initial; background-position: initial; background-size: initial; background-repeat: initial; background-origin: initial; background-clip: initial;\">, em 18 de junho<\/span><span style=\"font-family: Calibri; color: black; background-image: initial; background-position: initial; background-size: initial; background-repeat: initial; background-origin: initial; background-clip: initial;\">. Os ingressos j\u00e1 est\u00e3o dispon\u00edveis no site da Alpha Tickets (www.<\/span>a<span style=\"font-family: Calibri; color: black; background-image: initial; background-position: initial; background-size: initial; background-repeat: initial; background-origin: initial; background-clip: initial;\"><a style=\"color: #1155cc;\" href=\"http:\/\/lphatickets.com.br\/\" target=\"_blank\" rel=\"noopener noreferrer\" data-saferedirecturl=\"https:\/\/www.google.com\/url?q=http:\/\/lphatickets.com.br&amp;source=gmail&amp;ust=1680031626832000&amp;usg=AOvVaw1y_3ncJoKHL5XKJZ97NuuV\">lphatickets.com.br<\/a>)<\/span><\/p>\n<p class=\"MsoNormal\" style=\"margin: 0cm 0cm 0.0001pt; color: #222222; text-align: justify; font-size: 12pt; font-family: 'Times New Roman';\">\u00a0<\/p>\n<p class=\"MsoNormal\" style=\"margin: 0cm 0cm 0.0001pt; color: #222222; text-align: justify; font-size: 12pt; font-family: 'Times New Roman';\">A turn\u00ea \u00e9 uma oportunidade para os f\u00e3s da dupla essa \u00e9 uma oportunidade de reviver os grandes sucessos do legado deixado por Jo\u00e3o Paulo. A\u00a0<span style=\"font-family: Calibri;\">liga\u00e7\u00e3o entre Daniel e Jo\u00e3o Paulo \u00e9 de como se realmente fossem irm\u00e3os de sangue.\u00a0<\/span>Eles eram<span style=\"font-family: Calibri;\">\u00a0t\u00e3o conectados que, at\u00e9 hoje, Daniel relata que sente a forte presen\u00e7a de Jo\u00e3o Paulo ao seu lado, em cima do palco, lhe dando cada dia mais for\u00e7a para seguir em frente.<\/span><\/p>\n<p class=\"MsoNormal\" style=\"margin: 0cm 0cm 0.0001pt; color: #222222; text-align: justify; font-size: 12pt; font-family: 'Times New Roman';\"><span style=\"font-family: Calibri;\">\u00a0<\/span><\/p>\n<p class=\"MsoNormal\" style=\"margin: 0cm 0cm 0.0001pt; color: #222222; text-align: justify; font-size: 12pt; font-family: 'Times New Roman';\">O cantor ressaltou que a turn\u00ea \u00e9 uma maneira que ele encontrou de conectar novas e antigas gera\u00e7\u00f5es ao trabalho da dupla. &#8220;<span style=\"font-family: 'Segoe UI', 'serif'; color: black; background-image: initial; background-position: initial; background-size: initial; background-repeat: initial; background-origin: initial; background-clip: initial;\">\u00a0\u201c<\/span><b><i><span style=\"font-family: 'Segoe UI', 'serif'; color: black; border: 1pt none windowtext; padding: 0cm;\">Eu posso dizer que esse \u00e9 o projeto da minha vida. Se n\u00e3o fosse tudo o que vivemos juntos, hoje eu n\u00e3o estaria diante do p\u00fablico. Momentos incr\u00edveis que vivi e que s\u00f3 a m\u00fasica tem o poder de deixar registrado. Tudo se deve a essa parceria, ao meu saudoso irm\u00e3o e parceiro que nos deixou h\u00e1 25 anos<\/span><\/i><\/b><span style=\"font-family: 'Segoe UI', 'serif'; color: black; background-image: initial; background-position: initial; background-size: initial; background-repeat: initial; background-origin: initial; background-clip: initial;\">\u201c.<\/span><\/p>\n<p class=\"MsoNormal\" style=\"margin: 0cm 0cm 0.0001pt; color: #222222; text-align: justify; font-size: 12pt; font-family: 'Times New Roman';\">\u00a0<\/p>\n<p class=\"MsoNormal\" style=\"margin: 0cm 0cm 0.0001pt; color: #222222; text-align: justify; font-size: 12pt; font-family: 'Times New Roman';\"><span style=\"font-family: 'Segoe UI', 'serif'; color: black; background-image: initial; background-position: initial; background-size: initial; background-repeat: initial; background-origin: initial; background-clip: initial;\">A estreia da turn\u00ea ser\u00e1 em Brotas, cidade onde a dupla iniciou a carreira, em 3 de maio, anivers\u00e1rio da cidade, anivers\u00e1rio de 184 anos da cidade.<\/span><\/p>\n<p class=\"MsoNormal\" style=\"margin: 0cm 0cm 0.0001pt; color: #222222; text-align: justify; font-size: 12pt; font-family: 'Times New Roman';\"><span style=\"font-family: Calibri;\">\u00a0<\/span><\/p>\n","protected":false},"excerpt":{"rendered":"<p class=\"MsoNormal\" style=\"margin: 0cm 0cm 0.0001pt; color: #222222; text-align: center; font-size: 12pt; font-family: 'Times New Roman';\" align=\"center\"><b><span style=\"font-family: Calibri;\">Com 15 shows pelo Brasil, o cantor se apresenta em Bras\u00edlia no dia 18 de junho<\/span><\/b><\/p>\n","protected":false},"author":3,"featured_media":0,"comment_status":"open","ping_status":"open","sticky":false,"template":"","format":"standard","meta":{"_monsterinsights_skip_tracking":false,"_monsterinsights_sitenote_active":false,"_monsterinsights_sitenote_note":"","_monsterinsights_sitenote_category":0,"footnotes":""},"categories":[34],"tags":[],"class_list":["post-779","post","type-post","status-publish","format-standard","hentry","category-destaque"],"_links":{"self":[{"href":"https:\/\/cidadecult.com.br\/index.php?rest_route=\/wp\/v2\/posts\/779","targetHints":{"allow":["GET"]}}],"collection":[{"href":"https:\/\/cidadecult.com.br\/index.php?rest_route=\/wp\/v2\/posts"}],"about":[{"href":"https:\/\/cidadecult.com.br\/index.php?rest_route=\/wp\/v2\/types\/post"}],"author":[{"embeddable":true,"href":"https:\/\/cidadecult.com.br\/index.php?rest_route=\/wp\/v2\/users\/3"}],"replies":[{"embeddable":true,"href":"https:\/\/cidadecult.com.br\/index.php?rest_route=%2Fwp%2Fv2%2Fcomments&post=779"}],"version-history":[{"count":0,"href":"https:\/\/cidadecult.com.br\/index.php?rest_route=\/wp\/v2\/posts\/779\/revisions"}],"wp:attachment":[{"href":"https:\/\/cidadecult.com.br\/index.php?rest_route=%2Fwp%2Fv2%2Fmedia&parent=779"}],"wp:term":[{"taxonomy":"category","embeddable":true,"href":"https:\/\/cidadecult.com.br\/index.php?rest_route=%2Fwp%2Fv2%2Fcategories&post=779"},{"taxonomy":"post_tag","embeddable":true,"href":"https:\/\/cidadecult.com.br\/index.php?rest_route=%2Fwp%2Fv2%2Ftags&post=779"}],"curies":[{"name":"wp","href":"https:\/\/api.w.org\/{rel}","templated":true}]}}