{"id":7716,"date":"2024-09-18T10:45:37","date_gmt":"2024-09-18T13:45:37","guid":{"rendered":"https:\/\/cidadecult.com.br\/?p=7716"},"modified":"2024-09-18T10:46:14","modified_gmt":"2024-09-18T13:46:14","slug":"3a-semana-arabe-no-icab-uma-experiencia-cultural-unica-em-brasilia","status":"publish","type":"post","link":"https:\/\/cidadecult.com.br\/?p=7716","title":{"rendered":"3\u00aa Semana \u00c1rabe no ICAB: uma experi\u00eancia cultural \u00fanica em Bras\u00edlia !"},"content":{"rendered":"\n<p><em>Foto\/divulgal\u00e7\u00e3o<\/em><\/p>\n\n\n\n<p>Prepare-se para um mergulho profundo na rica cultura \u00e1rabe com a <strong>3\u00aa Semana \u00c1rabe<\/strong>, promovida pelo <strong>ICAB<\/strong>: Instituto de Cultura \u00c1rabe Brasileira, de<strong> 25 a 28 de setembro<\/strong> na <strong>Biblioteca Nacional de Bras\u00edlia<\/strong>! Com o apoio do <strong>FAC<\/strong>: Fundo de Apoio \u00e0 Cultura do DF, o evento traz uma programa\u00e7\u00e3o recheada de atividades que celebram a diversidade cultural e as tradi\u00e7\u00f5es dos povos \u00e1rabes. <\/p>\n\n\n\n<p><strong>O que esperar da Semana \u00c1rabe?<\/strong><\/p>\n\n\n\n<p><strong>Dan\u00e7a do ventre e saraus<\/strong>: Participe das oficinas de dan\u00e7a do ventre e assista a shows e saraus cheios de energia.<\/p>\n\n\n\n<p><strong>Exposi\u00e7\u00e3o culin\u00e1ria e liter\u00e1ria<\/strong>: Explore a influ\u00eancia \u00e1rabe na culin\u00e1ria brasileira e mergulhe na literatura com livros de Khalil Gibran.<\/p>\n\n\n\n<p><strong>Feira da diversidade culin\u00e1ria \u00e1rabe<\/strong>: Saboreie pratos t\u00edpicos a pre\u00e7os populares e descubra novos sabores.<\/p>\n\n\n\n<p><strong>Mostra de filmes<\/strong>: Assista a filmes que revelam o mundo \u00e1rabe em toda a sua riqueza cultural.<\/p>\n\n\n\n<p><strong>Oficinas de automaiagem e henna art\u00edstica<\/strong>: Aprenda t\u00e9cnicas de automaquiagem inspiradas na beleza \u00e1rabe e experimente a arte da henna.<\/p>\n\n\n\n<p><strong>Programa\u00e7\u00e3o completa:<\/strong><\/p>\n\n\n\n<ul class=\"wp-block-list\">\n<li><strong>25\/9<\/strong>: \u00c0s 17h, oficina de Dan\u00e7a do Ventre com v\u00e9u e, \u00e0s 18h30, sarau de abertura com show de dan\u00e7a do ventre.<\/li>\n\n\n\n<li><strong>26\/9<\/strong>: \u00c0s 17h, oficina de movimentos sinuosos para Dan\u00e7a do Ventre; \u00e0s 18h, curso de automaquiagem &#8220;O Olhar da Mulher \u00c1rabe&#8221;; e \u00e0s 19h, apresenta\u00e7\u00e3o de Dan\u00e7as T\u00edpicas.<\/li>\n\n\n\n<li><strong>27\/9<\/strong>: Das 16h \u00e0s 20h, Henna Art\u00edstica; \u00e0s 17h, oficina de Dan\u00e7a do Ventre para crian\u00e7as; e \u00e0s 18h30, Sarau Percussivo com apresenta\u00e7\u00f5es de dan\u00e7a do ventre ao som de instrumentos \u00e1rabes.<\/li>\n\n\n\n<li><strong>28\/9<\/strong>: Das 10h \u00e0s 15h, Feira da Diversidade Culin\u00e1ria \u00c1rabe; \u00e0s 11h30, Mesa Redonda sobre a Palestina; e \u00e0s 13h, Oficina de Dabke para Homens e Mulheres.<\/li>\n<\/ul>\n\n\n\n<p><strong>Atividades di\u00e1rias:<\/strong><\/p>\n\n\n\n<ul class=\"wp-block-list\">\n<li><strong>Exposi\u00e7\u00e3o educativa<\/strong> sobre a heran\u00e7a \u00e1rabe na cozinha brasileira.<\/li>\n\n\n\n<li><strong>Espa\u00e7o de leitura Khalil Gibran<\/strong> com livros sobre a literatura e a hist\u00f3ria \u00e1rabe.<\/li>\n\n\n\n<li><strong>Conta\u00e7\u00e3o de hist\u00f3rias<\/strong> para crian\u00e7as \u00e0s 15h (25, 26 e 27) e \u00e0s 10h (28).<\/li>\n\n\n\n<li><strong>Mostra de filmes<\/strong> sobre o mundo \u00e1rabe \u00e0s 12h30 (25, 26 e 27) e \u00e0s 10h (28).<\/li>\n<\/ul>\n\n\n\n<p><strong>Entrada gratuita!<\/strong> Todas as atividades acontecem entre 10h e 20h, com exce\u00e7\u00e3o dos hor\u00e1rios espec\u00edficos.<\/p>\n\n\n\n<p><strong>Mais informa\u00e7\u00f5es<\/strong> e detalhes da programa\u00e7\u00e3o est\u00e3o dispon\u00edveis no <a href=\"https:\/\/www.instagram.com\/icabbrasilia\/\">Instagram do ICAB<\/a> e no <a href=\"https:\/\/bit.ly\/3SemanaArabe\">press-kit do evento<\/a>.<\/p>\n\n\n\n<p>N\u00e3o perca esta oportunidade \u00fanica de explorar e celebrar a vibrante cultura \u00e1rabe em Bras\u00edlia! \ud83c\udf1f\ud83c\udf89<\/p>\n\n\n\n<hr class=\"wp-block-separator has-alpha-channel-opacity\"\/>\n\n\n\n<p>Espero que este texto atenda \u00e0s suas necessidades para o site Cidade CULT!<\/p>\n","protected":false},"excerpt":{"rendered":"<p>Foto\/divulgal\u00e7\u00e3o Prepare-se para um mergulho profundo na rica cultura \u00e1rabe com a 3\u00aa Semana \u00c1rabe, promovida pelo ICAB: Instituto de Cultura \u00c1rabe Brasileira, de 25 a 28 de setembro na Biblioteca Nacional de Bras\u00edlia! Com o apoio do FAC: Fundo de Apoio \u00e0 Cultura do DF, o evento traz uma programa\u00e7\u00e3o recheada de atividades que [&hellip;]<\/p>\n","protected":false},"author":1441,"featured_media":7717,"comment_status":"open","ping_status":"open","sticky":false,"template":"","format":"standard","meta":{"_monsterinsights_skip_tracking":false,"_monsterinsights_sitenote_active":false,"_monsterinsights_sitenote_note":"","_monsterinsights_sitenote_category":0,"footnotes":""},"categories":[17],"tags":[403,2736,2735,441],"class_list":["post-7716","post","type-post","status-publish","format-standard","has-post-thumbnail","hentry","category-bsb","tag-cidadecult-2","tag-icab","tag-semanaarabe","tag-sonacidadecult-2"],"_links":{"self":[{"href":"https:\/\/cidadecult.com.br\/index.php?rest_route=\/wp\/v2\/posts\/7716","targetHints":{"allow":["GET"]}}],"collection":[{"href":"https:\/\/cidadecult.com.br\/index.php?rest_route=\/wp\/v2\/posts"}],"about":[{"href":"https:\/\/cidadecult.com.br\/index.php?rest_route=\/wp\/v2\/types\/post"}],"author":[{"embeddable":true,"href":"https:\/\/cidadecult.com.br\/index.php?rest_route=\/wp\/v2\/users\/1441"}],"replies":[{"embeddable":true,"href":"https:\/\/cidadecult.com.br\/index.php?rest_route=%2Fwp%2Fv2%2Fcomments&post=7716"}],"version-history":[{"count":2,"href":"https:\/\/cidadecult.com.br\/index.php?rest_route=\/wp\/v2\/posts\/7716\/revisions"}],"predecessor-version":[{"id":7719,"href":"https:\/\/cidadecult.com.br\/index.php?rest_route=\/wp\/v2\/posts\/7716\/revisions\/7719"}],"wp:featuredmedia":[{"embeddable":true,"href":"https:\/\/cidadecult.com.br\/index.php?rest_route=\/wp\/v2\/media\/7717"}],"wp:attachment":[{"href":"https:\/\/cidadecult.com.br\/index.php?rest_route=%2Fwp%2Fv2%2Fmedia&parent=7716"}],"wp:term":[{"taxonomy":"category","embeddable":true,"href":"https:\/\/cidadecult.com.br\/index.php?rest_route=%2Fwp%2Fv2%2Fcategories&post=7716"},{"taxonomy":"post_tag","embeddable":true,"href":"https:\/\/cidadecult.com.br\/index.php?rest_route=%2Fwp%2Fv2%2Ftags&post=7716"}],"curies":[{"name":"wp","href":"https:\/\/api.w.org\/{rel}","templated":true}]}}