{"id":7712,"date":"2024-09-18T10:31:49","date_gmt":"2024-09-18T13:31:49","guid":{"rendered":"https:\/\/cidadecult.com.br\/?p=7712"},"modified":"2024-09-18T10:35:13","modified_gmt":"2024-09-18T13:35:13","slug":"nati-maia-lanca-campanha-setembro-amarelo-com-o-c-a-p","status":"publish","type":"post","link":"https:\/\/cidadecult.com.br\/?p=7712","title":{"rendered":"Nati Maia lan\u00e7a campanha &#8221; Setembro amarelo&#8221; com o C.A.P"},"content":{"rendered":"\n<p><em>Foto: Rafael Ohana<\/em><\/p>\n\n\n\n<p>O m\u00eas de setembro ganha um destaque especial com a campanha <strong>Setembro Amarelo<\/strong> da artista brasiliense <strong>Nati Maia<\/strong>, parte do projeto <strong>C.A.P: Calend\u00e1rio Art\u00edstico Preventivo<\/strong>.<strong> Desde janeiro de 2024, o projeto tem usado a arte para abordar quest\u00f5es de sa\u00fade e causas sociais de maneira inovadora e impactante.<\/strong><\/p>\n\n\n\n<p><strong>\ud83d\udc9b Setembro Amarelo: arte e vida em foco<\/strong><\/p>\n\n\n\n<p><strong>Neste m\u00eas crucial, a campanha foca na preven\u00e7\u00e3o do suic\u00eddio e na valoriza\u00e7\u00e3o da vida e do acolhimento. Nati Maia<\/strong>, com a colabora\u00e7\u00e3o da modelo e atriz <strong>Ariel Pimenta<\/strong>, criou uma sess\u00e3o de fotos sens\u00edvel e poderosa, refletindo a import\u00e2ncia do apoio emocional e da empatia.<\/p>\n\n\n\n<p><strong>\ud83d\udd0d O come\u00e7o do Setembro Amarelo<\/strong><\/p>\n\n\n\n<p><strong>A origem do Setembro Amarelo remonta aos EUA, em 1994, ap\u00f3s a tr\u00e1gica perda de Mike Emme, conhecido como &#8220;Mustang Mike&#8221;.<\/strong> Sua hist\u00f3ria inspirou um movimento global de preven\u00e7\u00e3o ao suic\u00eddio, simbolizado pelo la\u00e7o amarelo.<\/p>\n\n\n\n<p><strong>\ud83d\udcc5 Sobre o C.A.P<\/strong><\/p>\n\n\n\n<p>O C.A.P come\u00e7ou com a campanha <strong>Outubro Rosa<\/strong> em 2018, uma parceria entre <strong>Nati Maia <\/strong>e a fot\u00f3grafa <strong>Kakau Lossio<\/strong>, celebrando o empoderamento feminino. Agora, o projeto se expandiu para um calend\u00e1rio anual com 12 campanhas fotogr\u00e1ficas, cada uma abordando um tema social e de sa\u00fade espec\u00edfico.<\/p>\n\n\n\n<p><strong>\ud83d\udcc6 Acompanhe e participe!<\/strong><\/p>\n\n\n\n<p>Siga o Instagram <a href=\"https:\/\/www.instagram.com\/calendario_art_prev\/\">@calendario_art_prev <\/a>para acompanhar as postagens di\u00e1rias e ficar por dentro de todas as a\u00e7\u00f5es da campanha. No final do ano, um calend\u00e1rio com todas as fotografias ser\u00e1 distribu\u00eddo gratuitamente e haver\u00e1 uma exposi\u00e7\u00e3o no <strong>Espa\u00e7o Cultural Renato Russo.<\/strong><\/p>\n\n\n\n<p><strong>\ud83d\udcf8 Ficha t\u00e9cnica de setembro:<\/strong><\/p>\n\n\n\n<ul class=\"wp-block-list\">\n<li><strong>Maquiadora:<\/strong> Nati Maia<\/li>\n\n\n\n<li><strong>Fot\u00f3grafo:<\/strong> Rafael Ohana<\/li>\n\n\n\n<li><strong>Modelo:<\/strong> Ariel Pimenta<\/li>\n\n\n\n<li><strong>Produ\u00e7\u00e3o:<\/strong> Jefferson Le\u00e3o<\/li>\n\n\n\n<li><strong>Est\u00fadio:<\/strong> Est\u00fadio Laje<\/li>\n<\/ul>\n\n\n\n<p><strong>\ud83d\udd17 Acompanhe a campanha no<a href=\"https:\/\/www.instagram.com\/calendario_art_prev\/\"> Instagram.<\/a> Vamos juntos apoiar essa causa t\u00e3o importante!<\/strong><\/p>\n","protected":false},"excerpt":{"rendered":"<p>Foto: Rafael Ohana O m\u00eas de setembro ganha um destaque especial com a campanha Setembro Amarelo da artista brasiliense Nati Maia, parte do projeto C.A.P: Calend\u00e1rio Art\u00edstico Preventivo. Desde janeiro de 2024, o projeto tem usado a arte para abordar quest\u00f5es de sa\u00fade e causas sociais de maneira inovadora e impactante. \ud83d\udc9b Setembro Amarelo: arte [&hellip;]<\/p>\n","protected":false},"author":1441,"featured_media":7713,"comment_status":"open","ping_status":"open","sticky":false,"template":"","format":"standard","meta":{"_monsterinsights_skip_tracking":false,"_monsterinsights_sitenote_active":false,"_monsterinsights_sitenote_note":"","_monsterinsights_sitenote_category":0,"footnotes":""},"categories":[2569,17],"tags":[1305,423,1838,2559,441],"class_list":["post-7712","post","type-post","status-publish","format-standard","has-post-thumbnail","hentry","category-arte","category-bsb","tag-cap","tag-cidadecultpordentro-2","tag-natimaia","tag-setembroamarelo","tag-sonacidadecult-2"],"_links":{"self":[{"href":"https:\/\/cidadecult.com.br\/index.php?rest_route=\/wp\/v2\/posts\/7712","targetHints":{"allow":["GET"]}}],"collection":[{"href":"https:\/\/cidadecult.com.br\/index.php?rest_route=\/wp\/v2\/posts"}],"about":[{"href":"https:\/\/cidadecult.com.br\/index.php?rest_route=\/wp\/v2\/types\/post"}],"author":[{"embeddable":true,"href":"https:\/\/cidadecult.com.br\/index.php?rest_route=\/wp\/v2\/users\/1441"}],"replies":[{"embeddable":true,"href":"https:\/\/cidadecult.com.br\/index.php?rest_route=%2Fwp%2Fv2%2Fcomments&post=7712"}],"version-history":[{"count":1,"href":"https:\/\/cidadecult.com.br\/index.php?rest_route=\/wp\/v2\/posts\/7712\/revisions"}],"predecessor-version":[{"id":7714,"href":"https:\/\/cidadecult.com.br\/index.php?rest_route=\/wp\/v2\/posts\/7712\/revisions\/7714"}],"wp:featuredmedia":[{"embeddable":true,"href":"https:\/\/cidadecult.com.br\/index.php?rest_route=\/wp\/v2\/media\/7713"}],"wp:attachment":[{"href":"https:\/\/cidadecult.com.br\/index.php?rest_route=%2Fwp%2Fv2%2Fmedia&parent=7712"}],"wp:term":[{"taxonomy":"category","embeddable":true,"href":"https:\/\/cidadecult.com.br\/index.php?rest_route=%2Fwp%2Fv2%2Fcategories&post=7712"},{"taxonomy":"post_tag","embeddable":true,"href":"https:\/\/cidadecult.com.br\/index.php?rest_route=%2Fwp%2Fv2%2Ftags&post=7712"}],"curies":[{"name":"wp","href":"https:\/\/api.w.org\/{rel}","templated":true}]}}