{"id":7648,"date":"2024-09-17T13:00:27","date_gmt":"2024-09-17T16:00:27","guid":{"rendered":"https:\/\/cidadecult.com.br\/?p=7648"},"modified":"2024-09-17T13:00:55","modified_gmt":"2024-09-17T16:00:55","slug":"incendio-no-parque-nacional-de-brasilia-fogo-subterraneo-pode-reaparecer","status":"publish","type":"post","link":"https:\/\/cidadecult.com.br\/?p=7648","title":{"rendered":"Inc\u00eandio no Parque Nacional de Bras\u00edlia: fogo subterr\u00e2neo pode reaparecer !"},"content":{"rendered":"\n<p><em>Foto: Marcelo Camargo <\/em><\/p>\n\n\n\n<p>O Parque Nacional de Bras\u00edlia, que sofreu com um devastador inc\u00eandio que consumiu 2,4 mil hectares e trouxe fuma\u00e7a para a capital desde o \u00faltimo domingo (15), enfrenta um novo desafio: o fogo se tornou subterr\u00e2neo! <\/p>\n\n\n\n<p>Atualmente, o inc\u00eandio est\u00e1 ativo em dois focos de calor subterr\u00e2neos, onde o material combust\u00edvel ainda est\u00e1 sendo consumido sob a terra. Apesar da situa\u00e7\u00e3o estar menos cr\u00edtica em compara\u00e7\u00e3o com ontem, o risco de o fogo reaparecer durante os per\u00edodos mais quentes do dia ainda \u00e9 uma preocupa\u00e7\u00e3o. <\/p>\n\n\n\n<p>Com mais de 500 bombeiros e brigadistas mobilizados, al\u00e9m de tr\u00eas avi\u00f5es e um helic\u00f3ptero, o combate ao inc\u00eandio est\u00e1 em plena opera\u00e7\u00e3o. O coronel Pedro Anibal, do Corpo de Bombeiros do DF, mencionou que mil agentes est\u00e3o prontos para agir se necess\u00e1rio. O desafio do fogo subterr\u00e2neo \u00e9 que, sem chamas vis\u00edveis, apenas a fuma\u00e7a indica onde o fogo pode estar se propagando. <\/p>\n\n\n\n<p>A presidente do Parque Nacional de Bras\u00edlia, Larissa Diehl, destacou que, embora ainda n\u00e3o seja poss\u00edvel avaliar completamente os danos \u00e0 fauna, a queima das matas de galerias, fundamentais para o abastecimento de \u00e1gua, \u00e9 especialmente preocupante. Essas \u00e1reas, que protegem os cursos d&#8217;\u00e1gua da regi\u00e3o, demoram mais para se recuperar e podem impactar a qualidade e a quantidade de \u00e1gua dispon\u00edvel para o Distrito Federal. <\/p>\n\n\n\n<p><strong>Acompanhe o site Cidade CULT para mais atualiza\u00e7\u00f5es sobre a situa\u00e7\u00e3o e como voc\u00ea pode ajudar na preserva\u00e7\u00e3o do nosso patrim\u00f4nio natural.<\/strong><\/p>\n","protected":false},"excerpt":{"rendered":"<p>Foto: Marcelo Camargo O Parque Nacional de Bras\u00edlia, que sofreu com um devastador inc\u00eandio que consumiu 2,4 mil hectares e trouxe fuma\u00e7a para a capital desde o \u00faltimo domingo (15), enfrenta um novo desafio: o fogo se tornou subterr\u00e2neo! Atualmente, o inc\u00eandio est\u00e1 ativo em dois focos de calor subterr\u00e2neos, onde o material combust\u00edvel ainda [&hellip;]<\/p>\n","protected":false},"author":1441,"featured_media":7649,"comment_status":"open","ping_status":"open","sticky":false,"template":"","format":"standard","meta":{"_monsterinsights_skip_tracking":false,"_monsterinsights_sitenote_active":false,"_monsterinsights_sitenote_note":"","_monsterinsights_sitenote_category":0,"footnotes":""},"categories":[17],"tags":[423,2720],"class_list":["post-7648","post","type-post","status-publish","format-standard","has-post-thumbnail","hentry","category-bsb","tag-cidadecultpordentro-2","tag-incendionoparquenacional"],"_links":{"self":[{"href":"https:\/\/cidadecult.com.br\/index.php?rest_route=\/wp\/v2\/posts\/7648","targetHints":{"allow":["GET"]}}],"collection":[{"href":"https:\/\/cidadecult.com.br\/index.php?rest_route=\/wp\/v2\/posts"}],"about":[{"href":"https:\/\/cidadecult.com.br\/index.php?rest_route=\/wp\/v2\/types\/post"}],"author":[{"embeddable":true,"href":"https:\/\/cidadecult.com.br\/index.php?rest_route=\/wp\/v2\/users\/1441"}],"replies":[{"embeddable":true,"href":"https:\/\/cidadecult.com.br\/index.php?rest_route=%2Fwp%2Fv2%2Fcomments&post=7648"}],"version-history":[{"count":1,"href":"https:\/\/cidadecult.com.br\/index.php?rest_route=\/wp\/v2\/posts\/7648\/revisions"}],"predecessor-version":[{"id":7650,"href":"https:\/\/cidadecult.com.br\/index.php?rest_route=\/wp\/v2\/posts\/7648\/revisions\/7650"}],"wp:featuredmedia":[{"embeddable":true,"href":"https:\/\/cidadecult.com.br\/index.php?rest_route=\/wp\/v2\/media\/7649"}],"wp:attachment":[{"href":"https:\/\/cidadecult.com.br\/index.php?rest_route=%2Fwp%2Fv2%2Fmedia&parent=7648"}],"wp:term":[{"taxonomy":"category","embeddable":true,"href":"https:\/\/cidadecult.com.br\/index.php?rest_route=%2Fwp%2Fv2%2Fcategories&post=7648"},{"taxonomy":"post_tag","embeddable":true,"href":"https:\/\/cidadecult.com.br\/index.php?rest_route=%2Fwp%2Fv2%2Ftags&post=7648"}],"curies":[{"name":"wp","href":"https:\/\/api.w.org\/{rel}","templated":true}]}}