{"id":764,"date":"2023-02-17T04:06:14","date_gmt":"2023-02-17T07:06:14","guid":{"rendered":"https:\/\/cidadecult.com.br\/novo\/curta-apoiado-pelo-fac-e-destaque-em-berlim\/"},"modified":"2023-02-17T04:06:14","modified_gmt":"2023-02-17T07:06:14","slug":"curta-apoiado-pelo-fac-e-destaque-em-berlim","status":"publish","type":"post","link":"https:\/\/cidadecult.com.br\/?p=764","title":{"rendered":"Curta apoiado pelo FAC \u00e9 destaque em Berlim"},"content":{"rendered":"<header style=\"box-sizing: border-box; margin: 0px auto 3em; padding: 0px; border-width: 0px 0px 2px; border-image: initial; font-variant-numeric: inherit; font-variant-east-asian: inherit; font-stretch: inherit; font-size: 18px; line-height: inherit; vertical-align: baseline; font-family: Regular, sans-serif; max-width: 980px; color: #000000; border-color: initial initial #999999 initial; border-style: initial initial solid initial;\">\n<h1>Com equipe majoritariamente feminina e ambienta\u00e7\u00e3o em Ceil\u00e2ndia e Lago Norte, &#8220;As Mi\u00e7angas&#8221; aborda o tema do aborto<\/h1>\n<p>Ag\u00eancia Bras\u00edlia* | Edi\u00e7\u00e3o: Saulo Moreno<\/p>\n<div class=\"row\" style=\"box-sizing: border-box; margin: 2em 0px; padding: 0px; border: 0px; font-style: inherit; font-variant: inherit; font-weight: inherit; font-stretch: inherit; font-size: inherit; line-height: inherit; vertical-align: baseline;\">\n<div class=\"col\" style=\"box-sizing: border-box; margin: 0px; padding: 0px; border: 0px; font-style: inherit; font-variant: inherit; font-weight: inherit; font-stretch: inherit; font-size: inherit; line-height: inherit; vertical-align: baseline; float: left; width: 637px;\">\n<ul class=\"cats\" style=\"box-sizing: border-box; margin: 0px; padding: 0px; border: 0px; font-style: inherit; font-variant: inherit; font-weight: inherit; font-stretch: inherit; font-size: inherit; line-height: inherit; vertical-align: baseline; list-style: none;\">\n<li style=\"box-sizing: border-box; margin: 0px 0px 0.2em; padding: 0px; border: 0px; font-style: inherit; font-variant: inherit; font-weight: inherit; font-stretch: inherit; font-size: inherit; line-height: inherit; vertical-align: middle; display: inline-block;\"><a style=\"box-sizing: border-box; margin: 0px; padding: 0.4em 0.6em; border: 1px solid #006bb5; font-style: inherit; font-variant: inherit; font-weight: inherit; font-stretch: inherit; font-size: 0.8em; line-height: inherit; vertical-align: baseline; transition: all 0.1s ease-in-out 0s; display: block; color: #006bb5; text-transform: uppercase;\" href=\"https:\/\/www.agenciabrasilia.df.gov.br\/categoria\/cultura\">CULTURA<\/a><\/li>\n<\/ul>\n<\/div>\n<div class=\"col -social social-share\" style=\"box-sizing: border-box; margin: 0px; padding: 0px; border: 0px; font-style: inherit; font-variant: inherit; font-weight: inherit; font-stretch: inherit; font-size: 0.9em; line-height: inherit; vertical-align: baseline; display: inline-block; text-align: right; float: right; width: 343px;\"><a class=\"-facebook\" style=\"box-sizing: border-box; margin: 0px 0.4em 0px 0px; padding: 0.5em 0.4em 0.4em; border: 0px; font-style: inherit; font-variant: inherit; font-weight: inherit; font-stretch: inherit; font-size: inherit; line-height: inherit; vertical-align: middle; transition: all 0.1s ease-in-out 0s; display: inline-block; border-radius: 4px; color: #3b5998;\" href=\"http:\/\/www.facebook.com\/sharer.php?u=https:\/\/www.agenciabrasilia.df.gov.br\/2023\/02\/15\/curta-apoiado-pelo-fac-e-destaque-em-berlim\/\" target=\"_blank\" rel=\"noopener noreferrer\">\u00a0Facebook<\/a><a class=\"-whatsapp\" style=\"box-sizing: border-box; margin: 0px 0.4em 0px 0px; padding: 0.5em 0.4em 0.4em; border: 0px; font-style: inherit; font-variant: inherit; font-weight: inherit; font-stretch: inherit; font-size: inherit; line-height: inherit; vertical-align: middle; transition: all 0.1s ease-in-out 0s; display: inline-block; border-radius: 4px; color: #43d854;\" href=\"https:\/\/api.whatsapp.com\/send?text=https:\/\/www.agenciabrasilia.df.gov.br\/2023\/02\/15\/curta-apoiado-pelo-fac-e-destaque-em-berlim\/\" target=\"_blank\" rel=\"noopener noreferrer\">\u00a0Encaminhar<\/a><\/div>\n<\/div>\n<\/header>\n<article class=\"post\" style=\"box-sizing: border-box; margin: 0px auto; padding: 0px; border: 0px; font-variant-numeric: inherit; font-variant-east-asian: inherit; font-stretch: inherit; font-size: 18px; line-height: inherit; vertical-align: baseline; font-family: Regular, sans-serif; width: 660px; color: #000000;\">\n<p style=\"box-sizing: border-box; margin: 0px 0px 1.1em; padding: 0px; border: 0px; font-style: inherit; font-variant: inherit; font-stretch: inherit; line-height: 2; vertical-align: baseline;\">O curta-metragem brasiliense\u00a0<em style=\"box-sizing: border-box; margin: 0px; padding: 0px; border: 0px; font-variant: inherit; font-stretch: inherit; font-size: inherit; line-height: inherit; vertical-align: baseline;\">As Mi\u00e7angas<\/em>, dos diretores Rafaela Camelo e Emanuel Lavor, \u00e9 destaque na programa\u00e7\u00e3o de uma das mostras de cinema mais prestigiadas da Europa, a Berlinale, o Festival Internacional de Cinema de Berlim. A 73\u00aa edi\u00e7\u00e3o do evento ocorre entre os dias 16 e 26 de fevereiro e o projeto do DF tem estreia internacional dia 21. \u00c9 a \u00fanica produ\u00e7\u00e3o da Am\u00e9rica Latina a participar do certame paralelo, Berlinale Shorts, dedicado apenas a filmes nesta categoria de narrativas enxutas. Com aporte de R$ 80 mil do Fundo de Apoio \u00e0 Cultura (FAC) da Secretaria de Cultura e Economia Criativa (Secec), o filme tem como tema assunto pertinente: o aborto.<\/p>\n<figure id=\"attachment_475761\" class=\"wp-caption alignnone\" style=\"box-sizing: border-box; margin: 0px 0px 1.6em; padding: 0px; border: 0px; font-style: inherit; font-variant: inherit; font-weight: inherit; font-stretch: inherit; font-size: inherit; line-height: inherit; vertical-align: baseline; width: 675px; max-width: 100%;\"><img loading=\"lazy\" decoding=\"async\" class=\"wp-image-475761 size-full\" style=\"box-sizing: border-box; height: auto; max-width: 100%; margin: 0px 0px 0.3em; padding: 0px; border: 0px; font-style: inherit; font-variant: inherit; font-weight: inherit; font-stretch: inherit; font-size: inherit; line-height: inherit; vertical-align: baseline;\" src=\"http:\/\/agenciabrasilia.df.gov.br\/wp-conteudo\/uploads\/2023\/02\/As-Micangas-2-Divulgacao.png\" sizes=\"auto, (max-width: 675px) 100vw, 675px\" srcset=\"https:\/\/www.agenciabrasilia.df.gov.br\/wp-conteudo\/uploads\/2023\/02\/As-Micangas-2-Divulgacao.png 675w, https:\/\/www.agenciabrasilia.df.gov.br\/wp-conteudo\/uploads\/2023\/02\/As-Micangas-2-Divulgacao-300x200.png 300w\" alt=\"\" width=\"675\" height=\"450\" \/><figcaption id=\"caption-attachment-475761\" class=\"wp-caption-text\" style=\"box-sizing: border-box; margin: 5px 0px 0px; padding: 0px; border: 0px; font-style: inherit; font-variant: inherit; font-weight: inherit; font-stretch: inherit; font-size: 0.9em; line-height: 1.2; vertical-align: baseline; color: #666666;\">Protagonizado pelas atrizes T\u00edcia Ferraz e P\u00e2mela Germano, \u201c<span style=\"box-sizing: border-box; margin: 0px; padding: 0px; border: 0px; font-style: inherit; font-variant: inherit; font-weight: inherit; font-stretch: inherit; font-size: inherit; line-height: inherit; vertical-align: baseline;\">As Mi\u00e7angas\u201d<\/span>\u00a0mostra a trajet\u00f3ria de duas jovens que se recolhem para uma regi\u00e3o remota, urdindo um pacto de vida e morte em sil\u00eancio | Foto: Divulga\u00e7\u00e3o<\/figcaption><\/figure>\n<blockquote class=\"olho direita\" style=\"box-sizing: border-box; margin: 5px -198px 0px 30px; padding: 20px 0px; border-top: 0px; border-right: 0px; border-bottom: 0px; border-left: none; border-image: initial; font-style: inherit; font-variant: inherit; font-weight: inherit; font-stretch: inherit; font-size: 1.6rem; line-height: 0.7; vertical-align: baseline; quotes: none; background-image: initial; background-position: initial; background-size: initial; background-repeat: initial; background-attachment: initial; background-origin: initial; background-clip: initial; z-index: 9; position: relative; float: right; color: #006bb5; width: 396px;\"><p><span class=\"olho__texto h2 clearfix\" style=\"box-sizing: border-box; margin: 0px; padding: 0px; border: 0px; font-style: inherit; font-variant: inherit; font-weight: inherit; font-stretch: inherit; font-size: inherit; line-height: 33.28px; vertical-align: baseline; display: block; color: #1dbab4;\">\u201cEssa conquista representa muita coisa pra n\u00f3s! Na verdade, independentemente do resultado da competi\u00e7\u00e3o, estar nesse festival com um filme brasiliense, realizado por uma equipe majoritariamente feminina, com protagonistas mulheres e que fala sobre o aborto, j\u00e1 \u00e9 uma vit\u00f3ria\u201d<\/span><span class=\"olho__assinatura block\" style=\"box-sizing: border-box; margin: 10px 0px 0px; padding: 0px; border: 0px; font-style: inherit; font-variant: inherit; font-weight: inherit; font-stretch: inherit; font-size: 1rem; line-height: 1; vertical-align: baseline; color: #a7a9ac;\">T\u00edcia Ferraz, atriz de\u00a0<em style=\"box-sizing: border-box; margin: 0px; padding: 0px; border: 0px; font-variant: inherit; font-stretch: inherit; font-size: inherit; line-height: inherit; vertical-align: baseline;\">As Mi\u00e7angas<\/em><\/span><\/p><\/blockquote>\n<p style=\"box-sizing: border-box; margin: 0px 0px 1.1em; padding: 0px; border: 0px; font-style: inherit; font-variant: inherit; font-stretch: inherit; line-height: 2; vertical-align: baseline;\">\u201c\u00c9 maravilhoso estar representando o Brasil em um dos maiores festivais de cinema do mundo. Estamos concorrendo ao Urso de Ouro, e a possibilidade de vencer essa competi\u00e7\u00e3o nos deixa com borboletas no est\u00f4mago\u201d, diz, animada, a atriz T\u00edcia Ferraz, uma das protagonistas da trama com quase 20 minutos. \u201cEssa conquista representa muita coisa pra n\u00f3s! Na verdade, independentemente do resultado da competi\u00e7\u00e3o, estar nesse festival com um filme brasiliense, realizado por uma equipe majoritariamente feminina, com protagonistas mulheres e que fala sobre o aborto, j\u00e1 \u00e9 uma vit\u00f3ria\u201d, festeja.<\/p>\n<p style=\"box-sizing: border-box; margin: 0px 0px 1.1em; padding: 0px; border: 0px; font-style: inherit; font-variant: inherit; font-stretch: inherit; line-height: 2; vertical-align: baseline;\">Com trama abordando fortes quest\u00f5es femininas,\u00a0<em style=\"box-sizing: border-box; margin: 0px; padding: 0px; border: 0px; font-variant: inherit; font-stretch: inherit; font-size: inherit; line-height: inherit; vertical-align: baseline;\">As Mi\u00e7angas<\/em>\u00a0traz, do elenco a boa parte da equipe t\u00e9cnica \u2013 que envolve c\u00e2mera, assistente de c\u00e2mera, montagem, figurinos, som, m\u00fasica e produ\u00e7\u00e3o -, a figura onipresente da mulher em hist\u00f3ria que fala sobre respeito, cumplicidade e irmandade entre duas mulheres.<\/p>\n<p style=\"box-sizing: border-box; margin: 0px 0px 1.1em; padding: 0px; border: 0px; font-style: inherit; font-variant: inherit; font-stretch: inherit; line-height: 2; vertical-align: baseline;\">Ambientado no cerrado, com cenas rodadas em Ceil\u00e2ndia e N\u00facleo Rural Taquari (Lago Norte), o projeto, protagonizado pelas atrizes T\u00edcia Ferraz e P\u00e2mela Germano, flerta com o surreal ao mostrar a trajet\u00f3ria de duas jovens que se recolhem para uma regi\u00e3o remota, urdindo um pacto de vida e morte em sil\u00eancio. Uma delas \u00e9 submetida a um aborto, enquanto cabe \u00e0 outra cuidar da parceira de forma devota. Uma serpente viscosa, pesada e lenta, \u00e9 c\u00famplice desse parto prematuro \u00e0s escondidas.<\/p>\n<blockquote class=\"olho esquerda\" style=\"box-sizing: border-box; margin: 1em 30px 0px -198px; padding: 20px 0px; border-top: 0px; border-right: 0px; border-bottom: 0px; border-left: none; border-image: initial; font-style: inherit; font-variant: inherit; font-weight: inherit; font-stretch: inherit; font-size: 1.6rem; line-height: 1.4; vertical-align: baseline; quotes: none; background-image: initial; background-position: initial; background-size: initial; background-repeat: initial; background-attachment: initial; background-origin: initial; background-clip: initial; z-index: 9; position: relative; float: left; color: #006bb5; width: 396px; text-align: right;\"><p><span class=\"olho__texto h2 clearfix\" style=\"box-sizing: border-box; margin: 0px; padding: 0px; border: 0px; font-style: inherit; font-variant: inherit; font-weight: inherit; font-stretch: inherit; font-size: inherit; line-height: 33.28px; vertical-align: baseline; display: block; color: #1dbab4;\">\u201cO FAC \u00e9 o ente essencial, primordial e fundador deste projeto. Foi a partir do FAC que essa equipe se montou, que a gente teve motiva\u00e7\u00e3o para executar esse projeto\u201d<\/span><span class=\"olho__assinatura block\" style=\"box-sizing: border-box; margin: 10px 0px 0px; padding: 0px; border: 0px; font-style: inherit; font-variant: inherit; font-weight: inherit; font-stretch: inherit; font-size: 1rem; line-height: 1; vertical-align: baseline; color: #a7a9ac;\">Rafaela Camelo, diretora de\u00a0<em style=\"box-sizing: border-box; margin: 0px; padding: 0px; border: 0px; font-variant: inherit; font-stretch: inherit; font-size: inherit; line-height: inherit; vertical-align: baseline;\">As Mi\u00e7angas<\/em><\/span><\/p><\/blockquote>\n<p style=\"box-sizing: border-box; margin: 0px 0px 1.1em; padding: 0px; border: 0px; font-style: inherit; font-variant: inherit; font-stretch: inherit; line-height: 2; vertical-align: baseline;\">\u201c<em style=\"box-sizing: border-box; margin: 0px; padding: 0px; border: 0px; font-variant: inherit; font-stretch: inherit; font-size: inherit; line-height: inherit; vertical-align: baseline;\">As Mi\u00e7angas<\/em>\u00a0\u00e9 pra mim um filme ao mesmo tempo realista e fantasioso. Existe um encantamento e uma simplicidade que habita em todas as cenas nessa abordagem naturalista do aborto\u201d, observa a atriz T\u00edcia Ferraz.<\/p>\n<p style=\"box-sizing: border-box; margin: 0px 0px 1.1em; padding: 0px; border: 0px; font-style: inherit; font-variant: inherit; font-stretch: inherit; line-height: 2; vertical-align: baseline;\"><span style=\"box-sizing: border-box; margin: 0px; padding: 0px; border: 0px; font-style: inherit; font-variant: inherit; font-weight: bold; font-stretch: inherit; font-size: inherit; line-height: inherit; vertical-align: baseline;\">Import\u00e2ncia do FAC<\/span><\/p>\n<p style=\"box-sizing: border-box; margin: 0px 0px 1.1em; padding: 0px; border: 0px; font-style: inherit; font-variant: inherit; font-stretch: inherit; line-height: 2; vertical-align: baseline;\">Para a diretora Rafaela Camelo, o apoio do FAC foi imprescind\u00edvel para que o projeto alcan\u00e7asse voo t\u00e3o longe. \u201cO FAC \u00e9 o ente essencial, primordial e fundador deste projeto. Foi a partir do FAC que essa equipe se montou, que a gente teve motiva\u00e7\u00e3o para executar esse projeto\u201d, agradece.<\/p>\n<p style=\"box-sizing: border-box; margin: 0px 0px 1.1em; padding: 0px; border: 0px; font-style: inherit; font-variant: inherit; font-stretch: inherit; line-height: 2; vertical-align: baseline;\">O t\u00edtulo do filme, segundo a cineasta, \u00e9 uma refer\u00eancia \u00e0 maneira com que o medicamento utilizado no procedimento do aborto chega at\u00e9 as mulheres, que \u00e9 em um saco de mi\u00e7angas. \u201cO filme trata com muita sutileza e delicadeza essa pauta do aborto\u201d, refor\u00e7a a tamb\u00e9m diretora do premiado curta\u00a0<em style=\"box-sizing: border-box; margin: 0px; padding: 0px; border: 0px; font-variant: inherit; font-stretch: inherit; font-size: inherit; line-height: inherit; vertical-align: baseline;\">A Arte de Andar Pelas Ruas de Bras\u00edlia<\/em>.<\/p>\n<div class=\"relacionadas text-uppercase  direita\" style=\"box-sizing: border-box; margin: 0px -70px 20px 30px; padding: 0px; border: 0px; font-style: inherit; font-variant: inherit; font-weight: inherit; font-stretch: inherit; font-size: inherit; line-height: inherit; vertical-align: baseline; float: right; width: 330px; background-image: initial; background-position: initial; background-size: initial; background-repeat: initial; background-attachment: initial; background-origin: initial; background-clip: initial; position: relative;\">\n<p style=\"box-sizing: border-box; margin: 0px; padding: 0.2em 0.3em 0.1em; border: 0px; font-style: inherit; font-variant: inherit; font-stretch: inherit; font-size: 13px; line-height: 2; vertical-align: baseline; font-family: 'Titillium Web', sans-serif; color: #1dbab4; background-color: #006bb5 !important; display: inline-block !important;\"><span style=\"box-sizing: border-box; margin: 0px; padding: 0px; border: 0px; font-style: inherit; font-variant: inherit; font-weight: inherit; font-stretch: inherit; font-size: inherit; line-height: inherit; vertical-align: baseline; font-family: Regular, sans-serif;\">Leia tamb\u00e9m<\/span><\/p>\n<div class=\"relacionadas__post-leia-tambem bold clearfix\" style=\"box-sizing: border-box; margin: 0px; padding: 8px; border-width: 1px 0px; border-image: initial; font-style: inherit; font-variant: inherit; font-weight: inherit; font-stretch: inherit; font-size: inherit; line-height: inherit; vertical-align: baseline; display: table; width: 330px; border-color: #c1c2c4 initial #c1c2c4 initial; border-style: solid initial solid initial;\">\n<div class=\"relacionadas__thumb\" style=\"box-sizing: border-box; margin: 0px; padding: 0px; border: 0px; font-style: inherit; font-variant: inherit; font-weight: inherit; font-stretch: inherit; font-size: inherit; line-height: inherit; vertical-align: baseline;\"><img loading=\"lazy\" decoding=\"async\" class=\"attachment-thumbnail size-thumbnail wp-post-image\" style=\"box-sizing: border-box; margin: 11px 10px 0px 0px; padding: 0px; border: 0px; font-style: inherit; font-variant: inherit; font-weight: inherit; font-stretch: inherit; font-size: inherit; line-height: inherit; vertical-align: baseline; max-width: 100%; height: auto; width: auto; float: left;\" src=\"https:\/\/www.agenciabrasilia.df.gov.br\/wp-conteudo\/uploads\/2023\/01\/FTB-2022-Fotos-Arquivo-FTB-150x150.jpg\" alt=\"\" width=\"150\" height=\"150\" \/><\/div>\n<div class=\"clearfix relacionadas__texto\" style=\"box-sizing: border-box; margin: 0px; padding: 0px; border: 0px; font-style: inherit; font-variant: inherit; font-weight: inherit; font-stretch: inherit; font-size: inherit; line-height: inherit; vertical-align: middle; display: table-cell;\">\n<p style=\"box-sizing: border-box; margin: 0px 0px 1.1em; padding: 0px; border: 0px; font-style: inherit; font-variant: inherit; font-stretch: inherit; line-height: 2; vertical-align: baseline; font-family: 'Titillium Web', sans-serif; display: inline; color: #387abc;\"><span style=\"box-sizing: border-box; margin: 0px; padding: 0px; border: 0px; font-style: inherit; font-variant: inherit; font-weight: inherit; font-stretch: inherit; font-size: inherit; line-height: inherit; vertical-align: baseline; font-family: Regular, sans-serif;\">Festival seleciona espet\u00e1culos do DF para apresenta\u00e7\u00f5es no Rio de Janeiro<\/span><\/p>\n<\/div>\n<\/div>\n<div class=\"relacionadas__post-leia-tambem bold clearfix\" style=\"box-sizing: border-box; margin: 0px; padding: 8px; border-width: 0px 0px 1px; border-image: initial; font-style: inherit; font-variant: inherit; font-weight: inherit; font-stretch: inherit; font-size: inherit; line-height: inherit; vertical-align: baseline; display: table; width: 330px; border-color: initial initial #c1c2c4 initial; border-style: initial initial solid initial;\">\n<div class=\"relacionadas__thumb\" style=\"box-sizing: border-box; margin: 0px; padding: 0px; border: 0px; font-style: inherit; font-variant: inherit; font-weight: inherit; font-stretch: inherit; font-size: inherit; line-height: inherit; vertical-align: baseline;\"><img loading=\"lazy\" decoding=\"async\" class=\"attachment-thumbnail size-thumbnail wp-post-image\" style=\"box-sizing: border-box; margin: 11px 10px 0px 0px; padding: 0px; border: 0px; font-style: inherit; font-variant: inherit; font-weight: inherit; font-stretch: inherit; font-size: inherit; line-height: inherit; vertical-align: baseline; max-width: 100%; height: auto; width: auto; float: left;\" src=\"https:\/\/www.agenciabrasilia.df.gov.br\/wp-conteudo\/uploads\/2023\/01\/WhatsApp-Image-2023-01-25-at-12.36.30-1-150x150.jpeg\" alt=\"\" width=\"150\" height=\"150\" \/><\/div>\n<div class=\"clearfix relacionadas__texto\" style=\"box-sizing: border-box; margin: 0px; padding: 0px; border: 0px; font-style: inherit; font-variant: inherit; font-weight: inherit; font-stretch: inherit; font-size: inherit; line-height: inherit; vertical-align: middle; display: table-cell;\">\n<p style=\"box-sizing: border-box; margin: 0px 0px 1.1em; padding: 0px; border: 0px; font-style: inherit; font-variant: inherit; font-stretch: inherit; line-height: 2; vertical-align: baseline; font-family: 'Titillium Web', sans-serif; display: inline; color: #387abc;\"><span style=\"box-sizing: border-box; margin: 0px; padding: 0px; border: 0px; font-style: inherit; font-variant: inherit; font-weight: inherit; font-stretch: inherit; font-size: inherit; line-height: inherit; vertical-align: baseline; font-family: Regular, sans-serif;\">Projeto convida mulheres a participarem de performance art\u00edstica<\/span><\/p>\n<\/div>\n<\/div>\n<\/div>\n<p style=\"box-sizing: border-box; margin: 0px 0px 1.1em; padding: 0px; border: 0px; font-style: inherit; font-variant: inherit; font-stretch: inherit; line-height: 2; vertical-align: baseline;\">De acordo com dados da Organiza\u00e7\u00e3o Mundial da Sa\u00fade (OMS), cerca de 800 mil mulheres praticam abortos todos os anos no Brasil. Desse montante, pelo menos 200 mil recorrem ao SUS para tratar as sequelas de procedimentos mal feitos. \u201c\u00c9 um tema que, por si s\u00f3, levanta muitas quest\u00f5es. \u00c9 uma tem\u00e1tica que j\u00e1 est\u00e1 posicionada como problema de sa\u00fade p\u00fablica, n\u00e3o s\u00f3 no Brasil, mas, como em todo o mundo, \u00e9 uma tem\u00e1tica cotidiana, atual e atemporal\u201d, destaca o codiretor Emanuel Lavor.<\/p>\n<p style=\"box-sizing: border-box; margin: 0px 0px 1.1em; padding: 0px; border: 0px; font-style: inherit; font-variant: inherit; font-stretch: inherit; line-height: 2; vertical-align: baseline;\">O curta brasiliense vai concorrer com produ\u00e7\u00f5es de pa\u00edses como Fran\u00e7a, Inglaterra, \u00c1ustria, Estados Unidos, Espanha, Ucr\u00e2nia, Est\u00f4nia, Alemanha, China, Ruanda, Su\u00ed\u00e7a e Austr\u00e1lia. O resultado da competi\u00e7\u00e3o ser\u00e1 divulgado em 25 de fevereiro.<\/p>\n<p style=\"box-sizing: border-box; margin: 0px 0px 1.1em; padding: 0px; border: 0px; font-style: inherit; font-variant: inherit; font-stretch: inherit; line-height: 2; vertical-align: baseline;\"><em style=\"box-sizing: border-box; margin: 0px; padding: 0px; border: 0px; font-variant: inherit; font-stretch: inherit; font-size: inherit; line-height: inherit; vertical-align: baseline;\">*Com informa\u00e7\u00f5es da Secec<\/em><\/p>\n<\/article>\n","protected":false},"excerpt":{"rendered":"<header style=\"box-sizing: border-box; margin: 0px auto 3em; padding: 0px; border-width: 0px 0px 2px; border-image: initial; font-variant-numeric: inherit; font-variant-east-asian: inherit; font-stretch: inherit; font-size: 18px; line-height: inherit; vertical-align: baseline; font-family: Regular, sans-serif; max-width: 980px; color: #000000; border-color: initial initial #999999 initial; border-style: initial initial solid initial;\">\n<h1>Com equipe majoritariamente feminina e ambienta\u00e7\u00e3o em Ceil\u00e2ndia e Lago Norte, &#8220;As Mi\u00e7angas&#8221; aborda o tema do aborto<\/h1>\n<p>Ag\u00eancia Bras\u00edlia* | Edi\u00e7\u00e3o: Saulo Moreno<\/p>\n","protected":false},"author":3,"featured_media":0,"comment_status":"open","ping_status":"open","sticky":false,"template":"","format":"standard","meta":{"_monsterinsights_skip_tracking":false,"_monsterinsights_sitenote_active":false,"_monsterinsights_sitenote_note":"","_monsterinsights_sitenote_category":0,"footnotes":""},"categories":[34],"tags":[],"class_list":["post-764","post","type-post","status-publish","format-standard","hentry","category-destaque"],"_links":{"self":[{"href":"https:\/\/cidadecult.com.br\/index.php?rest_route=\/wp\/v2\/posts\/764","targetHints":{"allow":["GET"]}}],"collection":[{"href":"https:\/\/cidadecult.com.br\/index.php?rest_route=\/wp\/v2\/posts"}],"about":[{"href":"https:\/\/cidadecult.com.br\/index.php?rest_route=\/wp\/v2\/types\/post"}],"author":[{"embeddable":true,"href":"https:\/\/cidadecult.com.br\/index.php?rest_route=\/wp\/v2\/users\/3"}],"replies":[{"embeddable":true,"href":"https:\/\/cidadecult.com.br\/index.php?rest_route=%2Fwp%2Fv2%2Fcomments&post=764"}],"version-history":[{"count":0,"href":"https:\/\/cidadecult.com.br\/index.php?rest_route=\/wp\/v2\/posts\/764\/revisions"}],"wp:attachment":[{"href":"https:\/\/cidadecult.com.br\/index.php?rest_route=%2Fwp%2Fv2%2Fmedia&parent=764"}],"wp:term":[{"taxonomy":"category","embeddable":true,"href":"https:\/\/cidadecult.com.br\/index.php?rest_route=%2Fwp%2Fv2%2Fcategories&post=764"},{"taxonomy":"post_tag","embeddable":true,"href":"https:\/\/cidadecult.com.br\/index.php?rest_route=%2Fwp%2Fv2%2Ftags&post=764"}],"curies":[{"name":"wp","href":"https:\/\/api.w.org\/{rel}","templated":true}]}}