{"id":7554,"date":"2024-09-13T10:02:26","date_gmt":"2024-09-13T13:02:26","guid":{"rendered":"https:\/\/cidadecult.com.br\/?p=7554"},"modified":"2024-09-13T10:02:50","modified_gmt":"2024-09-13T13:02:50","slug":"rock-in-rio-2024-comeca-hoje-prepare-se-para-uma-explosao-de-musica-e-emocao","status":"publish","type":"post","link":"https:\/\/cidadecult.com.br\/?p=7554","title":{"rendered":"Rock in Rio 2024 come\u00e7a hoje ! prepare-se para uma explos\u00e3o de m\u00fasica e emo\u00e7\u00e3o"},"content":{"rendered":"\n<p><em>Foto: Fernando Fraz\u00e3o<\/em><\/p>\n\n\n\n<p>Chegou o momento que todos esperavam!. O &#8220;<strong>Rock in Rio 2024<\/strong>&#8221; est\u00e1 oficialmente &#8220;ON&#8221;, trazendo uma edi\u00e7\u00e3o \u00e9pica que celebra os <strong>40 anos<\/strong> do festival mais amado do mundo!. A festa vai at\u00e9 o <strong>dia 22 de setembro<\/strong>, e voc\u00ea n\u00e3o vai querer perder um minuto dessa experi\u00eancia!<\/p>\n\n\n\n<p>Entre as atra\u00e7\u00f5es est\u00e3o gigantes da m\u00fasica como <strong>Ludmilla, Katy Perry, Will Smith, Ed Sheeran, Ivete Sangalo, Mariah Carey e Shawn Mendes<\/strong>. T\u00e1 bom ou quer mais? <\/p>\n\n\n\n<p><strong>Como chegar?<\/strong> Esque\u00e7a o carro!. O melhor jeito de curtir sem preocupa\u00e7\u00e3o \u00e9 de <strong>BRT Expresso Rock in Rio<\/strong>, ou com o transporte oficial <strong>Primeira Classe<\/strong>, que te leva direto pra Cidade do Rock com todo conforto. <\/p>\n\n\n\n<p>E n\u00e3o \u00e9 s\u00f3 m\u00fasica que faz esse evento grandioso. Com mais de <strong>8 mil profissionais de seguran\u00e7a<\/strong> e um impacto estimado de <strong>R$ 2,6 bilh\u00f5es<\/strong> na economia do Rio, <strong>o Rock in Rio vai mexer com a cidade toda !<\/strong><\/p>\n\n\n\n<p><strong>Fique ligado em cada detalhe e, claro, prepare-se para momentos inesquec\u00edveis! <\/strong><\/p>\n\n\n\n<p><\/p>\n","protected":false},"excerpt":{"rendered":"<p>Foto: Fernando Fraz\u00e3o Chegou o momento que todos esperavam!. O &#8220;Rock in Rio 2024&#8221; est\u00e1 oficialmente &#8220;ON&#8221;, trazendo uma edi\u00e7\u00e3o \u00e9pica que celebra os 40 anos do festival mais amado do mundo!. A festa vai at\u00e9 o dia 22 de setembro, e voc\u00ea n\u00e3o vai querer perder um minuto dessa experi\u00eancia! Entre as atra\u00e7\u00f5es est\u00e3o [&hellip;]<\/p>\n","protected":false},"author":1441,"featured_media":7555,"comment_status":"open","ping_status":"open","sticky":false,"template":"","format":"standard","meta":{"_monsterinsights_skip_tracking":false,"_monsterinsights_sitenote_active":false,"_monsterinsights_sitenote_note":"","_monsterinsights_sitenote_category":0,"footnotes":""},"categories":[54],"tags":[439,423,487,2671,2673,2670,2668,2675,2672],"class_list":["post-7554","post","type-post","status-publish","format-standard","has-post-thumbnail","hentry","category-brasil","tag-brasil-2","tag-cidadecultpordentro-2","tag-destaque","tag-edsheeran","tag-ivetesangalo","tag-katyperry","tag-rockinrio24","tag-shawnmendes","tag-willsmith"],"_links":{"self":[{"href":"https:\/\/cidadecult.com.br\/index.php?rest_route=\/wp\/v2\/posts\/7554","targetHints":{"allow":["GET"]}}],"collection":[{"href":"https:\/\/cidadecult.com.br\/index.php?rest_route=\/wp\/v2\/posts"}],"about":[{"href":"https:\/\/cidadecult.com.br\/index.php?rest_route=\/wp\/v2\/types\/post"}],"author":[{"embeddable":true,"href":"https:\/\/cidadecult.com.br\/index.php?rest_route=\/wp\/v2\/users\/1441"}],"replies":[{"embeddable":true,"href":"https:\/\/cidadecult.com.br\/index.php?rest_route=%2Fwp%2Fv2%2Fcomments&post=7554"}],"version-history":[{"count":1,"href":"https:\/\/cidadecult.com.br\/index.php?rest_route=\/wp\/v2\/posts\/7554\/revisions"}],"predecessor-version":[{"id":7556,"href":"https:\/\/cidadecult.com.br\/index.php?rest_route=\/wp\/v2\/posts\/7554\/revisions\/7556"}],"wp:featuredmedia":[{"embeddable":true,"href":"https:\/\/cidadecult.com.br\/index.php?rest_route=\/wp\/v2\/media\/7555"}],"wp:attachment":[{"href":"https:\/\/cidadecult.com.br\/index.php?rest_route=%2Fwp%2Fv2%2Fmedia&parent=7554"}],"wp:term":[{"taxonomy":"category","embeddable":true,"href":"https:\/\/cidadecult.com.br\/index.php?rest_route=%2Fwp%2Fv2%2Fcategories&post=7554"},{"taxonomy":"post_tag","embeddable":true,"href":"https:\/\/cidadecult.com.br\/index.php?rest_route=%2Fwp%2Fv2%2Ftags&post=7554"}],"curies":[{"name":"wp","href":"https:\/\/api.w.org\/{rel}","templated":true}]}}