{"id":7527,"date":"2024-09-12T09:17:44","date_gmt":"2024-09-12T12:17:44","guid":{"rendered":"https:\/\/cidadecult.com.br\/?p=7527"},"modified":"2024-09-12T09:17:46","modified_gmt":"2024-09-12T12:17:46","slug":"leci-brandao-80-anos-de-historia-musica-e-ativismo","status":"publish","type":"post","link":"https:\/\/cidadecult.com.br\/?p=7527","title":{"rendered":"Leci Brand\u00e3o: 80 anos de hist\u00f3ria, m\u00fasica e ativismo"},"content":{"rendered":"\n<p><em>Foto: Leandro Almeida <\/em><\/p>\n\n\n\n<p><strong>Hoje, nesta quinta-feira, 12 de setembro, Leci Brand\u00e3o chega aos 80 anos, celebrando uma vida de dedica\u00e7\u00e3o \u00e0 m\u00fasica e \u00e0 defesa dos direitos sociais. Uma das vozes mais respeitadas do samba e da pol\u00edtica, Leci foi pioneira ao se tornar a primeira mulher a integrar a ala de compositores da Esta\u00e7\u00e3o Primeira de Mangueira, mostrando seu talento e rompendo barreiras em um dos espa\u00e7os mais tradicionais do samba.<\/strong><\/p>\n\n\n\n<p><strong>Al\u00e9m de sua carreira musical, marcada por can\u00e7\u00f5es que abordam temas sociais e culturais, Leci tamb\u00e9m \u00e9 uma figura importante na pol\u00edtica<\/strong>. <strong>Em seu quarto mandato como deputada estadual em S\u00e3o Paulo, ela continua atuando em prol das causas que sempre defendeu, como a igualdade racial, a luta contra o preconceito e a valoriza\u00e7\u00e3o das religi\u00f5es de matriz africana.<\/strong><\/p>\n\n\n\n<p>Sua trajet\u00f3ria de supera\u00e7\u00e3o inclui momentos de desafios pessoais, como a fase de depress\u00e3o que enfrentou, mas que superou com a ajuda espiritual encontrada no terreiro do Caboclo Rei das Ervas, em S\u00e3o Gon\u00e7alo. Esse reencontro com sua f\u00e9 foi crucial para a retomada de sua carreira musical, que a levou a conquistar um disco de ouro.<\/p>\n\n\n\n<p>A hist\u00f3ria de Leci \u00e9 t\u00e3o marcante que virou tema do musical <strong>Leci Brand\u00e3o \u2013 na palma da m\u00e3o<\/strong>, que estreou em<strong> 2023<\/strong> e tem emocionado o p\u00fablico ao apresentar sua vida de forma aut\u00eantica e inspiradora.<\/p>\n\n\n\n<p>A celebra\u00e7\u00e3o de seus 80 anos \u00e9 mais do que um marco pessoal; \u00e9 uma oportunidade para refletir sobre o impacto positivo que Leci Brand\u00e3o teve na cultura e na sociedade. Que sua jornada continua a inspirar e a abrir caminhos para futuras gera\u00e7\u00f5es.<\/p>\n","protected":false},"excerpt":{"rendered":"<p>Foto: Leandro Almeida Hoje, nesta quinta-feira, 12 de setembro, Leci Brand\u00e3o chega aos 80 anos, celebrando uma vida de dedica\u00e7\u00e3o \u00e0 m\u00fasica e \u00e0 defesa dos direitos sociais. Uma das vozes mais respeitadas do samba e da pol\u00edtica, Leci foi pioneira ao se tornar a primeira mulher a integrar a ala de compositores da Esta\u00e7\u00e3o [&hellip;]<\/p>\n","protected":false},"author":1441,"featured_media":7528,"comment_status":"open","ping_status":"open","sticky":false,"template":"","format":"standard","meta":{"_monsterinsights_skip_tracking":false,"_monsterinsights_sitenote_active":false,"_monsterinsights_sitenote_note":"","_monsterinsights_sitenote_category":0,"footnotes":""},"categories":[54],"tags":[439,423,2659,579],"class_list":["post-7527","post","type-post","status-publish","format-standard","has-post-thumbnail","hentry","category-brasil","tag-brasil-2","tag-cidadecultpordentro-2","tag-lecibrandao","tag-musica-2"],"_links":{"self":[{"href":"https:\/\/cidadecult.com.br\/index.php?rest_route=\/wp\/v2\/posts\/7527","targetHints":{"allow":["GET"]}}],"collection":[{"href":"https:\/\/cidadecult.com.br\/index.php?rest_route=\/wp\/v2\/posts"}],"about":[{"href":"https:\/\/cidadecult.com.br\/index.php?rest_route=\/wp\/v2\/types\/post"}],"author":[{"embeddable":true,"href":"https:\/\/cidadecult.com.br\/index.php?rest_route=\/wp\/v2\/users\/1441"}],"replies":[{"embeddable":true,"href":"https:\/\/cidadecult.com.br\/index.php?rest_route=%2Fwp%2Fv2%2Fcomments&post=7527"}],"version-history":[{"count":1,"href":"https:\/\/cidadecult.com.br\/index.php?rest_route=\/wp\/v2\/posts\/7527\/revisions"}],"predecessor-version":[{"id":7529,"href":"https:\/\/cidadecult.com.br\/index.php?rest_route=\/wp\/v2\/posts\/7527\/revisions\/7529"}],"wp:featuredmedia":[{"embeddable":true,"href":"https:\/\/cidadecult.com.br\/index.php?rest_route=\/wp\/v2\/media\/7528"}],"wp:attachment":[{"href":"https:\/\/cidadecult.com.br\/index.php?rest_route=%2Fwp%2Fv2%2Fmedia&parent=7527"}],"wp:term":[{"taxonomy":"category","embeddable":true,"href":"https:\/\/cidadecult.com.br\/index.php?rest_route=%2Fwp%2Fv2%2Fcategories&post=7527"},{"taxonomy":"post_tag","embeddable":true,"href":"https:\/\/cidadecult.com.br\/index.php?rest_route=%2Fwp%2Fv2%2Ftags&post=7527"}],"curies":[{"name":"wp","href":"https:\/\/api.w.org\/{rel}","templated":true}]}}