{"id":7441,"date":"2024-09-19T13:19:26","date_gmt":"2024-09-19T16:19:26","guid":{"rendered":"https:\/\/cidadecult.com.br\/?p=7441"},"modified":"2024-09-19T13:20:00","modified_gmt":"2024-09-19T16:20:00","slug":"cia-burlesca-apresenta-a-aurora-um-espetaculo-sobre-educacao-e-tranformacao","status":"publish","type":"post","link":"https:\/\/cidadecult.com.br\/?p=7441","title":{"rendered":"Cia Burlesca apresenta &#8220;A Aurora&#8221; um espet\u00e1culo sobre educa\u00e7\u00e3o e tranforma\u00e7\u00e3o"},"content":{"rendered":"\n<p><em>Foto\/divulga\u00e7\u00e3o<\/em><\/p>\n\n\n\n<p><strong>Bras\u00edlia, prepare-se para uma experi\u00eancia teatral \u00fanica!<\/strong>. A Cia Burlesca est\u00e1 circulando com seu novo espet\u00e1culo, <strong>&#8220;A Aurora&#8221;<\/strong>, que celebra o poder transformador da educa\u00e7\u00e3o. Inspirado no livro <em>A Revolu\u00e7\u00e3o de Anita<\/em> de Shirley Langer, e no esp\u00edrito da campanha &#8220;Sim, eu posso&#8221; de erradica\u00e7\u00e3o do analfabetismo, este espet\u00e1culo promete tocar e inspirar a todos.<\/p>\n\n\n\n<p>\ud83c\udf1f <strong>Sobre o espet\u00e1culo:<\/strong><br>&#8220;A Aurora&#8221; \u00e9 o primeiro solo da atriz <strong>Julie Wetzel,<\/strong> com dire\u00e7\u00e3o de <strong>Patr\u00edcia Barros e Lyvian Sena<\/strong>. A pe\u00e7a \u00e9 uma ode \u00e0 educa\u00e7\u00e3o como ferramenta de liberta\u00e7\u00e3o e realiza\u00e7\u00e3o pessoal. O espet\u00e1culo aborda o desejo de educadores e educadoras em garantir o acesso \u00e0 leitura e escrita, apresentando uma narrativa que valoriza a educa\u00e7\u00e3o como um meio de empoderamento.<\/p>\n\n\n\n<p>O espet\u00e1culo ser\u00e1 apresentado gratuitamente em diversas escolas p\u00fablicas e espa\u00e7os culturais do DF, incluindo regi\u00f5es como Brazl\u00e2ndia, Ceil\u00e2ndia, Planaltina, Plano Piloto, Santa Maria, S\u00e3o Sebasti\u00e3o e Taguatinga. As apresenta\u00e7\u00f5es ocorrer\u00e3o entre setembro e outubro de 2024, promovendo um interc\u00e2mbio cultural e educativo essencial para a comunidade.<\/p>\n\n\n\n<p>\ud83d\udcc5 <strong>Agenda de apresenta\u00e7\u00f5es:<\/strong><\/p>\n\n\n\n<ul class=\"wp-block-list\">\n<li><strong>12\/09:<\/strong> CED S\u00e3o Bartolomeu, S\u00e3o Sebasti\u00e3o &#8211; 20h30<\/li>\n\n\n\n<li><strong>19\/09:<\/strong> CEF 201, Santa Maria &#8211; 19h30<\/li>\n\n\n\n<li><strong>26\/09:<\/strong> CED INCRA 09, Ceil\u00e2ndia &#8211; 19h30<\/li>\n\n\n\n<li><strong>28\/09:<\/strong> Espa\u00e7o Moinho de Vento, Santa Maria &#8211; 20h30<\/li>\n\n\n\n<li><strong>29\/09:<\/strong> Mercado Sul, Taguatinga &#8211; 18h30<\/li>\n\n\n\n<li><strong>03\/10:<\/strong> Escola Meninos e Meninas do Parque da Cidade, Asa Sul &#8211; 14h30<\/li>\n\n\n\n<li><strong>04\/10:<\/strong> Casa dos 4, Asa Norte &#8211; 20h00<\/li>\n\n\n\n<li><strong>05\/10:<\/strong> Comuna Panteras Negras, Planaltina &#8211; 20h00<\/li>\n<\/ul>\n\n\n\n<p>\ud83c\udf9f\ufe0f <strong>Servi\u00e7o:<\/strong><\/p>\n\n\n\n<ul class=\"wp-block-list\">\n<li><strong>Ingressos:<\/strong> Entrada gratuita<\/li>\n\n\n\n<li><strong>Acessibilidade:<\/strong> Interpreta\u00e7\u00e3o de Libras e Audiodescri\u00e7\u00e3o<\/li>\n\n\n\n<li><strong>Dura\u00e7\u00e3o:<\/strong> 50 minutos<\/li>\n\n\n\n<li><strong>Classifica\u00e7\u00e3o:<\/strong> Livre<\/li>\n<\/ul>\n\n\n\n<p><strong>N\u00e3o perca a oportunidade de vivenciar um espet\u00e1culo que destaca a import\u00e2ncia da educa\u00e7\u00e3o como um caminho para a realiza\u00e7\u00e3o dos sonhos e transforma\u00e7\u00e3o social!<\/strong><\/p>\n\n\n\n<p>Para mais informa\u00e7\u00f5es e atualiza\u00e7\u00f5es, siga a Cia Burlesca no <a href=\"https:\/\/www.instagram.com\/ciaburlesca\">Instagram<\/a> ou entre em contato com Pedro Caroca pelo telefone \ud83d\udcde (61) 98173-3450.<\/p>\n","protected":false},"excerpt":{"rendered":"<p>Foto\/divulga\u00e7\u00e3o Bras\u00edlia, prepare-se para uma experi\u00eancia teatral \u00fanica!. A Cia Burlesca est\u00e1 circulando com seu novo espet\u00e1culo, &#8220;A Aurora&#8221;, que celebra o poder transformador da educa\u00e7\u00e3o. Inspirado no livro A Revolu\u00e7\u00e3o de Anita de Shirley Langer, e no esp\u00edrito da campanha &#8220;Sim, eu posso&#8221; de erradica\u00e7\u00e3o do analfabetismo, este espet\u00e1culo promete tocar e inspirar a [&hellip;]<\/p>\n","protected":false},"author":1441,"featured_media":7442,"comment_status":"open","ping_status":"open","sticky":false,"template":"","format":"standard","meta":{"_monsterinsights_skip_tracking":false,"_monsterinsights_sitenote_active":false,"_monsterinsights_sitenote_note":"","_monsterinsights_sitenote_category":0,"footnotes":""},"categories":[41,2569,17],"tags":[429,423],"class_list":["post-7441","post","type-post","status-publish","format-standard","has-post-thumbnail","hentry","category-agenda","category-arte","category-bsb","tag-brasilia-3","tag-cidadecultpordentro-2"],"_links":{"self":[{"href":"https:\/\/cidadecult.com.br\/index.php?rest_route=\/wp\/v2\/posts\/7441","targetHints":{"allow":["GET"]}}],"collection":[{"href":"https:\/\/cidadecult.com.br\/index.php?rest_route=\/wp\/v2\/posts"}],"about":[{"href":"https:\/\/cidadecult.com.br\/index.php?rest_route=\/wp\/v2\/types\/post"}],"author":[{"embeddable":true,"href":"https:\/\/cidadecult.com.br\/index.php?rest_route=\/wp\/v2\/users\/1441"}],"replies":[{"embeddable":true,"href":"https:\/\/cidadecult.com.br\/index.php?rest_route=%2Fwp%2Fv2%2Fcomments&post=7441"}],"version-history":[{"count":1,"href":"https:\/\/cidadecult.com.br\/index.php?rest_route=\/wp\/v2\/posts\/7441\/revisions"}],"predecessor-version":[{"id":7443,"href":"https:\/\/cidadecult.com.br\/index.php?rest_route=\/wp\/v2\/posts\/7441\/revisions\/7443"}],"wp:featuredmedia":[{"embeddable":true,"href":"https:\/\/cidadecult.com.br\/index.php?rest_route=\/wp\/v2\/media\/7442"}],"wp:attachment":[{"href":"https:\/\/cidadecult.com.br\/index.php?rest_route=%2Fwp%2Fv2%2Fmedia&parent=7441"}],"wp:term":[{"taxonomy":"category","embeddable":true,"href":"https:\/\/cidadecult.com.br\/index.php?rest_route=%2Fwp%2Fv2%2Fcategories&post=7441"},{"taxonomy":"post_tag","embeddable":true,"href":"https:\/\/cidadecult.com.br\/index.php?rest_route=%2Fwp%2Fv2%2Ftags&post=7441"}],"curies":[{"name":"wp","href":"https:\/\/api.w.org\/{rel}","templated":true}]}}