{"id":7437,"date":"2024-09-19T13:20:35","date_gmt":"2024-09-19T16:20:35","guid":{"rendered":"https:\/\/cidadecult.com.br\/?p=7437"},"modified":"2024-09-19T13:20:17","modified_gmt":"2024-09-19T16:20:17","slug":"choro-livre-convida-uma-noite-de-musica-incrivel-no-complexo-cultural-do-choro","status":"publish","type":"post","link":"https:\/\/cidadecult.com.br\/?p=7437","title":{"rendered":"Choro Livre Convida: uma noite de m\u00fasica incr\u00ecvel no Complexo Cultural do Choro"},"content":{"rendered":"\n<p><em>Foto\/divulga\u00e7\u00e3o<\/em><\/p>\n\n\n\n<p>Nesta quarta-feira, 11 de setembro, o <strong>Complexo Cultural do Choro<\/strong> promete uma noite repleta de ritmos e emo\u00e7\u00e3o com o evento <strong>Choro Livre Convida<\/strong>. A partir das 19h30, o Clube do Choro receber\u00e1 um <strong>lineup<\/strong> de peso, unindo o melhor do samba, jazz e MPB. \ud83c\udfb6<\/p>\n\n\n\n<p>O <strong>Choro Livre<\/strong>, renomado regional de Bras\u00edlia, estar\u00e1 acompanhado por tr\u00eas gigantes da m\u00fasica local:<\/p>\n\n\n\n<ul class=\"wp-block-list\">\n<li><strong>Milsinho<\/strong>: Um multi-instrumentista e cantor com uma carreira de 35 anos, passando por grupos de samba ic\u00f4nicos como \u201cAmor Maior\u201d e \u201cFundo de Quintal\u201d. Milsinho tamb\u00e9m \u00e9 produtor e arranjador, al\u00e9m de atuar como diretor musical de espet\u00e1culos teatrais.<\/li>\n\n\n\n<li><strong>Jackson Delano<\/strong>: Reconhecido saxofonista e clarinetista que j\u00e1 colaborou com grandes nomes como Hamilton de Holanda e Nelson Sargento. Delano tem uma carreira internacional, com excurs\u00f5es pela Europa, Estados Unidos e Am\u00e9rica do Sul, e atualmente integra a Orquestra Sinf\u00f4nica da For\u00e7a A\u00e9rea Brasileira.<\/li>\n\n\n\n<li><strong>Mateus Timponi (Timpas)<\/strong>: Percussionista talentoso e especialista no pandeiro de couro, Timponi \u00e9 conhecido por seu trabalho com o Choro Raiz e sua presen\u00e7a marcante nas rodas de choro de Bras\u00edlia.<\/li>\n<\/ul>\n\n\n\n<p>Com uma hist\u00f3ria de 30 anos e 38 pa\u00edses visitados, o <strong>Choro Livre<\/strong> \u00e9 um dos \u00edcones do choro em Bras\u00edlia, tendo dividido o palco com lendas como Paulo Moura e Dominguinhos. \ud83c\udf0d<\/p>\n\n\n\n<p>O evento \u00e9 gratuito e aberto ao p\u00fablico, refor\u00e7ando a import\u00e2ncia do apoio \u00e0 cultura local. O patroc\u00ednio Master da <strong>Shell<\/strong> destaca o compromisso com a preserva\u00e7\u00e3o e dissemina\u00e7\u00e3o da m\u00fasica popular brasileira.<\/p>\n\n\n\n<p><strong>Servi\u00e7o:<\/strong><\/p>\n\n\n\n<ul class=\"wp-block-list\">\n<li><strong>Data:<\/strong> 11 de setembro (quarta-feira)<\/li>\n\n\n\n<li><strong>Hora:<\/strong> 19h30<\/li>\n\n\n\n<li><strong>Local:<\/strong> Espa\u00e7o Cultural do Choro &#8211; Setor de Divulga\u00e7\u00e3o Cultural \u2013 Eixo Monumental<\/li>\n\n\n\n<li><strong>Contato:<\/strong> (61) 3226-3969<\/li>\n<\/ul>\n\n\n\n<p><strong>N\u00e3o perca essa chance de vivenciar uma noite memor\u00e1vel com o melhor do choro e da m\u00fasica brasileira!<\/strong><\/p>\n","protected":false},"excerpt":{"rendered":"<p>Foto\/divulga\u00e7\u00e3o Nesta quarta-feira, 11 de setembro, o Complexo Cultural do Choro promete uma noite repleta de ritmos e emo\u00e7\u00e3o com o evento Choro Livre Convida. A partir das 19h30, o Clube do Choro receber\u00e1 um lineup de peso, unindo o melhor do samba, jazz e MPB. \ud83c\udfb6 O Choro Livre, renomado regional de Bras\u00edlia, estar\u00e1 [&hellip;]<\/p>\n","protected":false},"author":1441,"featured_media":7438,"comment_status":"open","ping_status":"open","sticky":false,"template":"","format":"standard","meta":{"_monsterinsights_skip_tracking":false,"_monsterinsights_sitenote_active":false,"_monsterinsights_sitenote_note":"","_monsterinsights_sitenote_category":0,"footnotes":""},"categories":[17,35],"tags":[1284,403,1183,2615],"class_list":["post-7437","post","type-post","status-publish","format-standard","has-post-thumbnail","hentry","category-bsb","category-business-news365","tag-chorolivreconvida","tag-cidadecult-2","tag-complexoculturaldochoro","tag-lineup"],"_links":{"self":[{"href":"https:\/\/cidadecult.com.br\/index.php?rest_route=\/wp\/v2\/posts\/7437","targetHints":{"allow":["GET"]}}],"collection":[{"href":"https:\/\/cidadecult.com.br\/index.php?rest_route=\/wp\/v2\/posts"}],"about":[{"href":"https:\/\/cidadecult.com.br\/index.php?rest_route=\/wp\/v2\/types\/post"}],"author":[{"embeddable":true,"href":"https:\/\/cidadecult.com.br\/index.php?rest_route=\/wp\/v2\/users\/1441"}],"replies":[{"embeddable":true,"href":"https:\/\/cidadecult.com.br\/index.php?rest_route=%2Fwp%2Fv2%2Fcomments&post=7437"}],"version-history":[{"count":1,"href":"https:\/\/cidadecult.com.br\/index.php?rest_route=\/wp\/v2\/posts\/7437\/revisions"}],"predecessor-version":[{"id":7439,"href":"https:\/\/cidadecult.com.br\/index.php?rest_route=\/wp\/v2\/posts\/7437\/revisions\/7439"}],"wp:featuredmedia":[{"embeddable":true,"href":"https:\/\/cidadecult.com.br\/index.php?rest_route=\/wp\/v2\/media\/7438"}],"wp:attachment":[{"href":"https:\/\/cidadecult.com.br\/index.php?rest_route=%2Fwp%2Fv2%2Fmedia&parent=7437"}],"wp:term":[{"taxonomy":"category","embeddable":true,"href":"https:\/\/cidadecult.com.br\/index.php?rest_route=%2Fwp%2Fv2%2Fcategories&post=7437"},{"taxonomy":"post_tag","embeddable":true,"href":"https:\/\/cidadecult.com.br\/index.php?rest_route=%2Fwp%2Fv2%2Ftags&post=7437"}],"curies":[{"name":"wp","href":"https:\/\/api.w.org\/{rel}","templated":true}]}}