{"id":7394,"date":"2024-09-06T12:21:53","date_gmt":"2024-09-06T15:21:53","guid":{"rendered":"https:\/\/cidadecult.com.br\/?p=7394"},"modified":"2024-09-06T12:21:55","modified_gmt":"2024-09-06T15:21:55","slug":"atencao-esplanada-fecha-para-o-desfile-do-7-de-setembro","status":"publish","type":"post","link":"https:\/\/cidadecult.com.br\/?p=7394","title":{"rendered":"Aten\u00e7\u00e3o! Esplanada fecha para o desfile do 7 de Setembro"},"content":{"rendered":"\n<p>Foto:<em> Ant\u00f4nio Cruz<\/em><\/p>\n\n\n\n<p>Neste s\u00e1bado (7), o centro de Bras\u00edlia vai se transformar no palco de um grandioso desfile c\u00edvico-militar em celebra\u00e7\u00e3o \u00e0 Independ\u00eancia do Brasil! <\/p>\n\n\n\n<p><strong> Detalhes Importantes:<\/strong><\/p>\n\n\n\n<ul class=\"wp-block-list\">\n<li><strong>In\u00edcio do desfile:<\/strong> 8h45<\/li>\n\n\n\n<li><strong>Acesso ao p\u00fablico:<\/strong> A partir das 6h20<\/li>\n\n\n\n<li><strong>Interdi\u00e7\u00e3o do tr\u00e2nsito:<\/strong> A partir da noite de sexta (6) entre a Rodovi\u00e1ria do Plano Piloto e a via L4<\/li>\n<\/ul>\n\n\n\n<p><strong> Acesso e Seguran\u00e7a:<\/strong><\/p>\n\n\n\n<ul class=\"wp-block-list\">\n<li><strong>Pontos de Acesso:<\/strong> Via S1 e escadarias dos minist\u00e9rios (sul e norte) e arquibancada especial para pessoas com defici\u00eancia.<\/li>\n\n\n\n<li><strong>O que N\u00c3O \u00e9 permitido:<\/strong> Fogos de artif\u00edcio, sprays, armas (inclusive de brinquedo), objetos pontiagudos, garrafas de vidro, latas, copos, coolers e isopores, m\u00e1scaras n\u00e3o faciais e outros itens que possam comprometer a seguran\u00e7a.<\/li>\n\n\n\n<li><strong>Recomenda\u00e7\u00f5es:<\/strong> Use roupas leves, bon\u00e9s ou chap\u00e9us, e mantenha-se hidratado.<\/li>\n<\/ul>\n\n\n\n<p><strong> Transporte:<\/strong><\/p>\n\n\n\n<ul class=\"wp-block-list\">\n<li><strong>\u00d4nibus:<\/strong> Refor\u00e7o no sistema e Metr\u00f4 DF funcionando das 5h30 \u00e0s 19h.<\/li>\n\n\n\n<li><strong>Aplicativos e T\u00e1xis:<\/strong> Desembarque na plataforma superior da Rodovi\u00e1ria do Plano Piloto e ponto de t\u00e1xi no estacionamento do Sesi Lab.<\/li>\n<\/ul>\n\n\n\n<p><strong> O que esperar:<\/strong><\/p>\n\n\n\n<ul class=\"wp-block-list\">\n<li><strong>Atra\u00e7\u00f5es:<\/strong> Participa\u00e7\u00f5es de escolas p\u00fablicas, atletas ol\u00edmpicos, a Pir\u00e2mide Humana do Batalh\u00e3o de Pol\u00edcia do Ex\u00e9rcito e a Esquadrilha da Fuma\u00e7a.<\/li>\n\n\n\n<li><strong>Temas:<\/strong> C\u00fapula do G20, apoio ao Rio Grande do Sul e iniciativas em sa\u00fade e prote\u00e7\u00e3o infantil.<\/li>\n<\/ul>\n\n\n\n<p>Prepare-se para um dia de celebra\u00e7\u00e3o e patriotismo! <\/p>\n\n\n\n<h1 class=\"wp-block-heading\"><\/h1>\n","protected":false},"excerpt":{"rendered":"<p>Foto: Ant\u00f4nio Cruz Neste s\u00e1bado (7), o centro de Bras\u00edlia vai se transformar no palco de um grandioso desfile c\u00edvico-militar em celebra\u00e7\u00e3o \u00e0 Independ\u00eancia do Brasil! Detalhes Importantes: Acesso e Seguran\u00e7a: Transporte: O que esperar: Prepare-se para um dia de celebra\u00e7\u00e3o e patriotismo!<\/p>\n","protected":false},"author":5191,"featured_media":7395,"comment_status":"open","ping_status":"open","sticky":false,"template":"","format":"standard","meta":{"_monsterinsights_skip_tracking":false,"_monsterinsights_sitenote_active":false,"_monsterinsights_sitenote_note":"","_monsterinsights_sitenote_category":0,"footnotes":""},"categories":[41,17,34],"tags":[429,419,403,423,2587,2574],"class_list":["post-7394","post","type-post","status-publish","format-standard","has-post-thumbnail","hentry","category-agenda","category-bsb","category-destaque","tag-brasilia-3","tag-brasiliadf-2","tag-cidadecult-2","tag-cidadecultpordentro-2","tag-desfileesplanada","tag-feriadonacional"],"_links":{"self":[{"href":"https:\/\/cidadecult.com.br\/index.php?rest_route=\/wp\/v2\/posts\/7394","targetHints":{"allow":["GET"]}}],"collection":[{"href":"https:\/\/cidadecult.com.br\/index.php?rest_route=\/wp\/v2\/posts"}],"about":[{"href":"https:\/\/cidadecult.com.br\/index.php?rest_route=\/wp\/v2\/types\/post"}],"author":[{"embeddable":true,"href":"https:\/\/cidadecult.com.br\/index.php?rest_route=\/wp\/v2\/users\/5191"}],"replies":[{"embeddable":true,"href":"https:\/\/cidadecult.com.br\/index.php?rest_route=%2Fwp%2Fv2%2Fcomments&post=7394"}],"version-history":[{"count":1,"href":"https:\/\/cidadecult.com.br\/index.php?rest_route=\/wp\/v2\/posts\/7394\/revisions"}],"predecessor-version":[{"id":7396,"href":"https:\/\/cidadecult.com.br\/index.php?rest_route=\/wp\/v2\/posts\/7394\/revisions\/7396"}],"wp:featuredmedia":[{"embeddable":true,"href":"https:\/\/cidadecult.com.br\/index.php?rest_route=\/wp\/v2\/media\/7395"}],"wp:attachment":[{"href":"https:\/\/cidadecult.com.br\/index.php?rest_route=%2Fwp%2Fv2%2Fmedia&parent=7394"}],"wp:term":[{"taxonomy":"category","embeddable":true,"href":"https:\/\/cidadecult.com.br\/index.php?rest_route=%2Fwp%2Fv2%2Fcategories&post=7394"},{"taxonomy":"post_tag","embeddable":true,"href":"https:\/\/cidadecult.com.br\/index.php?rest_route=%2Fwp%2Fv2%2Ftags&post=7394"}],"curies":[{"name":"wp","href":"https:\/\/api.w.org\/{rel}","templated":true}]}}