{"id":735,"date":"2023-02-10T12:00:42","date_gmt":"2023-02-10T15:00:42","guid":{"rendered":"https:\/\/cidadecult.com.br\/novo\/cine-brasilia-brinda-publico-com-estreias-nacionais-e-mostra-internacional\/"},"modified":"2023-02-10T12:00:42","modified_gmt":"2023-02-10T15:00:42","slug":"cine-brasilia-brinda-publico-com-estreias-nacionais-e-mostra-internacional","status":"publish","type":"post","link":"https:\/\/cidadecult.com.br\/?p=735","title":{"rendered":"Cine Bras\u00edlia brinda p\u00fablico com estreias nacionais e mostra internacional"},"content":{"rendered":"<header style=\"box-sizing: border-box; margin: 0px auto 3em; padding: 0px; border-width: 0px 0px 2px; border-image: initial; font-variant-numeric: inherit; font-variant-east-asian: inherit; font-stretch: inherit; font-size: 18px; line-height: inherit; vertical-align: baseline; font-family: Regular, sans-serif; max-width: 980px; color: #000000; border-color: initial initial #999999 initial; border-style: initial initial solid initial;\">\n<h1>Neste fim de semana tem op\u00e7\u00e3o para o p\u00fablico infantil e o Festival do Cinema Neerland\u00eas come\u00e7a na pr\u00f3xima segunda (13)<\/h1>\n<p>Catarina Loiola, da Ag\u00eancia Bras\u00edlia I Edi\u00e7\u00e3o: D\u00e9bora Cronemberger<\/p>\n<div class=\"row\" style=\"box-sizing: border-box; margin: 2em 0px; padding: 0px; border: 0px; font-style: inherit; font-variant: inherit; font-weight: inherit; font-stretch: inherit; font-size: inherit; line-height: inherit; vertical-align: baseline;\">\n<div class=\"col\" style=\"box-sizing: border-box; margin: 0px; padding: 0px; border: 0px; font-style: inherit; font-variant: inherit; font-weight: inherit; font-stretch: inherit; font-size: inherit; line-height: inherit; vertical-align: baseline; float: left; width: 637px;\">\n<ul class=\"cats\" style=\"box-sizing: border-box; margin: 0px; padding: 0px; border: 0px; font-style: inherit; font-variant: inherit; font-weight: inherit; font-stretch: inherit; font-size: inherit; line-height: inherit; vertical-align: baseline; list-style: none;\">\n<li style=\"box-sizing: border-box; margin: 0px 0px 0.2em; padding: 0px; border: 0px; font-style: inherit; font-variant: inherit; font-weight: inherit; font-stretch: inherit; font-size: inherit; line-height: inherit; vertical-align: middle; display: inline-block;\"><a style=\"box-sizing: border-box; margin: 0px; padding: 0.4em 0.6em; border: 1px solid #006bb5; font-style: inherit; font-variant: inherit; font-weight: inherit; font-stretch: inherit; font-size: 0.8em; line-height: inherit; vertical-align: baseline; transition: all 0.1s ease-in-out 0s; display: block; color: #006bb5; text-transform: uppercase;\" href=\"https:\/\/www.agenciabrasilia.df.gov.br\/categoria\/app\">APP<\/a><\/li>\n<p>\u00a0<\/p>\n<li style=\"box-sizing: border-box; margin: 0px 0px 0.2em; padding: 0px; border: 0px; font-style: inherit; font-variant: inherit; font-weight: inherit; font-stretch: inherit; font-size: inherit; line-height: inherit; vertical-align: middle; display: inline-block;\"><a style=\"box-sizing: border-box; margin: 0px; padding: 0.4em 0.6em; border: 1px solid #006bb5; font-style: inherit; font-variant: inherit; font-weight: inherit; font-stretch: inherit; font-size: 0.8em; line-height: inherit; vertical-align: baseline; transition: all 0.1s ease-in-out 0s; display: block; color: #006bb5; text-transform: uppercase;\" href=\"https:\/\/www.agenciabrasilia.df.gov.br\/categoria\/cultura\">CULTURA<\/a><\/li>\n<\/ul>\n<\/div>\n<div class=\"col -social social-share\" style=\"box-sizing: border-box; margin: 0px; padding: 0px; border: 0px; font-style: inherit; font-variant: inherit; font-weight: inherit; font-stretch: inherit; font-size: 0.9em; line-height: inherit; vertical-align: baseline; display: inline-block; text-align: right; float: right; width: 343px;\"><a class=\"-facebook\" style=\"box-sizing: border-box; margin: 0px 0.4em 0px 0px; padding: 0.5em 0.4em 0.4em; border: 0px; font-style: inherit; font-variant: inherit; font-weight: inherit; font-stretch: inherit; font-size: inherit; line-height: inherit; vertical-align: middle; transition: all 0.1s ease-in-out 0s; display: inline-block; border-radius: 4px; color: #3b5998;\" href=\"http:\/\/www.facebook.com\/sharer.php?u=https:\/\/www.agenciabrasilia.df.gov.br\/2023\/02\/10\/cine-brasilia-brinda-publico-com-estreias-nacionais-e-mostra-internacional\/\" target=\"_blank\" rel=\"noopener noreferrer\">\u00a0Facebook<\/a><a class=\"-whatsapp\" style=\"box-sizing: border-box; margin: 0px 0.4em 0px 0px; padding: 0.5em 0.4em 0.4em; border: 0px; font-style: inherit; font-variant: inherit; font-weight: inherit; font-stretch: inherit; font-size: inherit; line-height: inherit; vertical-align: middle; transition: all 0.1s ease-in-out 0s; display: inline-block; border-radius: 4px; color: #43d854;\" href=\"https:\/\/api.whatsapp.com\/send?text=https:\/\/www.agenciabrasilia.df.gov.br\/2023\/02\/10\/cine-brasilia-brinda-publico-com-estreias-nacionais-e-mostra-internacional\/\" target=\"_blank\" rel=\"noopener noreferrer\">\u00a0Encaminhar<\/a><\/div>\n<\/div>\n<\/header>\n<article class=\"post\" style=\"box-sizing: border-box; margin: 0px auto; padding: 0px; border: 0px; font-variant-numeric: inherit; font-variant-east-asian: inherit; font-stretch: inherit; font-size: 18px; line-height: inherit; vertical-align: baseline; font-family: Regular, sans-serif; width: 660px; color: #000000;\">\n<div class=\"adn ads\" style=\"box-sizing: border-box; margin: 0px; padding: 0px; border: 0px; font-style: inherit; font-variant: inherit; font-weight: inherit; font-stretch: inherit; font-size: inherit; line-height: inherit; vertical-align: baseline;\" data-message-id=\"#msg-f:1757445002259434800\" data-legacy-message-id=\"1863b2eb0ff58d30\">\n<div class=\"gs\" style=\"box-sizing: border-box; margin: 0px; padding: 0px; border: 0px; font-style: inherit; font-variant: inherit; font-weight: inherit; font-stretch: inherit; font-size: inherit; line-height: inherit; vertical-align: baseline;\">\n<div class=\"\" style=\"box-sizing: border-box; margin: 0px; padding: 0px; border: 0px; font-style: inherit; font-variant: inherit; font-weight: inherit; font-stretch: inherit; font-size: inherit; line-height: inherit; vertical-align: baseline;\">\n<div id=\":1bx\" class=\"ii gt\" style=\"box-sizing: border-box; margin: 0px; padding: 0px; border: 0px; font-style: inherit; font-variant: inherit; font-weight: inherit; font-stretch: inherit; font-size: inherit; line-height: inherit; vertical-align: baseline;\">\n<div id=\":p9\" class=\"a3s aiL \" style=\"box-sizing: border-box; margin: 0px; padding: 0px; border: 0px; font-style: inherit; font-variant: inherit; font-weight: inherit; font-stretch: inherit; font-size: inherit; line-height: inherit; vertical-align: baseline;\">\n<div dir=\"ltr\" style=\"box-sizing: border-box; margin: 0px; padding: 0px; border: 0px; font-style: inherit; font-variant: inherit; font-weight: inherit; font-stretch: inherit; font-size: inherit; line-height: inherit; vertical-align: baseline;\">\n<p style=\"box-sizing: border-box; margin: 0px 0px 1.1em; padding: 0px; border: 0px; font-style: inherit; font-variant: inherit; font-stretch: inherit; line-height: 2; vertical-align: baseline;\">Estreias de longas nacionais e uma mostra com produ\u00e7\u00f5es dos Pa\u00edses Baixos. A programa\u00e7\u00e3o do Cine Bras\u00edlia j\u00e1 est\u00e1 dispon\u00edvel, e h\u00e1 op\u00e7\u00f5es para todos os p\u00fablicos. O Festival do Cinema Neerland\u00eas come\u00e7a na pr\u00f3xima segunda-feira (13), com cinco produ\u00e7\u00f5es internacionalmente premiadas.<\/p>\n<figure id=\"attachment_474227\" class=\"wp-caption aligncenter\" style=\"box-sizing: border-box; margin: 0px 0px 1.6em; padding: 0px; border: 0px; font-style: inherit; font-variant: inherit; font-weight: inherit; font-stretch: inherit; font-size: inherit; line-height: inherit; vertical-align: baseline; clear: both; width: 1600px; max-width: 100%;\"><img loading=\"lazy\" decoding=\"async\" class=\"wp-image-474227 size-full\" style=\"box-sizing: border-box; height: auto; max-width: 100%; margin: 0px 0px 0.3em; padding: 0px; border: 0px; font-style: inherit; font-variant: inherit; font-weight: inherit; font-stretch: inherit; font-size: inherit; line-height: inherit; vertical-align: baseline;\" src=\"http:\/\/agenciabrasilia.df.gov.br\/wp-conteudo\/uploads\/2023\/02\/As-Historias-de-Meu-Pai..jpeg\" sizes=\"auto, (max-width: 1600px) 100vw, 1600px\" srcset=\"https:\/\/www.agenciabrasilia.df.gov.br\/wp-conteudo\/uploads\/2023\/02\/As-Historias-de-Meu-Pai..jpeg 1600w, https:\/\/www.agenciabrasilia.df.gov.br\/wp-conteudo\/uploads\/2023\/02\/As-Historias-de-Meu-Pai.-300x200.jpeg 300w, https:\/\/www.agenciabrasilia.df.gov.br\/wp-conteudo\/uploads\/2023\/02\/As-Historias-de-Meu-Pai.-1024x682.jpeg 1024w, https:\/\/www.agenciabrasilia.df.gov.br\/wp-conteudo\/uploads\/2023\/02\/As-Historias-de-Meu-Pai.-768x512.jpeg 768w, https:\/\/www.agenciabrasilia.df.gov.br\/wp-conteudo\/uploads\/2023\/02\/As-Historias-de-Meu-Pai.-1536x1023.jpeg 1536w\" alt=\"\" width=\"1600\" height=\"1066\" \/><figcaption id=\"caption-attachment-474227\" class=\"wp-caption-text\" style=\"box-sizing: border-box; margin: 5px 0px 0px; padding: 0px; border: 0px; font-style: inherit; font-variant: inherit; font-weight: inherit; font-stretch: inherit; font-size: 0.9em; line-height: 1.2; vertical-align: baseline; color: #666666;\">O filme franc\u00eas \u2018As Hist\u00f3rias de Meu Pai\u2019 \u00e9 um dos destaques da programa\u00e7\u00e3o do Cine Bras\u00edlia | Fotos: Divulga\u00e7\u00e3o<\/figcaption><\/figure>\n<p style=\"box-sizing: border-box; margin: 0px 0px 1.1em; padding: 0px; border: 0px; font-style: inherit; font-variant: inherit; font-stretch: inherit; line-height: 2; vertical-align: baseline;\">Entre as estreias, destaque para a com\u00e9dia\u00a0<em style=\"box-sizing: border-box; margin: 0px; padding: 0px; border: 0px; font-variant: inherit; font-stretch: inherit; font-size: inherit; line-height: inherit; vertical-align: baseline;\">As Hist\u00f3rias de Meu Pai<\/em>, de Jean-Pierre Am\u00e9ris. O filme revela a trajet\u00f3ria de Emile, um garoto de 12 anos, que passou a vida ouvindo hist\u00f3rias sobre as diversas profiss\u00f5es que seu pai alegava ter. As aventuras se passam em Lyon, na Fran\u00e7a, na d\u00e9cada de 1960.<\/p>\n<p style=\"box-sizing: border-box; margin: 0px 0px 1.1em; padding: 0px; border: 0px; font-style: inherit; font-variant: inherit; font-stretch: inherit; line-height: 2; vertical-align: baseline;\">\u201cO diretor Jean-Pierre Am\u00e9lis contextualiza a hist\u00f3ria na circunst\u00e2ncia dram\u00e1tica da guerra franco-argelina e as consequ\u00eancias duradouras, especialmente em rela\u00e7\u00e3o \u00e0 sa\u00fade mental, tanto para o pai quanto para o filho\u201d, explica o respons\u00e1vel pela programa\u00e7\u00e3o do Cine Bras\u00edlia, S\u00e9rgio Moriconi.<\/p>\n<p style=\"box-sizing: border-box; margin: 0px 0px 1.1em; padding: 0px; border: 0px; font-style: inherit; font-variant: inherit; font-stretch: inherit; line-height: 2; vertical-align: baseline;\">J\u00e1 o drama<em style=\"box-sizing: border-box; margin: 0px; padding: 0px; border: 0px; font-variant: inherit; font-stretch: inherit; font-size: inherit; line-height: inherit; vertical-align: baseline;\">\u00a0Regra 34<\/em>, de Julia Murat, conta a hist\u00f3ria de Simone, uma jovem advogada negra que pagou a faculdade trabalhando com performances sexuais online. Depois de ser aprovada em um concurso p\u00fablico, ela passa a atuar no acolhimento de mulheres v\u00edtimas de abusos e acaba se envolvendo em um mundo de erotismo e viol\u00eancia.<\/p>\n<p style=\"box-sizing: border-box; margin: 0px 0px 1.1em; padding: 0px; border: 0px; font-style: inherit; font-variant: inherit; font-stretch: inherit; line-height: 2; vertical-align: baseline;\">O longa conquistou o Leopardo de Ouro, premia\u00e7\u00e3o m\u00e1xima do Festival de Locarno, na Su\u00ed\u00e7a; o pr\u00eamio de Melhor Dire\u00e7\u00e3o de Fic\u00e7\u00e3o da Premi\u00e8re Brasil, no Festival do Rio e o Pr\u00eamio Especial do J\u00fari no Festival do Novo Cinema Latino Americano de Havana.<\/p>\n<figure id=\"attachment_474239\" class=\"wp-caption aligncenter\" style=\"box-sizing: border-box; margin: 0px 0px 1.6em; padding: 0px; border: 0px; font-style: inherit; font-variant: inherit; font-weight: inherit; font-stretch: inherit; font-size: inherit; line-height: inherit; vertical-align: baseline; clear: both; width: 1600px; max-width: 100%;\"><img loading=\"lazy\" decoding=\"async\" class=\"wp-image-474239 size-full\" style=\"box-sizing: border-box; height: auto; max-width: 100%; margin: 0px 0px 0.3em; padding: 0px; border: 0px; font-style: inherit; font-variant: inherit; font-weight: inherit; font-stretch: inherit; font-size: inherit; line-height: inherit; vertical-align: baseline;\" src=\"http:\/\/agenciabrasilia.df.gov.br\/wp-conteudo\/uploads\/2023\/02\/Perlimps..jpeg\" sizes=\"auto, (max-width: 1600px) 100vw, 1600px\" srcset=\"https:\/\/www.agenciabrasilia.df.gov.br\/wp-conteudo\/uploads\/2023\/02\/Perlimps..jpeg 1600w, https:\/\/www.agenciabrasilia.df.gov.br\/wp-conteudo\/uploads\/2023\/02\/Perlimps.-300x128.jpeg 300w, https:\/\/www.agenciabrasilia.df.gov.br\/wp-conteudo\/uploads\/2023\/02\/Perlimps.-1024x438.jpeg 1024w, https:\/\/www.agenciabrasilia.df.gov.br\/wp-conteudo\/uploads\/2023\/02\/Perlimps.-768x328.jpeg 768w, https:\/\/www.agenciabrasilia.df.gov.br\/wp-conteudo\/uploads\/2023\/02\/Perlimps.-1536x657.jpeg 1536w\" alt=\"\" width=\"1600\" height=\"684\" \/><figcaption id=\"caption-attachment-474239\" class=\"wp-caption-text\" style=\"box-sizing: border-box; margin: 5px 0px 0px; padding: 0px; border: 0px; font-style: inherit; font-variant: inherit; font-weight: inherit; font-stretch: inherit; font-size: 0.9em; line-height: 1.2; vertical-align: baseline; color: #666666;\">A anima\u00e7\u00e3o \u2018Perlimps\u2019 conta a hist\u00f3ria de agentes secretos de reinos rivais, que precisam superar as diferen\u00e7as e encontrar criaturas misteriosas capazes de alcan\u00e7ar a paz em tempos de guerra<\/figcaption><\/figure>\n<p style=\"box-sizing: border-box; margin: 0px 0px 1.1em; padding: 0px; border: 0px; font-style: inherit; font-variant: inherit; font-stretch: inherit; line-height: 2; vertical-align: baseline;\">Para o p\u00fablico infantil, a programa\u00e7\u00e3o recebe\u00a0<em style=\"box-sizing: border-box; margin: 0px; padding: 0px; border: 0px; font-variant: inherit; font-stretch: inherit; font-size: inherit; line-height: inherit; vertical-align: baseline;\">Perlimps<\/em>, de Al\u00ea Abreu. A anima\u00e7\u00e3o mostra a jornada de aventura e fantasia de Cla\u00e9 e Bru\u00f4, agentes secretos de reinos rivais, que precisam encontrar os Perlimps, criaturas misteriosas capazes de alcan\u00e7ar a paz em tempos de guerra. \u201cPromove reflex\u00f5es sobre a verdadeira ess\u00eancia da vida, sobre o que realmente importa. Um \u00f3timo programa para a fam\u00edlia toda\u201d, comenta o coordenador da programa\u00e7\u00e3o do Cine Bras\u00edlia,\u00a0 S\u00e9rgio Moriconi.<\/p>\n<p style=\"box-sizing: border-box; margin: 0px 0px 1.1em; padding: 0px; border: 0px; font-style: inherit; font-variant: inherit; font-stretch: inherit; line-height: 2; vertical-align: baseline;\">Al\u00e9m das estreias, permanece em cartaz o drama hist\u00f3rico<em style=\"box-sizing: border-box; margin: 0px; padding: 0px; border: 0px; font-variant: inherit; font-stretch: inherit; font-size: inherit; line-height: inherit; vertical-align: baseline;\">\u00a0Ilus\u00f5es Perdidas<\/em>, de Xavier Giannoli, pela mostra V\u00e1 e Veja \u2014 retrospectiva dos filmes lan\u00e7ados em 2022. O filme \u00e9 uma transposi\u00e7\u00e3o para o cinema de um dos cl\u00e1ssicos do escritor franc\u00eas Honor\u00e9 de Balzac, sobre um jovem poeta desconhecido da Fran\u00e7a do s\u00e9culo 19.<\/p>\n<p style=\"box-sizing: border-box; margin: 0px 0px 1.1em; padding: 0px; border: 0px; font-style: inherit; font-variant: inherit; font-stretch: inherit; line-height: 2; vertical-align: baseline;\"><span style=\"box-sizing: border-box; margin: 0px; padding: 0px; border: 0px; font-style: inherit; font-variant: inherit; font-weight: bold; font-stretch: inherit; font-size: inherit; line-height: inherit; vertical-align: baseline;\">Mostra Pa\u00edses Baixos<\/span><\/p>\n<div class=\"relacionadas text-uppercase  direita\" style=\"box-sizing: border-box; margin: 0px -70px 20px 30px; padding: 0px; border: 0px; font-style: inherit; font-variant: inherit; font-weight: inherit; font-stretch: inherit; font-size: inherit; line-height: inherit; vertical-align: baseline; float: right; width: 330px; background-image: initial; background-position: initial; background-size: initial; background-repeat: initial; background-attachment: initial; background-origin: initial; background-clip: initial; position: relative;\">\n<p style=\"box-sizing: border-box; margin: 0px; padding: 0.2em 0.3em 0.1em; border: 0px; font-style: inherit; font-variant: inherit; font-stretch: inherit; font-size: 13px; line-height: 2; vertical-align: baseline; font-family: 'Titillium Web', sans-serif; color: #1dbab4; background-color: #006bb5 !important; display: inline-block !important;\"><span style=\"box-sizing: border-box; margin: 0px; padding: 0px; border: 0px; font-style: inherit; font-variant: inherit; font-weight: inherit; font-stretch: inherit; font-size: inherit; line-height: inherit; vertical-align: baseline; font-family: Regular, sans-serif;\">Leia tamb\u00e9m<\/span><\/p>\n<div class=\"relacionadas__post-leia-tambem bold clearfix\" style=\"box-sizing: border-box; margin: 0px; padding: 8px; border-width: 1px 0px; border-image: initial; font-style: inherit; font-variant: inherit; font-weight: inherit; font-stretch: inherit; font-size: inherit; line-height: inherit; vertical-align: baseline; display: table; width: 330px; border-color: #c1c2c4 initial #c1c2c4 initial; border-style: solid initial solid initial;\">\n<div class=\"relacionadas__thumb\" style=\"box-sizing: border-box; margin: 0px; padding: 0px; border: 0px; font-style: inherit; font-variant: inherit; font-weight: inherit; font-stretch: inherit; font-size: inherit; line-height: inherit; vertical-align: baseline;\"><img loading=\"lazy\" decoding=\"async\" class=\"attachment-thumbnail size-thumbnail wp-post-image\" style=\"box-sizing: border-box; margin: 11px 10px 0px 0px; padding: 0px; border: 0px; font-style: inherit; font-variant: inherit; font-weight: inherit; font-stretch: inherit; font-size: inherit; line-height: inherit; vertical-align: baseline; max-width: 100%; height: auto; width: auto; float: left;\" src=\"https:\/\/www.agenciabrasilia.df.gov.br\/wp-conteudo\/uploads\/2023\/02\/ECRR-Livros-Foto-Hugo-Lira-150x150.jpg\" alt=\"\" width=\"150\" height=\"150\" \/><\/div>\n<div class=\"clearfix relacionadas__texto\" style=\"box-sizing: border-box; margin: 0px; padding: 0px; border: 0px; font-style: inherit; font-variant: inherit; font-weight: inherit; font-stretch: inherit; font-size: inherit; line-height: inherit; vertical-align: middle; display: table-cell;\">\n<p style=\"box-sizing: border-box; margin: 0px 0px 1.1em; padding: 0px; border: 0px; font-style: inherit; font-variant: inherit; font-stretch: inherit; line-height: 2; vertical-align: baseline; font-family: 'Titillium Web', sans-serif; display: inline; color: #387abc;\"><span style=\"box-sizing: border-box; margin: 0px; padding: 0px; border: 0px; font-style: inherit; font-variant: inherit; font-weight: inherit; font-stretch: inherit; font-size: inherit; line-height: inherit; vertical-align: baseline; font-family: Regular, sans-serif;\">Clubes de leitura voltam ao formato presencial<\/span><\/p>\n<\/div>\n<\/div>\n<div class=\"relacionadas__post-leia-tambem bold clearfix\" style=\"box-sizing: border-box; margin: 0px; padding: 8px; border-width: 0px 0px 1px; border-image: initial; font-style: inherit; font-variant: inherit; font-weight: inherit; font-stretch: inherit; font-size: inherit; line-height: inherit; vertical-align: baseline; display: table; width: 330px; border-color: initial initial #c1c2c4 initial; border-style: initial initial solid initial;\">\n<div class=\"relacionadas__thumb\" style=\"box-sizing: border-box; margin: 0px; padding: 0px; border: 0px; font-style: inherit; font-variant: inherit; font-weight: inherit; font-stretch: inherit; font-size: inherit; line-height: inherit; vertical-align: baseline;\"><img loading=\"lazy\" decoding=\"async\" class=\"attachment-thumbnail size-thumbnail wp-post-image\" style=\"box-sizing: border-box; margin: 11px 10px 0px 0px; padding: 0px; border: 0px; font-style: inherit; font-variant: inherit; font-weight: inherit; font-stretch: inherit; font-size: inherit; line-height: inherit; vertical-align: baseline; max-width: 100%; height: auto; width: auto; float: left;\" src=\"https:\/\/www.agenciabrasilia.df.gov.br\/wp-conteudo\/uploads\/2023\/02\/Escola-de-carnaval2-Fotos-Hugo-Lira-150x150.jpg\" alt=\"\" width=\"150\" height=\"150\" \/><\/div>\n<div class=\"clearfix relacionadas__texto\" style=\"box-sizing: border-box; margin: 0px; padding: 0px; border: 0px; font-style: inherit; font-variant: inherit; font-weight: inherit; font-stretch: inherit; font-size: inherit; line-height: inherit; vertical-align: middle; display: table-cell;\">\n<p style=\"box-sizing: border-box; margin: 0px 0px 1.1em; padding: 0px; border: 0px; font-style: inherit; font-variant: inherit; font-stretch: inherit; line-height: 2; vertical-align: baseline; font-family: 'Titillium Web', sans-serif; display: inline; color: #387abc;\"><span style=\"box-sizing: border-box; margin: 0px; padding: 0px; border: 0px; font-style: inherit; font-variant: inherit; font-weight: inherit; font-stretch: inherit; font-size: inherit; line-height: inherit; vertical-align: baseline; font-family: Regular, sans-serif;\">Edital destina R$ 7 milh\u00f5es para organiza\u00e7\u00e3o do desfile de escolas de samba<\/span><\/p>\n<\/div>\n<\/div>\n<\/div>\n<p style=\"box-sizing: border-box; margin: 0px 0px 1.1em; padding: 0px; border: 0px; font-style: inherit; font-variant: inherit; font-stretch: inherit; line-height: 2; vertical-align: baseline;\">Realizada pela Embaixada do Reino dos Pa\u00edses Baixos, em parceria com a Secretaria de Cultura e Economia Criativa (Secec), a mostra come\u00e7a na segunda-feira (13) e vai at\u00e9 a pr\u00f3xima sexta-feira (17), sempre \u00e0s 20h30.<\/p>\n<p style=\"box-sizing: border-box; margin: 0px 0px 1.1em; padding: 0px; border: 0px; font-style: inherit; font-variant: inherit; font-stretch: inherit; line-height: 2; vertical-align: baseline;\">A programa\u00e7\u00e3o tem in\u00edcio com o drama\u00a0<em style=\"box-sizing: border-box; margin: 0px; padding: 0px; border: 0px; font-variant: inherit; font-stretch: inherit; font-size: inherit; line-height: inherit; vertical-align: baseline;\">Black Book \u2013 A Espi\u00e3<\/em>, de Paul Verhoeven, um filme sobre a persegui\u00e7\u00e3o aos judeus durante a invas\u00e3o nazista. Em seguida, o p\u00fablico acompanha a hist\u00f3ria do personagem Gunter, encontrado em uma floresta alem\u00e3 quando tinha quatro anos de idade, no longa\u00a0<em style=\"box-sizing: border-box; margin: 0px; padding: 0px; border: 0px; font-variant: inherit; font-stretch: inherit; font-size: inherit; line-height: inherit; vertical-align: baseline;\">Nr. 10<\/em>, do diretor Alex van Warmerdam, e ainda, pode conhecer a hist\u00f3ria de pessoas que, voluntariamente ou n\u00e3o, se mudam do exterior para Amsterd\u00e3 (Holanda), na pel\u00edcula\u00a0<em style=\"box-sizing: border-box; margin: 0px; padding: 0px; border: 0px; font-variant: inherit; font-stretch: inherit; font-size: inherit; line-height: inherit; vertical-align: baseline;\">The Paradise Su\u00edte<\/em>, de Joost van Ginkel.<\/p>\n<p style=\"box-sizing: border-box; margin: 0px 0px 1.1em; padding: 0px; border: 0px; font-style: inherit; font-variant: inherit; font-stretch: inherit; line-height: 2; vertical-align: baseline;\">Tamb\u00e9m ser\u00e1 transmitido o drama\u00a0<em style=\"box-sizing: border-box; margin: 0px; padding: 0px; border: 0px; font-variant: inherit; font-stretch: inherit; font-size: inherit; line-height: inherit; vertical-align: baseline;\">I Don\u2019t Wanna Dance<\/em>, de Flynn Von Kleist, que mostra as experi\u00eancias de um aspirante a dan\u00e7arino adolescente dividido entre a fam\u00edlia destrutiva e a pr\u00f3pria felicidade. E, para fechar a sele\u00e7\u00e3o, o romance\u00a0<em style=\"box-sizing: border-box; margin: 0px; padding: 0px; border: 0px; font-variant: inherit; font-stretch: inherit; font-size: inherit; line-height: inherit; vertical-align: baseline;\">Soof<\/em>, de Antoinette Beumer, traz o dilema da protagonista hom\u00f4nima, que, prestes a completar 40 anos, se v\u00ea diante de d\u00favidas em rela\u00e7\u00e3o ao que mais pode ser alcan\u00e7ado.<\/p>\n<p style=\"box-sizing: border-box; margin: 0px 0px 1.1em; padding: 0px; border: 0px; font-style: inherit; font-variant: inherit; font-stretch: inherit; line-height: 2; vertical-align: baseline;\"><span style=\"box-sizing: border-box; margin: 0px; padding: 0px; border: 0px; font-style: inherit; font-variant: inherit; font-weight: bold; font-stretch: inherit; font-size: inherit; line-height: inherit; vertical-align: baseline;\">Veja a programa\u00e7\u00e3o<\/span><\/p>\n<p style=\"box-sizing: border-box; margin: 0px 0px 1.1em; padding: 0px; border: 0px; font-style: inherit; font-variant: inherit; font-stretch: inherit; line-height: 2; vertical-align: baseline;\">\u2192 Sexta-feira (10)<br style=\"box-sizing: border-box;\" \/>10h \u2013\u00a0<em style=\"box-sizing: border-box; margin: 0px; padding: 0px; border: 0px; font-variant: inherit; font-stretch: inherit; font-size: inherit; line-height: inherit; vertical-align: baseline;\">Perlimps<\/em><br style=\"box-sizing: border-box;\" \/>14h \u2013\u00a0<em style=\"box-sizing: border-box; margin: 0px; padding: 0px; border: 0px; font-variant: inherit; font-stretch: inherit; font-size: inherit; line-height: inherit; vertical-align: baseline;\">Regra 34<\/em><br style=\"box-sizing: border-box;\" \/>16h \u2013\u00a0<em style=\"box-sizing: border-box; margin: 0px; padding: 0px; border: 0px; font-variant: inherit; font-stretch: inherit; font-size: inherit; line-height: inherit; vertical-align: baseline;\">As Hist\u00f3rias de Meu Pai<\/em><br style=\"box-sizing: border-box;\" \/>18h \u2013\u00a0<em style=\"box-sizing: border-box; margin: 0px; padding: 0px; border: 0px; font-variant: inherit; font-stretch: inherit; font-size: inherit; line-height: inherit; vertical-align: baseline;\">As Hist\u00f3rias de Meu Pai<\/em><br style=\"box-sizing: border-box;\" \/>20h \u2013\u00a0<em style=\"box-sizing: border-box; margin: 0px; padding: 0px; border: 0px; font-variant: inherit; font-stretch: inherit; font-size: inherit; line-height: inherit; vertical-align: baseline;\">Ilus\u00f5es Perdidas<\/em><\/p>\n<p style=\"box-sizing: border-box; margin: 0px 0px 1.1em; padding: 0px; border: 0px; font-style: inherit; font-variant: inherit; font-stretch: inherit; line-height: 2; vertical-align: baseline;\">\u2192 S\u00e1bado (11)<br style=\"box-sizing: border-box;\" \/>10h \u2013\u00a0<em style=\"box-sizing: border-box; margin: 0px; padding: 0px; border: 0px; font-variant: inherit; font-stretch: inherit; font-size: inherit; line-height: inherit; vertical-align: baseline;\">Perlimps<\/em><br style=\"box-sizing: border-box;\" \/>14h \u2013\u00a0<em style=\"box-sizing: border-box; margin: 0px; padding: 0px; border: 0px; font-variant: inherit; font-stretch: inherit; font-size: inherit; line-height: inherit; vertical-align: baseline;\">Regra 34<\/em><br style=\"box-sizing: border-box;\" \/>16h \u2013\u00a0<em style=\"box-sizing: border-box; margin: 0px; padding: 0px; border: 0px; font-variant: inherit; font-stretch: inherit; font-size: inherit; line-height: inherit; vertical-align: baseline;\">As Hist\u00f3rias de Meu Pai<\/em><br style=\"box-sizing: border-box;\" \/>18h \u2013\u00a0<em style=\"box-sizing: border-box; margin: 0px; padding: 0px; border: 0px; font-variant: inherit; font-stretch: inherit; font-size: inherit; line-height: inherit; vertical-align: baseline;\">As Hist\u00f3rias de Meu Pai<\/em><br style=\"box-sizing: border-box;\" \/>20h \u2013\u00a0<em style=\"box-sizing: border-box; margin: 0px; padding: 0px; border: 0px; font-variant: inherit; font-stretch: inherit; font-size: inherit; line-height: inherit; vertical-align: baseline;\">Ilus\u00f5es Perdidas<\/em><\/p>\n<p style=\"box-sizing: border-box; margin: 0px 0px 1.1em; padding: 0px; border: 0px; font-style: inherit; font-variant: inherit; font-stretch: inherit; line-height: 2; vertical-align: baseline;\">\u2192 Domingo (12)<br style=\"box-sizing: border-box;\" \/>10h \u2013\u00a0<em style=\"box-sizing: border-box; margin: 0px; padding: 0px; border: 0px; font-variant: inherit; font-stretch: inherit; font-size: inherit; line-height: inherit; vertical-align: baseline;\">Perlimps<\/em><br style=\"box-sizing: border-box;\" \/>14h \u2013\u00a0<em style=\"box-sizing: border-box; margin: 0px; padding: 0px; border: 0px; font-variant: inherit; font-stretch: inherit; font-size: inherit; line-height: inherit; vertical-align: baseline;\">Regra 34<\/em><br style=\"box-sizing: border-box;\" \/>16h \u2013\u00a0<em style=\"box-sizing: border-box; margin: 0px; padding: 0px; border: 0px; font-variant: inherit; font-stretch: inherit; font-size: inherit; line-height: inherit; vertical-align: baseline;\">As Hist\u00f3rias de Meu Pai<\/em><br style=\"box-sizing: border-box;\" \/>18h \u2013\u00a0<em style=\"box-sizing: border-box; margin: 0px; padding: 0px; border: 0px; font-variant: inherit; font-stretch: inherit; font-size: inherit; line-height: inherit; vertical-align: baseline;\">As Hist\u00f3rias de Meu Pai<\/em><br style=\"box-sizing: border-box;\" \/>20h \u2013\u00a0<em style=\"box-sizing: border-box; margin: 0px; padding: 0px; border: 0px; font-variant: inherit; font-stretch: inherit; font-size: inherit; line-height: inherit; vertical-align: baseline;\">Ilus\u00f5es Perdidas<\/em><\/p>\n<p style=\"box-sizing: border-box; margin: 0px 0px 1.1em; padding: 0px; border: 0px; font-style: inherit; font-variant: inherit; font-stretch: inherit; line-height: 2; vertical-align: baseline;\">\u2192 Segunda-feira (13)<br style=\"box-sizing: border-box;\" \/>14h \u2013\u00a0<em style=\"box-sizing: border-box; margin: 0px; padding: 0px; border: 0px; font-variant: inherit; font-stretch: inherit; font-size: inherit; line-height: inherit; vertical-align: baseline;\">Regra 34<\/em><br style=\"box-sizing: border-box;\" \/>16h \u2013\u00a0<em style=\"box-sizing: border-box; margin: 0px; padding: 0px; border: 0px; font-variant: inherit; font-stretch: inherit; font-size: inherit; line-height: inherit; vertical-align: baseline;\">As Hist\u00f3rias de Meu Pai<\/em><br style=\"box-sizing: border-box;\" \/>20h30 \u2013 Abertura da Mostra Pa\u00edses Baixos:\u00a0<em style=\"box-sizing: border-box; margin: 0px; padding: 0px; border: 0px; font-variant: inherit; font-stretch: inherit; font-size: inherit; line-height: inherit; vertical-align: baseline;\">Black Book \u2013 A Espi\u00e3<\/em><\/p>\n<p style=\"box-sizing: border-box; margin: 0px 0px 1.1em; padding: 0px; border: 0px; font-style: inherit; font-variant: inherit; font-stretch: inherit; line-height: 2; vertical-align: baseline;\">\u2192 Ter\u00e7a-feira (14)<br style=\"box-sizing: border-box;\" \/>10h \u2013\u00a0<em style=\"box-sizing: border-box; margin: 0px; padding: 0px; border: 0px; font-variant: inherit; font-stretch: inherit; font-size: inherit; line-height: inherit; vertical-align: baseline;\">Perlimps<\/em><br style=\"box-sizing: border-box;\" \/>14h \u2013\u00a0<em style=\"box-sizing: border-box; margin: 0px; padding: 0px; border: 0px; font-variant: inherit; font-stretch: inherit; font-size: inherit; line-height: inherit; vertical-align: baseline;\">Regra 34<\/em><br style=\"box-sizing: border-box;\" \/>16h \u2013\u00a0<em style=\"box-sizing: border-box; margin: 0px; padding: 0px; border: 0px; font-variant: inherit; font-stretch: inherit; font-size: inherit; line-height: inherit; vertical-align: baseline;\">As Hist\u00f3rias de Meu Pai<\/em><br style=\"box-sizing: border-box;\" \/>18h \u2013\u00a0<em style=\"box-sizing: border-box; margin: 0px; padding: 0px; border: 0px; font-variant: inherit; font-stretch: inherit; font-size: inherit; line-height: inherit; vertical-align: baseline;\">As Hist\u00f3rias de Meu Pai<\/em><br style=\"box-sizing: border-box;\" \/>20h30 \u2013\u00a0<em style=\"box-sizing: border-box; margin: 0px; padding: 0px; border: 0px; font-variant: inherit; font-stretch: inherit; font-size: inherit; line-height: inherit; vertical-align: baseline;\">Nr. 10<\/em>\u00a0(Mostra Pa\u00edses Baixos)<\/p>\n<p style=\"box-sizing: border-box; margin: 0px 0px 1.1em; padding: 0px; border: 0px; font-style: inherit; font-variant: inherit; font-stretch: inherit; line-height: 2; vertical-align: baseline;\">\u2192 Quarta-feira (15)<br style=\"box-sizing: border-box;\" \/>10h \u2013\u00a0<em style=\"box-sizing: border-box; margin: 0px; padding: 0px; border: 0px; font-variant: inherit; font-stretch: inherit; font-size: inherit; line-height: inherit; vertical-align: baseline;\">Perlimps<br style=\"box-sizing: border-box;\" \/><\/em>14h \u2013\u00a0<em style=\"box-sizing: border-box; margin: 0px; padding: 0px; border: 0px; font-variant: inherit; font-stretch: inherit; font-size: inherit; line-height: inherit; vertical-align: baseline;\">Regra 34<\/em><br style=\"box-sizing: border-box;\" \/>16h \u2013\u00a0<em style=\"box-sizing: border-box; margin: 0px; padding: 0px; border: 0px; font-variant: inherit; font-stretch: inherit; font-size: inherit; line-height: inherit; vertical-align: baseline;\">As Hist\u00f3rias de Meu Pai<\/em><br style=\"box-sizing: border-box;\" \/>18h \u2013\u00a0<em style=\"box-sizing: border-box; margin: 0px; padding: 0px; border: 0px; font-variant: inherit; font-stretch: inherit; font-size: inherit; line-height: inherit; vertical-align: baseline;\">As Hist\u00f3rias de Meu Pai<\/em><br style=\"box-sizing: border-box;\" \/>20h30 \u2013\u00a0<em style=\"box-sizing: border-box; margin: 0px; padding: 0px; border: 0px; font-variant: inherit; font-stretch: inherit; font-size: inherit; line-height: inherit; vertical-align: baseline;\">The Paradise Suite<\/em>\u00a0(Mostra Pa\u00edses Baixos)<\/p>\n<\/div>\n<\/div>\n<\/div>\n<\/div>\n<\/div>\n<\/div>\n<\/article>\n","protected":false},"excerpt":{"rendered":"<header style=\"box-sizing: border-box; margin: 0px auto 3em; padding: 0px; border-width: 0px 0px 2px; border-image: initial; font-variant-numeric: inherit; font-variant-east-asian: inherit; font-stretch: inherit; font-size: 18px; line-height: inherit; vertical-align: baseline; font-family: Regular, sans-serif; max-width: 980px; color: #000000; border-color: initial initial #999999 initial; border-style: initial initial solid initial;\">\n<h1>Neste fim de semana tem op\u00e7\u00e3o para o p\u00fablico infantil e o Festival do Cinema Neerland\u00eas come\u00e7a na pr\u00f3xima segunda (13)<\/h1>\n<p>Catarina Loiola, da Ag\u00eancia Bras\u00edlia I Edi\u00e7\u00e3o: D\u00e9bora Cronemberger<\/p>\n","protected":false},"author":3,"featured_media":0,"comment_status":"open","ping_status":"open","sticky":false,"template":"","format":"standard","meta":{"_monsterinsights_skip_tracking":false,"_monsterinsights_sitenote_active":false,"_monsterinsights_sitenote_note":"","_monsterinsights_sitenote_category":0,"footnotes":""},"categories":[34],"tags":[],"class_list":["post-735","post","type-post","status-publish","format-standard","hentry","category-destaque"],"_links":{"self":[{"href":"https:\/\/cidadecult.com.br\/index.php?rest_route=\/wp\/v2\/posts\/735","targetHints":{"allow":["GET"]}}],"collection":[{"href":"https:\/\/cidadecult.com.br\/index.php?rest_route=\/wp\/v2\/posts"}],"about":[{"href":"https:\/\/cidadecult.com.br\/index.php?rest_route=\/wp\/v2\/types\/post"}],"author":[{"embeddable":true,"href":"https:\/\/cidadecult.com.br\/index.php?rest_route=\/wp\/v2\/users\/3"}],"replies":[{"embeddable":true,"href":"https:\/\/cidadecult.com.br\/index.php?rest_route=%2Fwp%2Fv2%2Fcomments&post=735"}],"version-history":[{"count":0,"href":"https:\/\/cidadecult.com.br\/index.php?rest_route=\/wp\/v2\/posts\/735\/revisions"}],"wp:attachment":[{"href":"https:\/\/cidadecult.com.br\/index.php?rest_route=%2Fwp%2Fv2%2Fmedia&parent=735"}],"wp:term":[{"taxonomy":"category","embeddable":true,"href":"https:\/\/cidadecult.com.br\/index.php?rest_route=%2Fwp%2Fv2%2Fcategories&post=735"},{"taxonomy":"post_tag","embeddable":true,"href":"https:\/\/cidadecult.com.br\/index.php?rest_route=%2Fwp%2Fv2%2Ftags&post=735"}],"curies":[{"name":"wp","href":"https:\/\/api.w.org\/{rel}","templated":true}]}}