{"id":7296,"date":"2024-09-04T12:45:20","date_gmt":"2024-09-04T15:45:20","guid":{"rendered":"https:\/\/cidadecult.com.br\/?p=7296"},"modified":"2024-09-04T13:01:56","modified_gmt":"2024-09-04T16:01:56","slug":"o-novo-lar-de-orfeu-revela-a-vida-das-capivaras-e-ensina-como-conviver-harmoniosamente-com-esses-adoraveis-habitantes-da-orla-do-lago-paranoa","status":"publish","type":"post","link":"https:\/\/cidadecult.com.br\/?p=7296","title":{"rendered":"&#8220;O Novo Lar de Orfeu&#8221; revela a vida das capivaras e ensina como conviver harmoniosamente com esses ador\u00e1veis habitantes da Orla do Lago Parano\u00e1!"},"content":{"rendered":"\n<p>Foto: <em>Divulga\u00e7\u00e3o<\/em><\/p>\n\n\n\n<p>A preserva\u00e7\u00e3o ambiental e a conscientiza\u00e7\u00e3o sobre a fauna local est\u00e3o em alta com o lan\u00e7amento do livro infantil &#8220;O Novo Lar de Orfeu&#8221;! <\/p>\n\n\n\n<p>Com apoio da Sema-DF, Funam-DF e da Universidade Cat\u00f3lica de Bras\u00edlia (UCB), o projeto traz uma abordagem l\u00fadica e educativa sobre as capivaras da Orla do Lago Parano\u00e1. A obra, idealizada pelas professoras Melina Guimar\u00e3es e Morgana Bruno, e com ilustra\u00e7\u00f5es de Cris Eich, \u00e9 uma verdadeira aventura para os pequenos. <\/p>\n\n\n\n<p><strong>O que voc\u00ea vai encontrar:<\/strong><\/p>\n\n\n\n<ul class=\"wp-block-list\">\n<li>Uma hist\u00f3ria encantadora sobre Orfeu, a capivara que enfrenta desafios e encontra seu novo lar.<\/li>\n\n\n\n<li>Informa\u00e7\u00f5es valiosas sobre o modo de vida das capivaras e como se proteger dos carrapatos.<\/li>\n\n\n\n<li>Uma abordagem dos impactos das queimadas no Cerrado e outros desafios ambientais.<\/li>\n<\/ul>\n\n\n\n<p>Al\u00e9m de ser um conto divertido, o livro visa promover a conscientiza\u00e7\u00e3o ambiental e uma conviv\u00eancia harmoniosa com a fauna urbana. <\/p>\n\n\n\n<p>Quer saber mais sobre como as capivaras est\u00e3o sendo monitoradas e como voc\u00ea pode contribuir para um ambiente mais sustent\u00e1vel? Confira o livro dispon\u00edvel no link abaixo e mergulhe nessa aventura ecol\u00f3gica!<\/p>\n\n\n\n<p><\/p>\n\n\n\n<p><\/p>\n","protected":false},"excerpt":{"rendered":"<p>Foto: Divulga\u00e7\u00e3o A preserva\u00e7\u00e3o ambiental e a conscientiza\u00e7\u00e3o sobre a fauna local est\u00e3o em alta com o lan\u00e7amento do livro infantil &#8220;O Novo Lar de Orfeu&#8221;! Com apoio da Sema-DF, Funam-DF e da Universidade Cat\u00f3lica de Bras\u00edlia (UCB), o projeto traz uma abordagem l\u00fadica e educativa sobre as capivaras da Orla do Lago Parano\u00e1. A [&hellip;]<\/p>\n","protected":false},"author":5191,"featured_media":7330,"comment_status":"open","ping_status":"open","sticky":false,"template":"","format":"standard","meta":{"_monsterinsights_skip_tracking":false,"_monsterinsights_sitenote_active":false,"_monsterinsights_sitenote_note":"","_monsterinsights_sitenote_category":0,"footnotes":""},"categories":[17,300,1],"tags":[429,419,2573,431,2571],"class_list":["post-7296","post","type-post","status-publish","format-standard","has-post-thumbnail","hentry","category-bsb","category-literatura","category-sem-categoria","tag-brasilia-3","tag-brasiliadf-2","tag-capivaras","tag-distritofederal-2","tag-meioambiuente"],"_links":{"self":[{"href":"https:\/\/cidadecult.com.br\/index.php?rest_route=\/wp\/v2\/posts\/7296","targetHints":{"allow":["GET"]}}],"collection":[{"href":"https:\/\/cidadecult.com.br\/index.php?rest_route=\/wp\/v2\/posts"}],"about":[{"href":"https:\/\/cidadecult.com.br\/index.php?rest_route=\/wp\/v2\/types\/post"}],"author":[{"embeddable":true,"href":"https:\/\/cidadecult.com.br\/index.php?rest_route=\/wp\/v2\/users\/5191"}],"replies":[{"embeddable":true,"href":"https:\/\/cidadecult.com.br\/index.php?rest_route=%2Fwp%2Fv2%2Fcomments&post=7296"}],"version-history":[{"count":2,"href":"https:\/\/cidadecult.com.br\/index.php?rest_route=\/wp\/v2\/posts\/7296\/revisions"}],"predecessor-version":[{"id":7332,"href":"https:\/\/cidadecult.com.br\/index.php?rest_route=\/wp\/v2\/posts\/7296\/revisions\/7332"}],"wp:featuredmedia":[{"embeddable":true,"href":"https:\/\/cidadecult.com.br\/index.php?rest_route=\/wp\/v2\/media\/7330"}],"wp:attachment":[{"href":"https:\/\/cidadecult.com.br\/index.php?rest_route=%2Fwp%2Fv2%2Fmedia&parent=7296"}],"wp:term":[{"taxonomy":"category","embeddable":true,"href":"https:\/\/cidadecult.com.br\/index.php?rest_route=%2Fwp%2Fv2%2Fcategories&post=7296"},{"taxonomy":"post_tag","embeddable":true,"href":"https:\/\/cidadecult.com.br\/index.php?rest_route=%2Fwp%2Fv2%2Ftags&post=7296"}],"curies":[{"name":"wp","href":"https:\/\/api.w.org\/{rel}","templated":true}]}}