{"id":7292,"date":"2024-09-04T10:22:08","date_gmt":"2024-09-04T13:22:08","guid":{"rendered":"https:\/\/cidadecult.com.br\/?p=7292"},"modified":"2024-09-04T10:28:12","modified_gmt":"2024-09-04T13:28:12","slug":"centro-de-danca-do-df-um-espaco-de-movimento-e-inclusao","status":"publish","type":"post","link":"https:\/\/cidadecult.com.br\/?p=7292","title":{"rendered":"Centro de Dan\u00e7a do DF: Um Espa\u00e7o de Movimento e Inclus\u00e3o!"},"content":{"rendered":"\n<p>Foto: <em>\u00a0Divulga\u00e7\u00e3o\/ Secec-DF<\/em><\/p>\n\n\n\n<p>Sabia que o Centro de Dan\u00e7a do Distrito Federal j\u00e1 atendeu cerca de <strong>30 mil alunos<\/strong> s\u00f3 no primeiro semestre de 2024?  Isso mesmo! Um aumento de 54% comparado ao ano passado! E o melhor? Oferece diversas modalidades, com aulas que custam at\u00e9 R$ 13 por hora ou at\u00e9 de gra\u00e7a! <\/p>\n\n\n\n<p>O Centro de Dan\u00e7a, localizado na Quadra 1 do Setor de Autarquias Norte, \u00e9 o \u00fanico espa\u00e7o p\u00fablico em Bras\u00edlia dedicado exclusivamente \u00e0 arte da dan\u00e7a. O lugar \u00e9 complet\u00edssimo: tem salas equipadas com tudo que os dan\u00e7arinos precisam, como espelhos, barras e solos emborrachados. Funciona de segunda a s\u00e1bado, das 9h \u00e0s 22h, e oferece uma variedade incr\u00edvel de aulas, desde bal\u00e9 cl\u00e1ssico at\u00e9 dan\u00e7as urbanas. <\/p>\n\n\n\n<p> <strong>Novidades na Grade!<\/strong> <\/p>\n\n\n\n<ul class=\"wp-block-list\">\n<li><strong>Aulas de dan\u00e7a para pessoas com s\u00edndrome de Down<\/strong>: \u00c0s quartas-feiras, das 16h30 \u00e0s 18h. Professores Carlos Guerreiro e Catherine Zil\u00e1 est\u00e3o mudando vidas por l\u00e1! <\/li>\n\n\n\n<li><strong>Aulas de breaking<\/strong>: A modalidade que bombou nas Olimp\u00edadas de Paris chegou com tudo! Rolam \u00e0s quartas e sextas, das 20h \u00e0s 22h. <\/li>\n<\/ul>\n\n\n\n<p>Al\u00e9m disso, ainda tem muito mais! O Centro oferece op\u00e7\u00f5es de bal\u00e9 infantil, dan\u00e7a afro contempor\u00e2nea, capoeira, dan\u00e7as urbanas e muito mais. Quer dan\u00e7ar? O Centro de Dan\u00e7a \u00e9 o lugar perfeito!<\/p>\n\n\n\n<p><\/p>\n","protected":false},"excerpt":{"rendered":"<p>Foto: \u00a0Divulga\u00e7\u00e3o\/ Secec-DF Sabia que o Centro de Dan\u00e7a do Distrito Federal j\u00e1 atendeu cerca de 30 mil alunos s\u00f3 no primeiro semestre de 2024? Isso mesmo! Um aumento de 54% comparado ao ano passado! E o melhor? Oferece diversas modalidades, com aulas que custam at\u00e9 R$ 13 por hora ou at\u00e9 de gra\u00e7a! O [&hellip;]<\/p>\n","protected":false},"author":5191,"featured_media":7293,"comment_status":"open","ping_status":"open","sticky":false,"template":"","format":"standard","meta":{"_monsterinsights_skip_tracking":false,"_monsterinsights_sitenote_active":false,"_monsterinsights_sitenote_note":"","_monsterinsights_sitenote_category":0,"footnotes":""},"categories":[17,290],"tags":[2570,403,423,973,431,406,2099],"class_list":["post-7292","post","type-post","status-publish","format-standard","has-post-thumbnail","hentry","category-bsb","category-educacao","tag-centrodedanca","tag-cidadecult-2","tag-cidadecultpordentro-2","tag-danca","tag-distritofederal-2","tag-inclusao","tag-qualidadedevida"],"_links":{"self":[{"href":"https:\/\/cidadecult.com.br\/index.php?rest_route=\/wp\/v2\/posts\/7292","targetHints":{"allow":["GET"]}}],"collection":[{"href":"https:\/\/cidadecult.com.br\/index.php?rest_route=\/wp\/v2\/posts"}],"about":[{"href":"https:\/\/cidadecult.com.br\/index.php?rest_route=\/wp\/v2\/types\/post"}],"author":[{"embeddable":true,"href":"https:\/\/cidadecult.com.br\/index.php?rest_route=\/wp\/v2\/users\/5191"}],"replies":[{"embeddable":true,"href":"https:\/\/cidadecult.com.br\/index.php?rest_route=%2Fwp%2Fv2%2Fcomments&post=7292"}],"version-history":[{"count":1,"href":"https:\/\/cidadecult.com.br\/index.php?rest_route=\/wp\/v2\/posts\/7292\/revisions"}],"predecessor-version":[{"id":7294,"href":"https:\/\/cidadecult.com.br\/index.php?rest_route=\/wp\/v2\/posts\/7292\/revisions\/7294"}],"wp:featuredmedia":[{"embeddable":true,"href":"https:\/\/cidadecult.com.br\/index.php?rest_route=\/wp\/v2\/media\/7293"}],"wp:attachment":[{"href":"https:\/\/cidadecult.com.br\/index.php?rest_route=%2Fwp%2Fv2%2Fmedia&parent=7292"}],"wp:term":[{"taxonomy":"category","embeddable":true,"href":"https:\/\/cidadecult.com.br\/index.php?rest_route=%2Fwp%2Fv2%2Fcategories&post=7292"},{"taxonomy":"post_tag","embeddable":true,"href":"https:\/\/cidadecult.com.br\/index.php?rest_route=%2Fwp%2Fv2%2Ftags&post=7292"}],"curies":[{"name":"wp","href":"https:\/\/api.w.org\/{rel}","templated":true}]}}