{"id":7268,"date":"2024-09-03T12:30:15","date_gmt":"2024-09-03T15:30:15","guid":{"rendered":"https:\/\/cidadecult.com.br\/?p=7268"},"modified":"2024-09-03T13:18:27","modified_gmt":"2024-09-03T16:18:27","slug":"da-primeira-infancia-ao-ensino-superior-educacao-impulsiona-qualidade-de-vida-do-brasiliense","status":"publish","type":"post","link":"https:\/\/cidadecult.com.br\/?p=7268","title":{"rendered":"Da primeira inf\u00e2ncia ao ensino superior: educa\u00e7\u00e3o impulsiona qualidade de vida do brasiliense"},"content":{"rendered":"\n<p>Foto:<em>\u00a0L\u00facio Bernardo Jr.<\/em><\/p>\n\n\n\n<p><strong>Pol\u00edticas p\u00fablicas educacionais colocam o Distrito Federal entre as unidades da Federa\u00e7\u00e3o com maior acesso \u00e0 gradua\u00e7\u00e3o e menores taxas de analfabetismo<\/strong><\/p>\n\n\n\n<p>O caminho para alcan\u00e7ar qualquer objetivo profissional come\u00e7a na sala de aula. Em Bras\u00edlia, esse percurso foi fundamental para a capital federal figurar no topo do ranking de qualidade de vida. De acordo com o \u00cdndice de Progresso Social Brasil (IPS) 2024, a alta taxa de acesso ao ensino superior \u00e9 um dos principais fatores que impulsionam o desempenho da cidade.<\/p>\n\n\n\n<p>A Secret\u00e1ria de Educa\u00e7\u00e3o do DF, H\u00e9lvia Paranagu\u00e1, destaca que \u201ca educa\u00e7\u00e3o faz toda a diferen\u00e7a na vida da crian\u00e7a em cada etapa at\u00e9 a universidade\u201d. Para ela, a forma\u00e7\u00e3o escolar \u00e9 essencial para a entrada no mercado de trabalho e para a transforma\u00e7\u00e3o social. H\u00e9lvia lembra que a valoriza\u00e7\u00e3o da educa\u00e7\u00e3o em Bras\u00edlia remonta a An\u00edsio Teixeira e seu conceito de educa\u00e7\u00e3o integral.<\/p>\n\n\n\n<p>A gest\u00e3o educacional do GDF \u00e9 voltada para pol\u00edticas p\u00fablicas que visam combater problemas como pobreza e desemprego. \u201cDesde An\u00edsio Teixeira, a educa\u00e7\u00e3o em Bras\u00edlia \u00e9 valorizada, com escolas de m\u00fasica, escolas parque e centros de l\u00ednguas que oferecem profici\u00eancia em v\u00e1rios idiomas\u201d, afirma a secret\u00e1ria.<\/p>\n\n\n\n<p><strong>Alfabetiza\u00e7\u00e3o e Ensino Superior<\/strong><\/p>\n\n\n\n<p>O DF destaca-se pela alta taxa de alfabetiza\u00e7\u00e3o, com 97,2% da popula\u00e7\u00e3o sabendo ler e escrever, ficando atr\u00e1s apenas de Santa Catarina. A gest\u00e3o atual tem investido em programas como o Alfaletrando, que capacitou 3 mil profissionais da educa\u00e7\u00e3o em 2024, e o DF Alfabetizado, voltado para a alfabetiza\u00e7\u00e3o de jovens, adultos e idosos. Esses programas s\u00e3o cruciais para garantir que todas as crian\u00e7as estejam alfabetizadas ao final do segundo ano do ensino fundamental e para apoiar aqueles que desejam retomar os estudos.<\/p>\n\n\n\n<p><strong>Profissionaliza\u00e7\u00e3o e Inclus\u00e3o<\/strong><\/p>\n\n\n\n<p>A EJA (Educa\u00e7\u00e3o de Jovens e Adultos) tem desempenhado um papel vital na vida de muitos brasilenses, como Eline Maria da Silva, que retornou aos estudos para concluir o ensino m\u00e9dio e agora est\u00e1 se especializando em enfermagem. \u201cA EJA me mostrou que qualquer pessoa pode conquistar seus sonhos a qualquer momento da vida\u201d, afirma Eline.<\/p>\n\n\n\n<p><strong>Primeira Inf\u00e2ncia<\/strong><\/p>\n\n\n\n<p>O GDF tamb\u00e9m investe na educa\u00e7\u00e3o desde a primeira inf\u00e2ncia. Maria J\u00falia Rocha, de 4 anos, j\u00e1 demonstra entusiasmo pelos estudos na creche, que \u00e9 parcialmente financiada pelo programa Cart\u00e3o Creche. Desde 2021, o programa j\u00e1 atendeu quase 19 mil benefici\u00e1rios, com um investimento de R$ 138,5 milh\u00f5es, e continua a expandir sua atua\u00e7\u00e3o.<\/p>\n\n\n\n<p>O investimento em creches p\u00fablicas tamb\u00e9m \u00e9 significativo, com 13 novas unidades inauguradas nos \u00faltimos cinco anos e outras 17 em constru\u00e7\u00e3o, com um investimento total de R$ 91,96 milh\u00f5es. Esses esfor\u00e7os refletem a dedica\u00e7\u00e3o do GDF em garantir acesso \u00e0 educa\u00e7\u00e3o de qualidade para todas as faixas et\u00e1rias, desde a primeira inf\u00e2ncia at\u00e9 o ensino superior.<\/p>\n","protected":false},"excerpt":{"rendered":"<p>Foto:\u00a0L\u00facio Bernardo Jr. Pol\u00edticas p\u00fablicas educacionais colocam o Distrito Federal entre as unidades da Federa\u00e7\u00e3o com maior acesso \u00e0 gradua\u00e7\u00e3o e menores taxas de analfabetismo O caminho para alcan\u00e7ar qualquer objetivo profissional come\u00e7a na sala de aula. Em Bras\u00edlia, esse percurso foi fundamental para a capital federal figurar no topo do ranking de qualidade de [&hellip;]<\/p>\n","protected":false},"author":5191,"featured_media":7269,"comment_status":"open","ping_status":"open","sticky":false,"template":"","format":"standard","meta":{"_monsterinsights_skip_tracking":false,"_monsterinsights_sitenote_active":false,"_monsterinsights_sitenote_note":"","_monsterinsights_sitenote_category":0,"footnotes":""},"categories":[17,290],"tags":[429,403,2561,2560,948,559,2099],"class_list":["post-7268","post","type-post","status-publish","format-standard","has-post-thumbnail","hentry","category-bsb","category-educacao","tag-brasilia-3","tag-cidadecult-2","tag-educacaodejovenseadultos","tag-educacaoinclusiva","tag-ensinosuperior","tag-qualidadedeensino","tag-qualidadedevida"],"_links":{"self":[{"href":"https:\/\/cidadecult.com.br\/index.php?rest_route=\/wp\/v2\/posts\/7268","targetHints":{"allow":["GET"]}}],"collection":[{"href":"https:\/\/cidadecult.com.br\/index.php?rest_route=\/wp\/v2\/posts"}],"about":[{"href":"https:\/\/cidadecult.com.br\/index.php?rest_route=\/wp\/v2\/types\/post"}],"author":[{"embeddable":true,"href":"https:\/\/cidadecult.com.br\/index.php?rest_route=\/wp\/v2\/users\/5191"}],"replies":[{"embeddable":true,"href":"https:\/\/cidadecult.com.br\/index.php?rest_route=%2Fwp%2Fv2%2Fcomments&post=7268"}],"version-history":[{"count":4,"href":"https:\/\/cidadecult.com.br\/index.php?rest_route=\/wp\/v2\/posts\/7268\/revisions"}],"predecessor-version":[{"id":7274,"href":"https:\/\/cidadecult.com.br\/index.php?rest_route=\/wp\/v2\/posts\/7268\/revisions\/7274"}],"wp:featuredmedia":[{"embeddable":true,"href":"https:\/\/cidadecult.com.br\/index.php?rest_route=\/wp\/v2\/media\/7269"}],"wp:attachment":[{"href":"https:\/\/cidadecult.com.br\/index.php?rest_route=%2Fwp%2Fv2%2Fmedia&parent=7268"}],"wp:term":[{"taxonomy":"category","embeddable":true,"href":"https:\/\/cidadecult.com.br\/index.php?rest_route=%2Fwp%2Fv2%2Fcategories&post=7268"},{"taxonomy":"post_tag","embeddable":true,"href":"https:\/\/cidadecult.com.br\/index.php?rest_route=%2Fwp%2Fv2%2Ftags&post=7268"}],"curies":[{"name":"wp","href":"https:\/\/api.w.org\/{rel}","templated":true}]}}