{"id":7265,"date":"2024-09-03T12:14:33","date_gmt":"2024-09-03T15:14:33","guid":{"rendered":"https:\/\/cidadecult.com.br\/?p=7265"},"modified":"2024-09-03T12:14:36","modified_gmt":"2024-09-03T15:14:36","slug":"setembro-celebrando-a-independencia-a-primavera-e-datas-de-conscientizacao","status":"publish","type":"post","link":"https:\/\/cidadecult.com.br\/?p=7265","title":{"rendered":"Setembro: Celebrando a Independ\u00eancia, a Primavera e Datas de conscientiza\u00e7\u00e3o"},"content":{"rendered":"\n<p>Foto: <em>Ricardo Stuckert<\/em><\/p>\n\n\n\n<p><strong>Setembro chegou com um mix de celebra\u00e7\u00f5es e datas importantes! <\/strong><\/p>\n\n\n\n<p><strong>Feriado Nacional:<\/strong> Depois de tr\u00eas meses sem feriados, setembro traz o Dia da Independ\u00eancia do Brasil, comemorado em 7 de setembro. Este ano, a data cai em um s\u00e1bado, ent\u00e3o n\u00e3o teremos um feriado prolongado, mas ainda assim \u00e9 um momento para refletir sobre o conceito de \u201cindepend\u00eancia\u201d e acompanhar desfiles e eventos como o Grito dos Exclu\u00eddos.<\/p>\n\n\n\n<p><strong>Primavera:<\/strong> A esta\u00e7\u00e3o das flores chega no Hemisf\u00e9rio Sul com o Equin\u00f3cio de Primavera, que ocorre exatamente \u00e0s 9h43 do dia 22 de setembro. \u00c9 o momento em que o dia e a noite t\u00eam a mesma dura\u00e7\u00e3o. <\/p>\n\n\n\n<p> <strong>Datas de Conscientiza\u00e7\u00e3o:<\/strong><\/p>\n\n\n\n<ul class=\"wp-block-list\">\n<li><strong>5 de setembro:<\/strong> Dia da Amaz\u00f4nia , um lembrete da import\u00e2ncia da preserva\u00e7\u00e3o da maior floresta tropical do mundo.<\/li>\n\n\n\n<li><strong>10 de setembro:<\/strong> Dia Mundial de Preven\u00e7\u00e3o ao Suic\u00eddio , conhecido como Setembro Amarelo, que destaca a import\u00e2ncia da preven\u00e7\u00e3o e tratamento de doen\u00e7as mentais, como a depress\u00e3o.<\/li>\n<\/ul>\n\n\n\n<p> <strong>Datas de Luta e Inclus\u00e3o:<\/strong><\/p>\n\n\n\n<ul class=\"wp-block-list\">\n<li><strong>21 de setembro:<\/strong> Dia Nacional de Luta da Pessoa com Defici\u00eancia , uma data para reconhecer e apoiar a luta por direitos e inclus\u00e3o.<\/li>\n\n\n\n<li><strong>26 de setembro:<\/strong> Dia Nacional dos Surdos , comemorando a funda\u00e7\u00e3o do Instituto Nacional de Educa\u00e7\u00e3o de Surdos (INES) e a contribui\u00e7\u00e3o da comunidade surda para a sociedade.<\/li>\n<\/ul>\n\n\n\n<p>Fique atento \u00e0s efem\u00e9rides e aproveite o m\u00eas de setembro para refletir, celebrar e se engajar em causas importantes! <\/p>\n","protected":false},"excerpt":{"rendered":"<p>Foto: Ricardo Stuckert Setembro chegou com um mix de celebra\u00e7\u00f5es e datas importantes! Feriado Nacional: Depois de tr\u00eas meses sem feriados, setembro traz o Dia da Independ\u00eancia do Brasil, comemorado em 7 de setembro. Este ano, a data cai em um s\u00e1bado, ent\u00e3o n\u00e3o teremos um feriado prolongado, mas ainda assim \u00e9 um momento para [&hellip;]<\/p>\n","protected":false},"author":5191,"featured_media":7256,"comment_status":"open","ping_status":"open","sticky":false,"template":"","format":"standard","meta":{"_monsterinsights_skip_tracking":false,"_monsterinsights_sitenote_active":false,"_monsterinsights_sitenote_note":"","_monsterinsights_sitenote_category":0,"footnotes":""},"categories":[41,17,34],"tags":[429,403,1683,2550,2559],"class_list":["post-7265","post","type-post","status-publish","format-standard","has-post-thumbnail","hentry","category-agenda","category-bsb","category-destaque","tag-brasilia-3","tag-cidadecult-2","tag-conscientizacao","tag-diadaindependencia","tag-setembroamarelo"],"_links":{"self":[{"href":"https:\/\/cidadecult.com.br\/index.php?rest_route=\/wp\/v2\/posts\/7265","targetHints":{"allow":["GET"]}}],"collection":[{"href":"https:\/\/cidadecult.com.br\/index.php?rest_route=\/wp\/v2\/posts"}],"about":[{"href":"https:\/\/cidadecult.com.br\/index.php?rest_route=\/wp\/v2\/types\/post"}],"author":[{"embeddable":true,"href":"https:\/\/cidadecult.com.br\/index.php?rest_route=\/wp\/v2\/users\/5191"}],"replies":[{"embeddable":true,"href":"https:\/\/cidadecult.com.br\/index.php?rest_route=%2Fwp%2Fv2%2Fcomments&post=7265"}],"version-history":[{"count":2,"href":"https:\/\/cidadecult.com.br\/index.php?rest_route=\/wp\/v2\/posts\/7265\/revisions"}],"predecessor-version":[{"id":7267,"href":"https:\/\/cidadecult.com.br\/index.php?rest_route=\/wp\/v2\/posts\/7265\/revisions\/7267"}],"wp:featuredmedia":[{"embeddable":true,"href":"https:\/\/cidadecult.com.br\/index.php?rest_route=\/wp\/v2\/media\/7256"}],"wp:attachment":[{"href":"https:\/\/cidadecult.com.br\/index.php?rest_route=%2Fwp%2Fv2%2Fmedia&parent=7265"}],"wp:term":[{"taxonomy":"category","embeddable":true,"href":"https:\/\/cidadecult.com.br\/index.php?rest_route=%2Fwp%2Fv2%2Fcategories&post=7265"},{"taxonomy":"post_tag","embeddable":true,"href":"https:\/\/cidadecult.com.br\/index.php?rest_route=%2Fwp%2Fv2%2Ftags&post=7265"}],"curies":[{"name":"wp","href":"https:\/\/api.w.org\/{rel}","templated":true}]}}