{"id":725,"date":"2022-12-28T05:26:41","date_gmt":"2022-12-28T08:26:41","guid":{"rendered":"https:\/\/cidadecult.com.br\/novo\/conheca-as-atracoes-do-viva-2023\/"},"modified":"2022-12-28T05:26:41","modified_gmt":"2022-12-28T08:26:41","slug":"conheca-as-atracoes-do-viva-2023","status":"publish","type":"post","link":"https:\/\/cidadecult.com.br\/?p=725","title":{"rendered":"Conhe\u00e7a as atra\u00e7\u00f5es do Viva 2023"},"content":{"rendered":"<header style=\"box-sizing: border-box; margin: 0px auto 3em; padding: 0px; border-width: 0px 0px 2px; border-image: initial; font-variant-numeric: inherit; font-variant-east-asian: inherit; font-stretch: inherit; font-size: 18px; line-height: inherit; vertical-align: baseline; font-family: Regular, sans-serif; max-width: 980px; color: #000000; border-color: initial initial #999999 initial; border-style: initial initial solid initial;\">\n<h1>Em formato in\u00e9dito, festa de ano-novo ter\u00e1 cinco palcos em quatro regi\u00f5es administrativas<\/h1>\n<p>Ag\u00eancia Bras\u00edlia* | Edi\u00e7\u00e3o: Carolina Lobo<\/p>\n<div class=\"row\" style=\"box-sizing: border-box; margin: 2em 0px; padding: 0px; border: 0px; font-style: inherit; font-variant: inherit; font-weight: inherit; font-stretch: inherit; font-size: inherit; line-height: inherit; vertical-align: baseline;\">\n<div class=\"col\" style=\"box-sizing: border-box; margin: 0px; padding: 0px; border: 0px; font-style: inherit; font-variant: inherit; font-weight: inherit; font-stretch: inherit; font-size: inherit; line-height: inherit; vertical-align: baseline; float: left; width: 637px;\">\n<ul class=\"cats\" style=\"box-sizing: border-box; margin: 0px; padding: 0px; border: 0px; font-style: inherit; font-variant: inherit; font-weight: inherit; font-stretch: inherit; font-size: inherit; line-height: inherit; vertical-align: baseline; list-style: none;\">\n<li style=\"box-sizing: border-box; margin: 0px 0px 0.2em; padding: 0px; border: 0px; font-style: inherit; font-variant: inherit; font-weight: inherit; font-stretch: inherit; font-size: inherit; line-height: inherit; vertical-align: middle; display: inline-block;\"><a style=\"box-sizing: border-box; margin: 0px; padding: 0.4em 0.6em; border: 1px solid #006bb5; font-style: inherit; font-variant: inherit; font-weight: inherit; font-stretch: inherit; font-size: 0.8em; line-height: inherit; vertical-align: baseline; transition: all 0.1s ease-in-out 0s; display: block; color: #006bb5; text-transform: uppercase;\" href=\"https:\/\/www.agenciabrasilia.df.gov.br\/categoria\/cultura\">CULTURA<\/a><\/li>\n<\/ul>\n<\/div>\n<div class=\"col -social social-share\" style=\"box-sizing: border-box; margin: 0px; padding: 0px; border: 0px; font-style: inherit; font-variant: inherit; font-weight: inherit; font-stretch: inherit; font-size: 0.9em; line-height: inherit; vertical-align: baseline; display: inline-block; text-align: right; float: right; width: 343px;\"><a class=\"-facebook\" style=\"box-sizing: border-box; margin: 0px 0.4em 0px 0px; padding: 0.5em 0.4em 0.4em; border: 0px; font-style: inherit; font-variant: inherit; font-weight: inherit; font-stretch: inherit; font-size: inherit; line-height: inherit; vertical-align: middle; transition: all 0.1s ease-in-out 0s; display: inline-block; border-radius: 4px; color: #3b5998;\" href=\"http:\/\/www.facebook.com\/sharer.php?u=https:\/\/www.agenciabrasilia.df.gov.br\/2022\/12\/28\/conheca-as-atracoes-do-viva-2023\/\" target=\"_blank\" rel=\"noopener noreferrer\">\u00a0Facebook<\/a><a class=\"-whatsapp\" style=\"box-sizing: border-box; margin: 0px 0.4em 0px 0px; padding: 0.5em 0.4em 0.4em; border: 0px; font-style: inherit; font-variant: inherit; font-weight: inherit; font-stretch: inherit; font-size: inherit; line-height: inherit; vertical-align: middle; transition: all 0.1s ease-in-out 0s; display: inline-block; border-radius: 4px; color: #43d854;\" href=\"https:\/\/api.whatsapp.com\/send?text=https:\/\/www.agenciabrasilia.df.gov.br\/2022\/12\/28\/conheca-as-atracoes-do-viva-2023\/\" target=\"_blank\" rel=\"noopener noreferrer\">\u00a0Encaminhar<\/a><\/div>\n<\/div>\n<\/header>\n<article class=\"post\" style=\"box-sizing: border-box; margin: 0px auto; padding: 0px; border: 0px; font-variant-numeric: inherit; font-variant-east-asian: inherit; font-stretch: inherit; font-size: 18px; line-height: inherit; vertical-align: baseline; font-family: Regular, sans-serif; width: 660px; color: #000000;\">\n<p style=\"box-sizing: border-box; margin: 0px 0px 1.1em; padding: 0px; border: 0px; font-style: inherit; font-variant: inherit; font-stretch: inherit; line-height: 2; vertical-align: baseline;\">Ap\u00f3s dois anos sem evento p\u00fablico de virada de ano, em raz\u00e3o da pandemia de covid-19, o Governo do Distrito Federal (GDF) promove novamente a festa de R\u00e9veillon gratuita, com grandes atra\u00e7\u00f5es, em formato nunca antes visto no DF. Descentralizado, democr\u00e1tico e diferente, o Viva 2023, realizado pela Secretaria de Cultura e Economia Criativa (Secec) em parceira com o Instituto Miss\u00e3o Hoje, vai animar a popula\u00e7\u00e3o nos dias 30 e 31 de dezembro, em cinco locais simultaneamente: Eixo Cultural Ibero-Americano (antiga Funarte), Prainha, Gama, Ceil\u00e2ndia e Sobradinho.<\/p>\n<figure id=\"attachment_461680\" class=\"wp-caption aligncenter\" style=\"box-sizing: border-box; margin: 0px 0px 1.6em; padding: 0px; border: 0px; font-style: inherit; font-variant: inherit; font-weight: inherit; font-stretch: inherit; font-size: inherit; line-height: inherit; vertical-align: baseline; clear: both; width: 960px; max-width: 100%;\"><img loading=\"lazy\" decoding=\"async\" class=\"wp-image-461680 size-full\" style=\"box-sizing: border-box; height: auto; max-width: 100%; margin: 0px 0px 0.3em; padding: 0px; border: 0px; font-style: inherit; font-variant: inherit; font-weight: inherit; font-stretch: inherit; font-size: inherit; line-height: inherit; vertical-align: baseline;\" src=\"http:\/\/agenciabrasilia.df.gov.br\/wp-conteudo\/uploads\/2022\/12\/WhatsApp-Image-2022-12-27-at-16.18.11.jpeg\" sizes=\"auto, (max-width: 960px) 100vw, 960px\" srcset=\"https:\/\/www.agenciabrasilia.df.gov.br\/wp-conteudo\/uploads\/2022\/12\/WhatsApp-Image-2022-12-27-at-16.18.11.jpeg 960w, https:\/\/www.agenciabrasilia.df.gov.br\/wp-conteudo\/uploads\/2022\/12\/WhatsApp-Image-2022-12-27-at-16.18.11-300x200.jpeg 300w, https:\/\/www.agenciabrasilia.df.gov.br\/wp-conteudo\/uploads\/2022\/12\/WhatsApp-Image-2022-12-27-at-16.18.11-768x512.jpeg 768w\" alt=\"\" width=\"960\" height=\"640\" \/><figcaption id=\"caption-attachment-461680\" class=\"wp-caption-text\" style=\"box-sizing: border-box; margin: 5px 0px 0px; padding: 0px; border: 0px; font-style: inherit; font-variant: inherit; font-weight: inherit; font-stretch: inherit; font-size: 0.9em; line-height: 1.2; vertical-align: baseline; color: #666666;\">Vanessa da Mata \u00e9 a atra\u00e7\u00e3o principal da noite de R\u00e9veillon no palco do Eixo Cultural Ibero-Americano, antiga Funarte | Foto: Divulga\u00e7\u00e3o<\/figcaption><\/figure>\n<p style=\"box-sizing: border-box; margin: 0px 0px 1.1em; padding: 0px; border: 0px; font-style: inherit; font-variant: inherit; font-stretch: inherit; line-height: 2; vertical-align: baseline;\">O secret\u00e1rio de Cultura e Economia Criativa, Bartolomeu Rodrigues, ressalta: \u201c2023 \u00e9 um ano muito especial que nos aguarda. Queremos que seja, sobretudo, de paz no Brasil e no mundo. E temos que comemorar a sa\u00edda paulatina e progressiva do pior per\u00edodo da pandemia. N\u00e3o podemos nos esquecer de tudo aquilo que ela nos causou, principalmente para a classe art\u00edstica\u201d.<\/p>\n<p style=\"box-sizing: border-box; margin: 0px 0px 1.1em; padding: 0px; border: 0px; font-style: inherit; font-variant: inherit; font-stretch: inherit; line-height: 2; vertical-align: baseline;\">\u201cChegou o momento de celebrar um ano cheio de emo\u00e7\u00f5es, que foi 2022, e esperar 2023 com muita esperan\u00e7a\u201d, complementa o secret\u00e1rio-executivo, Carlos Alberto Junior.<\/p>\n<p style=\"box-sizing: border-box; margin: 0px 0px 1.1em; padding: 0px; border: 0px; font-style: inherit; font-variant: inherit; font-stretch: inherit; line-height: 2; vertical-align: baseline;\">No total, mais de 50 artistas locais v\u00e3o se apresentar em espa\u00e7os de grande movimenta\u00e7\u00e3o do Distrito Federal. No processo de sele\u00e7\u00e3o, que recebeu 281 inscri\u00e7\u00f5es, foram garantidas cotas de pelo menos 20% para bandas ou artistas das cidades anfitri\u00e3s do Viva 2023 e respeitados crit\u00e9rios como diversidade, g\u00eanero e promo\u00e7\u00e3o dos direitos LGBTQIA+.<\/p>\n<figure id=\"attachment_461706\" class=\"wp-caption alignleft\" style=\"box-sizing: border-box; margin: 0px 0px 1.6em; padding: 0px; border: 0px; font-style: inherit; font-variant: inherit; font-weight: inherit; font-stretch: inherit; font-size: inherit; line-height: inherit; vertical-align: baseline; width: 480px; float: left; max-width: 100%;\"><img loading=\"lazy\" decoding=\"async\" class=\"wp-image-461706\" style=\"box-sizing: border-box; height: auto; max-width: 100%; margin: 0px 0px 0.3em; padding: 0px; border: 0px; font-style: inherit; font-variant: inherit; font-weight: inherit; font-stretch: inherit; font-size: inherit; line-height: inherit; vertical-align: baseline;\" src=\"http:\/\/agenciabrasilia.df.gov.br\/wp-conteudo\/uploads\/2022\/12\/ileayie-300x200.jpg\" sizes=\"auto, (max-width: 480px) 100vw, 480px\" srcset=\"https:\/\/www.agenciabrasilia.df.gov.br\/wp-conteudo\/uploads\/2022\/12\/ileayie-300x200.jpg 300w, https:\/\/www.agenciabrasilia.df.gov.br\/wp-conteudo\/uploads\/2022\/12\/ileayie-768x512.jpg 768w, https:\/\/www.agenciabrasilia.df.gov.br\/wp-conteudo\/uploads\/2022\/12\/ileayie.jpg 800w\" alt=\"\" width=\"480\" height=\"320\" \/><figcaption id=\"caption-attachment-461706\" class=\"wp-caption-text\" style=\"box-sizing: border-box; margin: 5px 0px 0px; padding: 0px; border: 0px; font-style: inherit; font-variant: inherit; font-weight: inherit; font-stretch: inherit; font-size: 0.9em; line-height: 1.2; vertical-align: baseline; color: #666666;\">A Prainha dos Orix\u00e1s recebe o cortejo afro do Il\u00ea Ay\u00ea na noite da virada | Foto: Andr\u00e9 Frutu\u00f4so\/Divulga\u00e7\u00e3o<\/figcaption><\/figure>\n<p style=\"box-sizing: border-box; margin: 0px 0px 1.1em; padding: 0px; border: 0px; font-style: inherit; font-variant: inherit; font-stretch: inherit; line-height: 2; vertical-align: baseline;\">\u201cEstamos preparando uma grande festa em que os anfitri\u00f5es s\u00e3o os grandes privilegiados. Ceil\u00e2ndia vai ter artistas da cidade, assim como as demais regi\u00f5es administrativas. Nosso compromisso maior \u00e9 com a valoriza\u00e7\u00e3o dos artistas locais, que ter\u00e3o oportunidade de se apresentar nesse palco t\u00e3o significativo que \u00e9 o do R\u00e9veillon\u201d, explica a subsecret\u00e1ria de Difus\u00e3o e Diversidade Cultural, Sol Montes, \u00e0 frente da \u00e1rea respons\u00e1vel pelo evento.<\/p>\n<p style=\"box-sizing: border-box; margin: 0px 0px 1.1em; padding: 0px; border: 0px; font-style: inherit; font-variant: inherit; font-stretch: inherit; line-height: 2; vertical-align: baseline;\">A programa\u00e7\u00e3o atende a todos os gostos, com grupos locais e DJs nos dois dias de evento. A atra\u00e7\u00e3o principal da noite de R\u00e9veillon ser\u00e1 a cantora Vanessa da Mata, que se apresentar\u00e1 no palco do Eixo Cultural Ibero-Americano (antiga Funarte). A Prainha dos Orix\u00e1s recebe o samba cheio de ax\u00e9 do Fundo de Quintal e o cortejo afro do Il\u00ea Ay\u00ea, enquanto Ceil\u00e2ndia, Gama e Sobradinho ser\u00e3o palco de Frank Aguiar, Na\u00e7\u00e3o Zumbi e Biqu\u00edni Cavad\u00e3o, respectivamente. A festa come\u00e7a simultaneamente \u00e0s 18h. Haver\u00e1 queima de fogos na virada em todos os locais.<\/p>\n<figure id=\"attachment_461685\" class=\"wp-caption alignright\" style=\"box-sizing: border-box; margin: 0px 0px 1.6em; padding: 0px; border: 0px; font-style: inherit; font-variant: inherit; font-weight: inherit; font-stretch: inherit; font-size: inherit; line-height: inherit; vertical-align: baseline; width: 480px; float: right; max-width: 100%;\"><img loading=\"lazy\" decoding=\"async\" class=\"wp-image-461685\" style=\"box-sizing: border-box; height: auto; max-width: 100%; margin: 0px 0px 0.3em; padding: 0px; border: 0px; font-style: inherit; font-variant: inherit; font-weight: inherit; font-stretch: inherit; font-size: inherit; line-height: inherit; vertical-align: baseline;\" src=\"http:\/\/agenciabrasilia.df.gov.br\/wp-conteudo\/uploads\/2022\/12\/WhatsApp-Image-2022-12-27-at-17.36.11-300x180.jpeg\" sizes=\"auto, (max-width: 480px) 100vw, 480px\" srcset=\"https:\/\/www.agenciabrasilia.df.gov.br\/wp-conteudo\/uploads\/2022\/12\/WhatsApp-Image-2022-12-27-at-17.36.11-300x180.jpeg 300w, https:\/\/www.agenciabrasilia.df.gov.br\/wp-conteudo\/uploads\/2022\/12\/WhatsApp-Image-2022-12-27-at-17.36.11-1024x615.jpeg 1024w, https:\/\/www.agenciabrasilia.df.gov.br\/wp-conteudo\/uploads\/2022\/12\/WhatsApp-Image-2022-12-27-at-17.36.11-768x461.jpeg 768w, https:\/\/www.agenciabrasilia.df.gov.br\/wp-conteudo\/uploads\/2022\/12\/WhatsApp-Image-2022-12-27-at-17.36.11.jpeg 1280w\" alt=\"\" width=\"480\" height=\"288\" \/><figcaption id=\"caption-attachment-461685\" class=\"wp-caption-text\" style=\"box-sizing: border-box; margin: 5px 0px 0px; padding: 0px; border: 0px; font-style: inherit; font-variant: inherit; font-weight: inherit; font-stretch: inherit; font-size: 0.9em; line-height: 1.2; vertical-align: baseline; color: #666666;\">Chico C\u00e9sar, junto com Geraldo Azevedo, faz o show de encerramento do Eixo Cultural Ibero-Americano na sexta-feira\u00a0 | Foto: Ana Lefaux\/Divulga\u00e7\u00e3o<\/figcaption><\/figure>\n<p style=\"box-sizing: border-box; margin: 0px 0px 1.1em; padding: 0px; border: 0px; font-style: inherit; font-variant: inherit; font-stretch: inherit; line-height: 2; vertical-align: baseline;\">No dia 30, a partir das 16h, a popula\u00e7\u00e3o contar\u00e1 com atra\u00e7\u00f5es locais de peso nos palcos das regi\u00f5es administrativas, Prainha e Eixo Cultural Ibero-Americano, onde o p\u00fablico gospel ter\u00e1 programa\u00e7\u00e3o espec\u00edfica. Apresenta\u00e7\u00e3o conjunta de Geraldo Azevedo e Chico C\u00e9sar fecha a noite no local.<\/p>\n<p style=\"box-sizing: border-box; margin: 0px 0px 1.1em; padding: 0px; border: 0px; font-style: inherit; font-variant: inherit; font-stretch: inherit; line-height: 2; vertical-align: baseline;\"><span style=\"box-sizing: border-box; margin: 0px; padding: 0px; border: 0px; font-style: inherit; font-variant: inherit; font-weight: bold; font-stretch: inherit; font-size: inherit; line-height: inherit; vertical-align: baseline;\">Acessibilidade<\/span><\/p>\n<p style=\"box-sizing: border-box; margin: 0px 0px 1.1em; padding: 0px; border: 0px; font-style: inherit; font-variant: inherit; font-stretch: inherit; line-height: 2; vertical-align: baseline;\">A grande festa contar\u00e1 com acessibilidade. Todos os espa\u00e7os estar\u00e3o preparados com rampas para receber p\u00fablico em cadeiras de rodas. E mesmo os palcos receber\u00e3o artistas representantes de pessoas com defici\u00eancia (PcD). Haver\u00e1 int\u00e9rpretes de libras em todos os locais.<\/p>\n<p style=\"box-sizing: border-box; margin: 0px 0px 1.1em; padding: 0px; border: 0px; font-style: inherit; font-variant: inherit; font-stretch: inherit; line-height: 2; vertical-align: baseline;\">Assim, a Secretaria de Cultura e Economia Criativa (Secec) atua no sentido de fortalecer a Pol\u00edtica de Acessibilidade Cultural do DF \u2013 institu\u00edda este ano por meio do Decreto Distrital n\u00b0 43.811\/2022 \u2013, que prev\u00ea a\u00e7\u00f5es para garantir a inclus\u00e3o e a integra\u00e7\u00e3o das pessoas com defici\u00eancia na pr\u00e1tica cultural, assegurando mecanismos de incentivo, assim como na amplia\u00e7\u00e3o da produ\u00e7\u00e3o e do acesso a projetos inclusivos.<\/p>\n<p style=\"box-sizing: border-box; margin: 0px 0px 1.1em; padding: 0px; border: 0px; font-style: inherit; font-variant: inherit; font-stretch: inherit; line-height: 2; vertical-align: baseline;\"><span style=\"box-sizing: border-box; margin: 0px; padding: 0px; border: 0px; font-style: inherit; font-variant: inherit; font-weight: bold; font-stretch: inherit; font-size: inherit; line-height: inherit; vertical-align: baseline;\">Seguran\u00e7a, mobilidade e conforto\u00a0<\/span><\/p>\n<p style=\"box-sizing: border-box; margin: 0px 0px 1.1em; padding: 0px; border: 0px; font-style: inherit; font-variant: inherit; font-stretch: inherit; line-height: 2; vertical-align: baseline;\">Para garantir que a festa ocorra sem percal\u00e7os, a Secec recebe o apoio da Secretaria de Seguran\u00e7a P\u00fablica (SSP-DF), que providenciar\u00e1 o efetivo necess\u00e1rio para que a popula\u00e7\u00e3o possa assistir \u00e0s atra\u00e7\u00f5es de maneira tranquila e segura.<\/p>\n<figure id=\"attachment_461693\" class=\"wp-caption alignleft\" style=\"box-sizing: border-box; margin: 0px 0px 1.6em; padding: 0px; border: 0px; font-style: inherit; font-variant: inherit; font-weight: inherit; font-stretch: inherit; font-size: inherit; line-height: inherit; vertical-align: baseline; width: 490px; float: left; max-width: 100%;\"><img loading=\"lazy\" decoding=\"async\" class=\"wp-image-461693\" style=\"box-sizing: border-box; height: auto; max-width: 100%; margin: 0px 0px 0.3em; padding: 0px; border: 0px; font-style: inherit; font-variant: inherit; font-weight: inherit; font-stretch: inherit; font-size: inherit; line-height: inherit; vertical-align: baseline;\" src=\"http:\/\/agenciabrasilia.df.gov.br\/wp-conteudo\/uploads\/2022\/12\/WhatsApp-Image-2022-12-27-at-17.48.20-300x150.jpeg\" sizes=\"auto, (max-width: 490px) 100vw, 490px\" srcset=\"https:\/\/www.agenciabrasilia.df.gov.br\/wp-conteudo\/uploads\/2022\/12\/WhatsApp-Image-2022-12-27-at-17.48.20-300x150.jpeg 300w, https:\/\/www.agenciabrasilia.df.gov.br\/wp-conteudo\/uploads\/2022\/12\/WhatsApp-Image-2022-12-27-at-17.48.20-1024x510.jpeg 1024w, https:\/\/www.agenciabrasilia.df.gov.br\/wp-conteudo\/uploads\/2022\/12\/WhatsApp-Image-2022-12-27-at-17.48.20-768x383.jpeg 768w, https:\/\/www.agenciabrasilia.df.gov.br\/wp-conteudo\/uploads\/2022\/12\/WhatsApp-Image-2022-12-27-at-17.48.20.jpeg 1280w\" alt=\"\" width=\"490\" height=\"244\" \/><figcaption id=\"caption-attachment-461693\" class=\"wp-caption-text\" style=\"box-sizing: border-box; margin: 5px 0px 0px; padding: 0px; border: 0px; font-style: inherit; font-variant: inherit; font-weight: inherit; font-stretch: inherit; font-size: 0.9em; line-height: 1.2; vertical-align: baseline; color: #666666;\">A banda Biquini Cavad\u00e3o participa do R\u00e9veillon de Sobradinho | Foto: Divulga\u00e7\u00e3o<\/figcaption><\/figure>\n<p style=\"box-sizing: border-box; margin: 0px 0px 1.1em; padding: 0px; border: 0px; font-style: inherit; font-variant: inherit; font-stretch: inherit; line-height: 2; vertical-align: baseline;\">\u201cN\u00f3s teremos, no Eixo Cultural Ibero-Americano, que receber\u00e1 as principais atra\u00e7\u00f5es da noite de R\u00e9veillon, um posto policial espec\u00edfico para receber com seguran\u00e7a as pessoas que vierem celebrar a virada de ano aqui\u201d, disse o secret\u00e1rio Bartolomeu, referindo-se ao local que comporta 140 mil pessoas. Al\u00e9m disso, haver\u00e1 revista da popula\u00e7\u00e3o na entrada e seguran\u00e7a privada, assim como patrulhas de policiamento protegendo todos os locais de festa.<\/p>\n<p style=\"box-sizing: border-box; margin: 0px 0px 1.1em; padding: 0px; border: 0px; font-style: inherit; font-variant: inherit; font-stretch: inherit; line-height: 2; vertical-align: baseline;\">O Metr\u00f4-DF tamb\u00e9m dar\u00e1 sua contribui\u00e7\u00e3o para que as pessoas que queiram aproveitar a virada de ano em um dos palcos do GDF possam chegar e sair com facilidade. No dia 30, as esta\u00e7\u00f5es funcionam at\u00e9 as 23h30, e na virada, os trens circulam at\u00e9 as 2h.<\/p>\n<p style=\"box-sizing: border-box; margin: 0px 0px 1.1em; padding: 0px; border: 0px; font-style: inherit; font-variant: inherit; font-stretch: inherit; line-height: 2; vertical-align: baseline;\">Mais de 600 pessoas trabalham diretamente para a realiza\u00e7\u00e3o dos eventos, que ter\u00e3o tendas para que a popula\u00e7\u00e3o se abrigue em caso de chuva, al\u00e9m dos ambulantes que v\u00e3o compor a grande festa.<\/p>\n<figure id=\"attachment_461700\" class=\"wp-caption alignright\" style=\"box-sizing: border-box; margin: 0px 0px 1.6em; padding: 0px; border: 0px; font-style: inherit; font-variant: inherit; font-weight: inherit; font-stretch: inherit; font-size: inherit; line-height: inherit; vertical-align: baseline; width: 480px; float: right; max-width: 100%;\"><img loading=\"lazy\" decoding=\"async\" class=\"wp-image-461700\" style=\"box-sizing: border-box; height: auto; max-width: 100%; margin: 0px 0px 0.3em; padding: 0px; border: 0px; font-style: inherit; font-variant: inherit; font-weight: inherit; font-stretch: inherit; font-size: inherit; line-height: inherit; vertical-align: baseline;\" src=\"http:\/\/agenciabrasilia.df.gov.br\/wp-conteudo\/uploads\/2022\/12\/WhatsApp-Image-2022-12-27-at-17.53.12-300x200.jpeg\" sizes=\"auto, (max-width: 480px) 100vw, 480px\" srcset=\"https:\/\/www.agenciabrasilia.df.gov.br\/wp-conteudo\/uploads\/2022\/12\/WhatsApp-Image-2022-12-27-at-17.53.12-300x200.jpeg 300w, https:\/\/www.agenciabrasilia.df.gov.br\/wp-conteudo\/uploads\/2022\/12\/WhatsApp-Image-2022-12-27-at-17.53.12-1024x682.jpeg 1024w, https:\/\/www.agenciabrasilia.df.gov.br\/wp-conteudo\/uploads\/2022\/12\/WhatsApp-Image-2022-12-27-at-17.53.12-768x512.jpeg 768w, https:\/\/www.agenciabrasilia.df.gov.br\/wp-conteudo\/uploads\/2022\/12\/WhatsApp-Image-2022-12-27-at-17.53.12.jpeg 1280w\" alt=\"\" width=\"480\" height=\"320\" \/><figcaption id=\"caption-attachment-461700\" class=\"wp-caption-text\" style=\"box-sizing: border-box; margin: 5px 0px 0px; padding: 0px; border: 0px; font-style: inherit; font-variant: inherit; font-weight: inherit; font-stretch: inherit; font-size: 0.9em; line-height: 1.2; vertical-align: baseline; color: #666666;\">Entre as atra\u00e7\u00f5es do R\u00e9veillon do Gama est\u00e1 Na\u00e7\u00e3o Zumbi | Foto: Divulga\u00e7\u00e3o<\/figcaption><\/figure>\n<p style=\"box-sizing: border-box; margin: 0px 0px 1.1em; padding: 0px; border: 0px; font-style: inherit; font-variant: inherit; font-stretch: inherit; line-height: 2; vertical-align: baseline;\">\u201cO \u00fanico problema dessa festa, que \u00e9 um problema bom, vai ser escolher para onde ir, porque todos os espa\u00e7os ter\u00e3o o prest\u00edgio de artistas locais e tamb\u00e9m de atra\u00e7\u00f5es nacionais de alto n\u00edvel. Vamos desfrutar e verdadeiramente celebrar 2023 que est\u00e1 chegando\u201d, convida o titular da Cultura.<\/p>\n<p style=\"box-sizing: border-box; margin: 0px 0px 1.1em; padding: 0px; border: 0px; font-style: inherit; font-variant: inherit; font-stretch: inherit; line-height: 2; vertical-align: baseline;\"><span style=\"box-sizing: border-box; margin: 0px; padding: 0px; border: 0px; font-style: inherit; font-variant: inherit; font-weight: bold; font-stretch: inherit; font-size: inherit; line-height: inherit; vertical-align: baseline;\">Programa\u00e7\u00e3o<\/span><\/p>\n<p style=\"box-sizing: border-box; margin: 0px 0px 1.1em; padding: 0px; border: 0px; font-style: inherit; font-variant: inherit; font-stretch: inherit; line-height: 2; vertical-align: baseline;\"><span style=\"box-sizing: border-box; margin: 0px; padding: 0px; border: 0px; font-style: inherit; font-variant: inherit; font-weight: bold; font-stretch: inherit; font-size: inherit; line-height: inherit; vertical-align: baseline;\">30\/12 (sexta-feira)<\/span><\/p>\n<p style=\"box-sizing: border-box; margin: 0px 0px 1.1em; padding: 0px; border: 0px; font-style: inherit; font-variant: inherit; font-stretch: inherit; line-height: 2; vertical-align: baseline;\"><span style=\"box-sizing: border-box; margin: 0px; padding: 0px; border: 0px; font-style: inherit; font-variant: inherit; font-weight: bold; font-stretch: inherit; font-size: inherit; line-height: inherit; vertical-align: baseline;\">Eixo Cultural Ibero-Americano<\/span><br style=\"box-sizing: border-box;\" \/>16h: DD Junior<br style=\"box-sizing: border-box;\" \/>17h30: Sandro Nazireu<br style=\"box-sizing: border-box;\" \/>19h: Jess\u00e9 Aguiar<br style=\"box-sizing: border-box;\" \/>20h30: Eli Soares<br style=\"box-sizing: border-box;\" \/>22h: Geraldo Azevedo e Chico C\u00e9sar<br style=\"box-sizing: border-box;\" \/>23h30: Encerramento<\/p>\n<p style=\"box-sizing: border-box; margin: 0px 0px 1.1em; padding: 0px; border: 0px; font-style: inherit; font-variant: inherit; font-stretch: inherit; line-height: 2; vertical-align: baseline;\"><span style=\"box-sizing: border-box; margin: 0px; padding: 0px; border: 0px; font-style: inherit; font-variant: inherit; font-weight: bold; font-stretch: inherit; font-size: inherit; line-height: inherit; vertical-align: baseline;\">Ceil\u00e2ndia<\/span><br style=\"box-sizing: border-box;\" \/>16h: Black Spin Break<br style=\"box-sizing: border-box;\" \/>17h20: D\u00e9bora Glamourosa<br style=\"box-sizing: border-box;\" \/>18h20: Marquin do Tropa<br style=\"box-sizing: border-box;\" \/>19h20: Atitude Feminina<br style=\"box-sizing: border-box;\" \/>20h20: Rich<br style=\"box-sizing: border-box;\" \/>21h20: DJ Jamaica<br style=\"box-sizing: border-box;\" \/>22h20: Real Samba<br style=\"box-sizing: border-box;\" \/>23h30: Encerramento<\/p>\n<p style=\"box-sizing: border-box; margin: 0px 0px 1.1em; padding: 0px; border: 0px; font-style: inherit; font-variant: inherit; font-stretch: inherit; line-height: 2; vertical-align: baseline;\"><span style=\"box-sizing: border-box; margin: 0px; padding: 0px; border: 0px; font-style: inherit; font-variant: inherit; font-weight: bold; font-stretch: inherit; font-size: inherit; line-height: inherit; vertical-align: baseline;\">Gama<\/span><br style=\"box-sizing: border-box;\" \/>16h: Grupo Artetude<br style=\"box-sizing: border-box;\" \/>17h20: Arlon Victor<br style=\"box-sizing: border-box;\" \/>18h20: Luiz Marcelo e Mateus<br style=\"box-sizing: border-box;\" \/>19h20: Grazy Maciel<br style=\"box-sizing: border-box;\" \/>20h20: Rafael Silva<br style=\"box-sizing: border-box;\" \/>21h20: Henrique e Ruan<br style=\"box-sizing: border-box;\" \/>22h20: Chic T\u00e1 Bacana<br style=\"box-sizing: border-box;\" \/>23h30: Encerramento<\/p>\n<p style=\"box-sizing: border-box; margin: 0px 0px 1.1em; padding: 0px; border: 0px; font-style: inherit; font-variant: inherit; font-stretch: inherit; line-height: 2; vertical-align: baseline;\"><span style=\"box-sizing: border-box; margin: 0px; padding: 0px; border: 0px; font-style: inherit; font-variant: inherit; font-weight: bold; font-stretch: inherit; font-size: inherit; line-height: inherit; vertical-align: baseline;\">Sobradinho<\/span><br style=\"box-sizing: border-box;\" \/>16h: Mapati<br style=\"box-sizing: border-box;\" \/>17h20: Dayane Reis<br style=\"box-sizing: border-box;\" \/>18h20: William e Devid<br style=\"box-sizing: border-box;\" \/>19h20: F\u00e1bio e Felipe<br style=\"box-sizing: border-box;\" \/>20h20: Nossa Turma<br style=\"box-sizing: border-box;\" \/>21h20: Boka de Sergipe<br style=\"box-sizing: border-box;\" \/>22h20: Tiago Mura<br style=\"box-sizing: border-box;\" \/>23h30: Encerramento<\/p>\n<p style=\"box-sizing: border-box; margin: 0px 0px 1.1em; padding: 0px; border: 0px; font-style: inherit; font-variant: inherit; font-stretch: inherit; line-height: 2; vertical-align: baseline;\"><span style=\"box-sizing: border-box; margin: 0px; padding: 0px; border: 0px; font-style: inherit; font-variant: inherit; font-weight: bold; font-stretch: inherit; font-size: inherit; line-height: inherit; vertical-align: baseline;\">Prainha dos Orix\u00e1s<\/span><br style=\"box-sizing: border-box;\" \/>16h20: Ensaio Geral<br style=\"box-sizing: border-box;\" \/>17h10: Bebeto Cerqueira<br style=\"box-sizing: border-box;\" \/>18h00: Samba Flores<br style=\"box-sizing: border-box;\" \/>18h50: Vitor Souza e Banda<br style=\"box-sizing: border-box;\" \/>20h00: Dhi Ribeiro<br style=\"box-sizing: border-box;\" \/>21h00: Luciano Ibiapina<br style=\"box-sizing: border-box;\" \/>21h50: Amor Maior<br style=\"box-sizing: border-box;\" \/>22h50: D\u00e9lcio Luiz<br style=\"box-sizing: border-box;\" \/>00h00: Encerramento<\/p>\n<p style=\"box-sizing: border-box; margin: 0px 0px 1.1em; padding: 0px; border: 0px; font-style: inherit; font-variant: inherit; font-stretch: inherit; line-height: 2; vertical-align: baseline;\"><span style=\"box-sizing: border-box; margin: 0px; padding: 0px; border: 0px; font-style: inherit; font-variant: inherit; font-weight: bold; font-stretch: inherit; font-size: inherit; line-height: inherit; vertical-align: baseline;\">31\/12 (s\u00e1bado)<\/span><\/p>\n<p style=\"box-sizing: border-box; margin: 0px 0px 1.1em; padding: 0px; border: 0px; font-style: inherit; font-variant: inherit; font-stretch: inherit; line-height: 2; vertical-align: baseline;\"><span style=\"box-sizing: border-box; margin: 0px; padding: 0px; border: 0px; font-style: inherit; font-variant: inherit; font-weight: bold; font-stretch: inherit; font-size: inherit; line-height: inherit; vertical-align: baseline;\">Eixo Cultural Ibero-Americano<\/span><br style=\"box-sizing: border-box;\" \/>18h20: Haynna<br style=\"box-sizing: border-box;\" \/>20h20: Coisa Nossa<br style=\"box-sizing: border-box;\" \/>21h20: Marcelo Caf\u00e9<br style=\"box-sizing: border-box;\" \/>22h20: Renata Jambeiro<br style=\"box-sizing: border-box;\" \/>23h20: Vanessa da Mata<br style=\"box-sizing: border-box;\" \/>00h: Queima de fogos<br style=\"box-sizing: border-box;\" \/>00h15: Vanessa da Mata<br style=\"box-sizing: border-box;\" \/>1h15: Encerramento<\/p>\n<p style=\"box-sizing: border-box; margin: 0px 0px 1.1em; padding: 0px; border: 0px; font-style: inherit; font-variant: inherit; font-stretch: inherit; line-height: 2; vertical-align: baseline;\"><span style=\"box-sizing: border-box; margin: 0px; padding: 0px; border: 0px; font-style: inherit; font-variant: inherit; font-weight: bold; font-stretch: inherit; font-size: inherit; line-height: inherit; vertical-align: baseline;\">Ceil\u00e2ndia<\/span><br style=\"box-sizing: border-box;\" \/>18h20: Cuscuz com Leite<br style=\"box-sizing: border-box;\" \/>20h20: Banda Vis\u00e3o<br style=\"box-sizing: border-box;\" \/>21h20: DNA Salvador<br style=\"box-sizing: border-box;\" \/>22h20: Nilson Freire<br style=\"box-sizing: border-box;\" \/>23h20: Frank Aguiar<br style=\"box-sizing: border-box;\" \/>00h: Queima de fogos<br style=\"box-sizing: border-box;\" \/>00h15: Frank Aguiar<br style=\"box-sizing: border-box;\" \/>1h15: Encerramento<\/p>\n<p style=\"box-sizing: border-box; margin: 0px 0px 1.1em; padding: 0px; border: 0px; font-style: inherit; font-variant: inherit; font-stretch: inherit; line-height: 2; vertical-align: baseline;\"><span style=\"box-sizing: border-box; margin: 0px; padding: 0px; border: 0px; font-style: inherit; font-variant: inherit; font-weight: bold; font-stretch: inherit; font-size: inherit; line-height: inherit; vertical-align: baseline;\">Gama<\/span><br style=\"box-sizing: border-box;\" \/>18h20: Banda Capital Music<br style=\"box-sizing: border-box;\" \/>20h20: Roniel e Rafael<br style=\"box-sizing: border-box;\" \/>21h20: Lia Almeida<br style=\"box-sizing: border-box;\" \/>22h20: Rapadura Chique Xique<br style=\"box-sizing: border-box;\" \/>23h20: Na\u00e7\u00e3o Zumbi<br style=\"box-sizing: border-box;\" \/>00h: Queima de fogos<br style=\"box-sizing: border-box;\" \/>00h15: Na\u00e7\u00e3o Zumbi<br style=\"box-sizing: border-box;\" \/>1h15: Encerramento<\/p>\n<p style=\"box-sizing: border-box; margin: 0px 0px 1.1em; padding: 0px; border: 0px; font-style: inherit; font-variant: inherit; font-stretch: inherit; line-height: 2; vertical-align: baseline;\"><span style=\"box-sizing: border-box; margin: 0px; padding: 0px; border: 0px; font-style: inherit; font-variant: inherit; font-weight: bold; font-stretch: inherit; font-size: inherit; line-height: inherit; vertical-align: baseline;\">Sobradinho<\/span><br style=\"box-sizing: border-box;\" \/>18h20: Terminal Zero<br style=\"box-sizing: border-box;\" \/>20h20: Willian e Marlon<br style=\"box-sizing: border-box;\" \/>21h20: Ana Doni<br style=\"box-sizing: border-box;\" \/>22h20: Banda Fuzo<br style=\"box-sizing: border-box;\" \/>23h20: Biqu\u00edni Cavad\u00e3o<br style=\"box-sizing: border-box;\" \/>00h: Queima de fogos<br style=\"box-sizing: border-box;\" \/>00h15: Biqu\u00edni Cavad\u00e3o<br style=\"box-sizing: border-box;\" \/>1h15: Encerramento<\/p>\n<p style=\"box-sizing: border-box; margin: 0px 0px 1.1em; padding: 0px; border: 0px; font-style: inherit; font-variant: inherit; font-stretch: inherit; line-height: 2; vertical-align: baseline;\"><span style=\"box-sizing: border-box; margin: 0px; padding: 0px; border: 0px; font-style: inherit; font-variant: inherit; font-weight: bold; font-stretch: inherit; font-size: inherit; line-height: inherit; vertical-align: baseline;\">Prainha dos Orix\u00e1s<\/span><br style=\"box-sizing: border-box;\" \/>18h20: Samba e Magia<br style=\"box-sizing: border-box;\" \/>19h10: As\u00e9 Dudu<br style=\"box-sizing: border-box;\" \/>20h00: Cortejo Afro com Il\u00ea Ay\u00ea<br style=\"box-sizing: border-box;\" \/>21h30: Bateria da \u00c1guia Imperial<br style=\"box-sizing: border-box;\" \/>22h20: Alem\u00e3o do Cavaco<br style=\"box-sizing: border-box;\" \/>23h20: Fundo de Quintal<br style=\"box-sizing: border-box;\" \/>00h: Queima de fogos<br style=\"box-sizing: border-box;\" \/>00h15: Fundo de Quintal<br style=\"box-sizing: border-box;\" \/>1h15: Encerramento<\/p>\n<p style=\"box-sizing: border-box; margin: 0px 0px 1.1em; padding: 0px; border: 0px; font-style: inherit; font-variant: inherit; font-stretch: inherit; line-height: 2; vertical-align: baseline;\"><a style=\"box-sizing: border-box; margin: 0px; padding: 0px; border: 0px; font-style: inherit; font-variant: inherit; font-weight: inherit; font-stretch: inherit; font-size: inherit; line-height: inherit; vertical-align: baseline; transition: all 0.1s ease-in-out 0s; color: #006bb5;\" href=\"https:\/\/viva2023df.com.br\/atracoes\/cultura-divulga-atracoes-do-viva-2023\/\" target=\"_blank\" rel=\"noopener noreferrer\">Confira a programa\u00e7\u00e3o completa aqui<\/a>.<\/p>\n<p style=\"box-sizing: border-box; margin: 0px 0px 1.1em; padding: 0px; border: 0px; font-style: inherit; font-variant: inherit; font-stretch: inherit; line-height: 2; vertical-align: baseline;\">Mais informa\u00e7\u00f5es sobre o evento no site oficial\u00a0<a style=\"box-sizing: border-box; margin: 0px; padding: 0px; border: 0px; font-style: inherit; font-variant: inherit; font-weight: inherit; font-stretch: inherit; font-size: inherit; line-height: inherit; vertical-align: baseline; transition: all 0.1s ease-in-out 0s; color: #006bb5;\" href=\"https:\/\/viva2023df.com.br\/\" target=\"_blank\" rel=\"noopener noreferrer\">Viva 2023<\/a>.<\/p>\n<p style=\"box-sizing: border-box; margin: 0px 0px 1.1em; padding: 0px; border: 0px; font-style: inherit; font-variant: inherit; font-stretch: inherit; line-height: 2; vertical-align: baseline;\"><em style=\"box-sizing: border-box; margin: 0px; padding: 0px; border: 0px; font-variant: inherit; font-stretch: inherit; font-size: inherit; line-height: inherit; vertical-align: baseline;\">*Com informa\u00e7\u00f5es da Secretaria de Cultura e Economia Criativa<\/em><\/p>\n<\/article>\n","protected":false},"excerpt":{"rendered":"<header style=\"box-sizing: border-box; margin: 0px auto 3em; padding: 0px; border-width: 0px 0px 2px; border-image: initial; font-variant-numeric: inherit; font-variant-east-asian: inherit; font-stretch: inherit; font-size: 18px; line-height: inherit; vertical-align: baseline; font-family: Regular, sans-serif; max-width: 980px; color: #000000; border-color: initial initial #999999 initial; border-style: initial initial solid initial;\">\n<h1>Em formato in\u00e9dito, festa de ano-novo ter\u00e1 cinco palcos em quatro regi\u00f5es administrativas<\/h1>\n<p>Ag\u00eancia Bras\u00edlia* | Edi\u00e7\u00e3o: Carolina Lobo<\/p>\n","protected":false},"author":3,"featured_media":0,"comment_status":"open","ping_status":"open","sticky":false,"template":"","format":"standard","meta":{"_monsterinsights_skip_tracking":false,"_monsterinsights_sitenote_active":false,"_monsterinsights_sitenote_note":"","_monsterinsights_sitenote_category":0,"footnotes":""},"categories":[34],"tags":[],"class_list":["post-725","post","type-post","status-publish","format-standard","hentry","category-destaque"],"_links":{"self":[{"href":"https:\/\/cidadecult.com.br\/index.php?rest_route=\/wp\/v2\/posts\/725","targetHints":{"allow":["GET"]}}],"collection":[{"href":"https:\/\/cidadecult.com.br\/index.php?rest_route=\/wp\/v2\/posts"}],"about":[{"href":"https:\/\/cidadecult.com.br\/index.php?rest_route=\/wp\/v2\/types\/post"}],"author":[{"embeddable":true,"href":"https:\/\/cidadecult.com.br\/index.php?rest_route=\/wp\/v2\/users\/3"}],"replies":[{"embeddable":true,"href":"https:\/\/cidadecult.com.br\/index.php?rest_route=%2Fwp%2Fv2%2Fcomments&post=725"}],"version-history":[{"count":0,"href":"https:\/\/cidadecult.com.br\/index.php?rest_route=\/wp\/v2\/posts\/725\/revisions"}],"wp:attachment":[{"href":"https:\/\/cidadecult.com.br\/index.php?rest_route=%2Fwp%2Fv2%2Fmedia&parent=725"}],"wp:term":[{"taxonomy":"category","embeddable":true,"href":"https:\/\/cidadecult.com.br\/index.php?rest_route=%2Fwp%2Fv2%2Fcategories&post=725"},{"taxonomy":"post_tag","embeddable":true,"href":"https:\/\/cidadecult.com.br\/index.php?rest_route=%2Fwp%2Fv2%2Ftags&post=725"}],"curies":[{"name":"wp","href":"https:\/\/api.w.org\/{rel}","templated":true}]}}