{"id":7249,"date":"2024-09-02T18:51:51","date_gmt":"2024-09-02T21:51:51","guid":{"rendered":"https:\/\/cidadecult.com.br\/?p=7249"},"modified":"2024-09-03T09:50:21","modified_gmt":"2024-09-03T12:50:21","slug":"carmina-burana-sob-ceu-de-brasilia-o-grand-finale-do-festival-sinfonico-v","status":"publish","type":"post","link":"https:\/\/cidadecult.com.br\/?p=7249","title":{"rendered":"Carmina Burana Sob C\u00e9u de Bras\u00edlia: O grand finale do Festival Sinf\u00f4nico V"},"content":{"rendered":"\n<p>Foto:<em> Foto Divulga\u00e7\u00e3o<\/em><\/p>\n\n\n\n<p>O Festival Sinf\u00f4nico V, com patroc\u00ednio master da Shell e apoio da Lei de Incentivo \u00e0 Cultura, encerra sua 5\u00aa edi\u00e7\u00e3o com um espet\u00e1culo grandioso e in\u00e9dito em Bras\u00edlia. <strong>A \u00faltima noite promete ser memor\u00e1vel, com uma s\u00e9rie de apresenta\u00e7\u00f5es que celebram a m\u00fasica e a dan\u00e7a em grande estilo.<\/strong><\/p>\n\n\n\n<p>O evento ser\u00e1 realizado na Concha Ac\u00fastica no dia 7 de setembro e contar\u00e1 com a estreia da cantata c\u00eanica <em>Carmina Burana<\/em>, de Carl Orff, na capital federal. Sob a reg\u00eancia do maestro Thiago Francis, a Orquestra Filarm\u00f4nica de Bras\u00edlia (OFB) ser\u00e1 acompanhada por uma coreografia in\u00e9dita da renomada Cristina Perera, prometendo uma experi\u00eancia \u00fanica ao p\u00fablico.<\/p>\n\n\n\n<p>A programa\u00e7\u00e3o do festival incluir\u00e1 o projeto Viva Arte Viva, que re\u00fane 280 crian\u00e7as de escolas p\u00fablicas do Distrito Federal, e performances de renomados artistas como Eduardo Rangel, Marina Melaranci, Gabriel Grossi e Edson Cordeiro. Rangel se reencontrar\u00e1 com a OFB ap\u00f3s anos, Melaranci encantar\u00e1 com sua t\u00e9cnica impec\u00e1vel, Grossi apresentar\u00e1 uma pe\u00e7a rar\u00edssima de Villa-Lobos para harm\u00f4nica e orquestra, e Cordeiro promete uma performance vibrante e ecl\u00e9tica.<\/p>\n\n\n\n<p>A grandiosa apresenta\u00e7\u00e3o de <em>Carmina Burana<\/em> contar\u00e1 com 62 m\u00fasicos da OFB, os solistas Daniel Menezes (tenor), Diego Silveira (bar\u00edtono) e Natasha Salles (soprano), al\u00e9m dos corais Tutti Choir e Coral 10, e 40 vozes do coral infantil. O Corpo de Baile da OFB, com 12 bailarinos, tamb\u00e9m se apresentar\u00e1 para um p\u00fablico esperado de 5 mil pessoas.<\/p>\n\n\n\n<p>Os ingressos para o festival est\u00e3o dispon\u00edveis pelo Sympla, com pre\u00e7os variando entre R$ 17,50 e R$ 150,00, dependendo do lote e do tipo de ingresso.<\/p>\n\n\n\n<p><strong>Servi\u00e7o:<\/strong><\/p>\n\n\n\n<ul class=\"wp-block-list\">\n<li><strong>Evento:<\/strong> 5\u00aa edi\u00e7\u00e3o do Festival Sinf\u00f4nico<\/li>\n\n\n\n<li><strong>Data:<\/strong> 07 de setembro<\/li>\n\n\n\n<li><strong>Hor\u00e1rio:<\/strong> 18h (Festivalzinho) seguido dos concertos do FS5<\/li>\n\n\n\n<li><strong>Local:<\/strong> Concha Ac\u00fastica de Bras\u00edlia<\/li>\n\n\n\n<li><strong>Ingressos:<\/strong> Dispon\u00edveis no Sympla<\/li>\n<\/ul>\n\n\n\n<p><strong>Realiza\u00e7\u00e3o:<\/strong> Associa\u00e7\u00e3o dos Amigos das Artes de Bras\u00edlia (AMABRA)<br><strong>Patroc\u00ednio Master:<\/strong> Shell<br><strong>Patroc\u00ednio:<\/strong> Minist\u00e9rio da Cultura, Grupo Santa<br><strong>Apoio:<\/strong> Secretaria de Cultura e Economia Criativa do Governo do Distrito Federal<br><strong>Classifica\u00e7\u00e3o Indicativa:<\/strong> Livre<\/p>\n\n\n\n<p><\/p>\n","protected":false},"excerpt":{"rendered":"<p>Foto: Foto Divulga\u00e7\u00e3o O Festival Sinf\u00f4nico V, com patroc\u00ednio master da Shell e apoio da Lei de Incentivo \u00e0 Cultura, encerra sua 5\u00aa edi\u00e7\u00e3o com um espet\u00e1culo grandioso e in\u00e9dito em Bras\u00edlia. A \u00faltima noite promete ser memor\u00e1vel, com uma s\u00e9rie de apresenta\u00e7\u00f5es que celebram a m\u00fasica e a dan\u00e7a em grande estilo. O evento [&hellip;]<\/p>\n","protected":false},"author":5191,"featured_media":7250,"comment_status":"open","ping_status":"open","sticky":false,"template":"","format":"standard","meta":{"_monsterinsights_skip_tracking":false,"_monsterinsights_sitenote_active":false,"_monsterinsights_sitenote_note":"","_monsterinsights_sitenote_category":0,"footnotes":""},"categories":[41,17,3,6],"tags":[405,429,419,403,423,408,431,407,579],"class_list":["post-7249","post","type-post","status-publish","format-standard","has-post-thumbnail","hentry","category-agenda","category-bsb","category-entertainment","category-music","tag-arte-2","tag-brasilia-3","tag-brasiliadf-2","tag-cidadecult-2","tag-cidadecultpordentro-2","tag-cultura-2","tag-distritofederal-2","tag-entreterimento","tag-musica-2"],"_links":{"self":[{"href":"https:\/\/cidadecult.com.br\/index.php?rest_route=\/wp\/v2\/posts\/7249","targetHints":{"allow":["GET"]}}],"collection":[{"href":"https:\/\/cidadecult.com.br\/index.php?rest_route=\/wp\/v2\/posts"}],"about":[{"href":"https:\/\/cidadecult.com.br\/index.php?rest_route=\/wp\/v2\/types\/post"}],"author":[{"embeddable":true,"href":"https:\/\/cidadecult.com.br\/index.php?rest_route=\/wp\/v2\/users\/5191"}],"replies":[{"embeddable":true,"href":"https:\/\/cidadecult.com.br\/index.php?rest_route=%2Fwp%2Fv2%2Fcomments&post=7249"}],"version-history":[{"count":3,"href":"https:\/\/cidadecult.com.br\/index.php?rest_route=\/wp\/v2\/posts\/7249\/revisions"}],"predecessor-version":[{"id":7262,"href":"https:\/\/cidadecult.com.br\/index.php?rest_route=\/wp\/v2\/posts\/7249\/revisions\/7262"}],"wp:featuredmedia":[{"embeddable":true,"href":"https:\/\/cidadecult.com.br\/index.php?rest_route=\/wp\/v2\/media\/7250"}],"wp:attachment":[{"href":"https:\/\/cidadecult.com.br\/index.php?rest_route=%2Fwp%2Fv2%2Fmedia&parent=7249"}],"wp:term":[{"taxonomy":"category","embeddable":true,"href":"https:\/\/cidadecult.com.br\/index.php?rest_route=%2Fwp%2Fv2%2Fcategories&post=7249"},{"taxonomy":"post_tag","embeddable":true,"href":"https:\/\/cidadecult.com.br\/index.php?rest_route=%2Fwp%2Fv2%2Ftags&post=7249"}],"curies":[{"name":"wp","href":"https:\/\/api.w.org\/{rel}","templated":true}]}}