{"id":7234,"date":"2024-09-02T15:45:40","date_gmt":"2024-09-02T18:45:40","guid":{"rendered":"https:\/\/cidadecult.com.br\/?p=7234"},"modified":"2024-09-02T17:31:11","modified_gmt":"2024-09-02T20:31:11","slug":"festival-paredao-ocupa-o-museu-agita-o-ccbb-rj-em-setembro","status":"publish","type":"post","link":"https:\/\/cidadecult.com.br\/?p=7234","title":{"rendered":"Festival Pared\u00e3o Ocupa o Museu no CCBB RJ! \ud83c\udf1f"},"content":{"rendered":"\n<p>Prepare-se para uma imers\u00e3o na diversidade sonora brasileira com o <strong>Festival Pared\u00e3o Ocupa o Museu<\/strong>, que acontecer\u00e1 de 26 a 28 de setembro de 2024 no Centro Cultural Banco do Brasil do Rio de Janeiro. Este evento gratuito celebra a vibrante cultura dos &#8220;pared\u00f5es&#8221;, grandes estruturas sonoras que fazem parte das festas populares em v\u00e1rias regi\u00f5es do Brasil.<\/p>\n\n\n\n<p>\ud83c\udfb6 <strong>O que \u00e9 um pared\u00e3o?<\/strong><br>Os pared\u00f5es s\u00e3o caixas de som empilhadas que criam enormes estruturas sonoras, proporcionando uma experi\u00eancia musical \u00fanica e intensa. Esses sistemas de som s\u00e3o uma parte essencial de festas e celebra\u00e7\u00f5es em locais como o Par\u00e1, Maranh\u00e3o e Rio de Janeiro.<\/p>\n\n\n\n<p>\ud83d\uddd3\ufe0f <strong>Datas:<\/strong> 26, 27 e 28 de setembro<br>\ud83d\udd57 <strong>Hor\u00e1rio:<\/strong> 20h \u00e0s 2h<br>\ud83d\udccd <strong>Local:<\/strong> CCBB RJ<\/p>\n\n\n\n<p>\ud83d\udd0a <strong>Programa\u00e7\u00e3o:<\/strong><\/p>\n\n\n\n<ul class=\"wp-block-list\">\n<li><strong>26\/09:<\/strong> Aparelhagem Crocodilo (PA) \u2013 Tecnobrega<\/li>\n\n\n\n<li><strong>27\/09:<\/strong> Radiola de Reggae (MA) \u2013 Reggae<\/li>\n\n\n\n<li><strong>28\/09:<\/strong> Pared\u00e3o do Hulk (RJ) \u2013 Funk<\/li>\n<\/ul>\n\n\n\n<p>Al\u00e9m das apresenta\u00e7\u00f5es musicais, o festival oferece:<\/p>\n\n\n\n<ul class=\"wp-block-list\">\n<li>\ud83c\udf7d\ufe0f Feira gastron\u00f4mica com comidas t\u00edpicas de diversas regi\u00f5es<\/li>\n\n\n\n<li>\ud83d\udde3\ufe0f Ciclo de debates sobre a influ\u00eancia e a cultura dos pared\u00f5es<\/li>\n<\/ul>\n\n\n\n<p>\ud83c\udf89 O festival busca unir a energia das festas populares com a perspectiva do museu, oferecendo uma nova narrativa cultural e destacando a diversidade do Brasil.<\/p>\n\n\n\n<p>\ud83c\udf9f\ufe0f <strong>Entrada gratuita<\/strong>. Venha experimentar essa celebra\u00e7\u00e3o \u00fanica da cultura sonora brasileira!<\/p>\n\n\n\n<p>\ud83d\udcf2 Para mais detalhes, acompanhe o site e as redes sociais do CCBB RJ.<\/p>\n\n\n\n<p><\/p>\n\n\n\n<p><\/p>\n","protected":false},"excerpt":{"rendered":"<p>Prepare-se para uma imers\u00e3o na diversidade sonora brasileira com o Festival Pared\u00e3o Ocupa o Museu, que acontecer\u00e1 de 26 a 28 de setembro de 2024 no Centro Cultural Banco do Brasil do Rio de Janeiro. Este evento gratuito celebra a vibrante cultura dos &#8220;pared\u00f5es&#8221;, grandes estruturas sonoras que fazem parte das festas populares em v\u00e1rias [&hellip;]<\/p>\n","protected":false},"author":5191,"featured_media":7235,"comment_status":"open","ping_status":"open","sticky":false,"template":"","format":"standard","meta":{"_monsterinsights_skip_tracking":false,"_monsterinsights_sitenote_active":false,"_monsterinsights_sitenote_note":"","_monsterinsights_sitenote_category":0,"footnotes":""},"categories":[41,54,3,35],"tags":[405,403,423,408,2548,407,811,2549,579,1355,447],"class_list":["post-7234","post","type-post","status-publish","format-standard","has-post-thumbnail","hentry","category-agenda","category-brasil","category-entertainment","category-business-news365","tag-arte-2","tag-cidadecult-2","tag-cidadecultpordentro-2","tag-cultura-2","tag-diversidadesonora","tag-entreterimento","tag-festival-2","tag-funk-2","tag-musica-2","tag-reggae","tag-riodejaneiro-2"],"_links":{"self":[{"href":"https:\/\/cidadecult.com.br\/index.php?rest_route=\/wp\/v2\/posts\/7234","targetHints":{"allow":["GET"]}}],"collection":[{"href":"https:\/\/cidadecult.com.br\/index.php?rest_route=\/wp\/v2\/posts"}],"about":[{"href":"https:\/\/cidadecult.com.br\/index.php?rest_route=\/wp\/v2\/types\/post"}],"author":[{"embeddable":true,"href":"https:\/\/cidadecult.com.br\/index.php?rest_route=\/wp\/v2\/users\/5191"}],"replies":[{"embeddable":true,"href":"https:\/\/cidadecult.com.br\/index.php?rest_route=%2Fwp%2Fv2%2Fcomments&post=7234"}],"version-history":[{"count":6,"href":"https:\/\/cidadecult.com.br\/index.php?rest_route=\/wp\/v2\/posts\/7234\/revisions"}],"predecessor-version":[{"id":7246,"href":"https:\/\/cidadecult.com.br\/index.php?rest_route=\/wp\/v2\/posts\/7234\/revisions\/7246"}],"wp:featuredmedia":[{"embeddable":true,"href":"https:\/\/cidadecult.com.br\/index.php?rest_route=\/wp\/v2\/media\/7235"}],"wp:attachment":[{"href":"https:\/\/cidadecult.com.br\/index.php?rest_route=%2Fwp%2Fv2%2Fmedia&parent=7234"}],"wp:term":[{"taxonomy":"category","embeddable":true,"href":"https:\/\/cidadecult.com.br\/index.php?rest_route=%2Fwp%2Fv2%2Fcategories&post=7234"},{"taxonomy":"post_tag","embeddable":true,"href":"https:\/\/cidadecult.com.br\/index.php?rest_route=%2Fwp%2Fv2%2Ftags&post=7234"}],"curies":[{"name":"wp","href":"https:\/\/api.w.org\/{rel}","templated":true}]}}