{"id":7199,"date":"2024-08-30T12:31:41","date_gmt":"2024-08-30T15:31:41","guid":{"rendered":"https:\/\/cidadecult.com.br\/?p=7199"},"modified":"2024-08-30T12:34:59","modified_gmt":"2024-08-30T15:34:59","slug":"um-marco-para-o-desenvolvimento-regional","status":"publish","type":"post","link":"https:\/\/cidadecult.com.br\/?p=7199","title":{"rendered":"Um marco para o desenvolvimento regional"},"content":{"rendered":"\n<p><em>Foto\/divulga\u00e7\u00e3o<\/em><\/p>\n\n\n\n<p><strong>Na sexta-feira, 30 de agosto de 2024, o presidente Luiz In\u00e1cio Lula da Silva inaugurou uma nova fase das obras da transposi\u00e7\u00e3o do Rio S\u00e3o Francisco, um projeto monumental que promete transformar a realidade h\u00eddrica da Para\u00edba. Com essa etapa conclu\u00edda, 39 munic\u00edpios e cerca de 680 mil pessoas ser\u00e3o diretamente beneficiados.<\/strong><\/p>\n\n\n\n<p>A maior obra h\u00eddrica da Para\u00edba e a segunda maior do Nordeste, o canal Acau\u00e3-Ara\u00e7agi, proporcionar\u00e1 \u00e1gua para irriga\u00e7\u00e3o de mais de 16 mil hectares, al\u00e9m de apoiar atividades de agricultura familiar e empresarial e a cria\u00e7\u00e3o de peixes e camar\u00f5es em viveiros. Esta infraestrutura \u00e9 crucial para garantir uma oferta cont\u00ednua de \u00e1gua, especialmente durante per\u00edodos de seca.<\/p>\n\n\n\n<p>O presidente Lula destacou a import\u00e2ncia da obra, enfatizando o impacto positivo na vida das pessoas: \u201cA \u00e1gua est\u00e1 chegando em um lugar onde as pessoas pensavam que n\u00e3o ia chegar \u00e1gua. Esta \u00e1gua vai salvar muitas vidas, ajudar pequenos produtores e garantir recursos para o consumo humano e animal.\u201d<\/p>\n\n\n\n<p>O projeto abrange tr\u00eas trechos principais do canal, totalizando 130,6 km. A conclus\u00e3o dos lotes 1 e 2 j\u00e1 permite atender 24 munic\u00edpios, seis assentamentos do Incra e v\u00e1rias bacias, promovendo um avan\u00e7o significativo na qualidade de vida, emprego e renda no meio rural.<\/p>\n\n\n\n<p><strong>Essa inaugura\u00e7\u00e3o \u00e9 um marco para o desenvolvimento sustent\u00e1vel da regi\u00e3o e promete fortalecer a economia local e a resili\u00eancia diante de desafios h\u00eddricos futuros.<\/strong><\/p>\n","protected":false},"excerpt":{"rendered":"<p>Foto\/divulga\u00e7\u00e3o Na sexta-feira, 30 de agosto de 2024, o presidente Luiz In\u00e1cio Lula da Silva inaugurou uma nova fase das obras da transposi\u00e7\u00e3o do Rio S\u00e3o Francisco, um projeto monumental que promete transformar a realidade h\u00eddrica da Para\u00edba. Com essa etapa conclu\u00edda, 39 munic\u00edpios e cerca de 680 mil pessoas ser\u00e3o diretamente beneficiados. A maior [&hellip;]<\/p>\n","protected":false},"author":1441,"featured_media":7200,"comment_status":"open","ping_status":"open","sticky":false,"template":"","format":"standard","meta":{"_monsterinsights_skip_tracking":false,"_monsterinsights_sitenote_active":false,"_monsterinsights_sitenote_note":"","_monsterinsights_sitenote_category":0,"footnotes":""},"categories":[54],"tags":[2534],"class_list":["post-7199","post","type-post","status-publish","format-standard","has-post-thumbnail","hentry","category-brasil","tag-devsenvolvimentoregional"],"_links":{"self":[{"href":"https:\/\/cidadecult.com.br\/index.php?rest_route=\/wp\/v2\/posts\/7199","targetHints":{"allow":["GET"]}}],"collection":[{"href":"https:\/\/cidadecult.com.br\/index.php?rest_route=\/wp\/v2\/posts"}],"about":[{"href":"https:\/\/cidadecult.com.br\/index.php?rest_route=\/wp\/v2\/types\/post"}],"author":[{"embeddable":true,"href":"https:\/\/cidadecult.com.br\/index.php?rest_route=\/wp\/v2\/users\/1441"}],"replies":[{"embeddable":true,"href":"https:\/\/cidadecult.com.br\/index.php?rest_route=%2Fwp%2Fv2%2Fcomments&post=7199"}],"version-history":[{"count":2,"href":"https:\/\/cidadecult.com.br\/index.php?rest_route=\/wp\/v2\/posts\/7199\/revisions"}],"predecessor-version":[{"id":7203,"href":"https:\/\/cidadecult.com.br\/index.php?rest_route=\/wp\/v2\/posts\/7199\/revisions\/7203"}],"wp:featuredmedia":[{"embeddable":true,"href":"https:\/\/cidadecult.com.br\/index.php?rest_route=\/wp\/v2\/media\/7200"}],"wp:attachment":[{"href":"https:\/\/cidadecult.com.br\/index.php?rest_route=%2Fwp%2Fv2%2Fmedia&parent=7199"}],"wp:term":[{"taxonomy":"category","embeddable":true,"href":"https:\/\/cidadecult.com.br\/index.php?rest_route=%2Fwp%2Fv2%2Fcategories&post=7199"},{"taxonomy":"post_tag","embeddable":true,"href":"https:\/\/cidadecult.com.br\/index.php?rest_route=%2Fwp%2Fv2%2Ftags&post=7199"}],"curies":[{"name":"wp","href":"https:\/\/api.w.org\/{rel}","templated":true}]}}