{"id":7120,"date":"2024-08-28T11:19:47","date_gmt":"2024-08-28T14:19:47","guid":{"rendered":"https:\/\/cidadecult.com.br\/?p=7120"},"modified":"2024-08-28T11:21:36","modified_gmt":"2024-08-28T14:21:36","slug":"sarau-di-quinta-celebra-1-ano-com-musica-e-resistencia-na-casa-akotirene","status":"publish","type":"post","link":"https:\/\/cidadecult.com.br\/?p=7120","title":{"rendered":"Sarau Di Quinta celebra 1 ano com m\u00fasica e resist\u00eancia na Casa Akotirene"},"content":{"rendered":"\n<p><em>\u00a0Foto: Tha\u00eds Mallon<\/em><\/p>\n\n\n\n<p><strong>O Sarau Di Quinta comemora seu primeiro ano com uma edi\u00e7\u00e3o especial amanh\u00e3, dia 29 de agosto, das 17h \u00e0s 01h59, na Casa Akotirene, em Ceil\u00e2ndia (QNN 23 conjunto J casa 35 &#8211; CEP: 72225-240). O evento, que \u00e9 gratuito e aberto ao p\u00fablico maior de 18 anos, oferece uma programa\u00e7\u00e3o recheada de performances musicais, destacando artistas independentes que d\u00e3o voz \u00e0 diversidade e resist\u00eancia cultural.<\/strong><\/p>\n\n\n\n<p><strong>Atra\u00e7\u00f5es que transcendem g\u00eaneros e estilos<\/strong><\/p>\n\n\n\n<p><strong>Haynna<\/strong>, conhecida por seu trabalho com a banda &#8220;<strong>Haynna e os verdes<\/strong>&#8220;, apresenta um show em formato duo com <strong>Castelo Beatz,<\/strong> explorando sonoridades eletr\u00f4nicas em vers\u00f5es in\u00e9ditas de suas m\u00fasicas. &#8220;\u00c9 um convite para se deixar levar por batidas envolventes e atmosferas sonoras que conectam a eletr\u00f4nica ao org\u00e2nico da voz&#8221;,<strong> destaca Haynna.<\/strong><\/p>\n\n\n\n<p><strong>B\u00e1rbara Silva<\/strong> inicia sua nova turn\u00ea \u201cCoisas vazias ficam pra tr\u00e1s e outras\u201d no evento, levando ao p\u00fablico uma experi\u00eancia sonora completa com sua banda. Com arranjos que variam entre o intimismo e o expansivo, B\u00e1rbara apresenta seu disco em vers\u00e3o Deluxe, mostrando a evolu\u00e7\u00e3o de seu trabalho art\u00edstico.<\/p>\n\n\n\n<p><strong>Sarau Di Quinta: um palco para a diversidade<\/strong><\/p>\n\n\n\n<p><strong>Dani da Silva, um dos idealizadores do Sarau Di Quinta, \u00e9 figura central no evento.<\/strong> <strong>Artista trans masculino n\u00e3o bin\u00e1rio, Dani traz \u00e0 cena a import\u00e2ncia de espa\u00e7os que acolhem e promovem artistas perif\u00e9ricos, LGBTs, negros, PCDs e mulheres.<\/strong> \u201cEsses festivais s\u00e3o fundamentais para artistas como eu, que apesar de anos de palco, encontram agora o espa\u00e7o para florescer em carreira solo\u201d,<strong> afirma Dani.<\/strong><\/p>\n\n\n\n<p><strong>A Casa Akotirene, local escolhido para a celebra\u00e7\u00e3o, \u00e9 um espa\u00e7o de resist\u00eancia e decoloniza\u00e7\u00e3o, funcionando como um quilombo urbano em pleno cora\u00e7\u00e3o de Ceil\u00e2ndia. Segundo Dani, essa parceria refor\u00e7a o compromisso do Sarau Di Quinta em dar visibilidade e voz a corpos dissidentes<\/strong>: \u201cAqui, celebramos n\u00e3o apenas a m\u00fasica, mas o poder transformador da nossa exist\u00eancia.\u201d<\/p>\n\n\n\n<p><strong>Programa\u00e7\u00e3o completa do Sarau Di Quinta<\/strong><\/p>\n\n\n\n<p><strong>Quando:<\/strong> 29 de agosto de 2024<br><strong>Onde:<\/strong> Casa Akotirene (QNN 23 conjunto J casa 35 &#8211; Ceil\u00e2ndia, CEP: 72225-240)<br><strong>Hor\u00e1rio:<\/strong> Das 17h \u00e0s 01h59<br><strong>Entrada:<\/strong> Gratuita<br><strong>Classifica\u00e7\u00e3o Indicativa:<\/strong> N\u00e3o recomendado para menores de 18 anos<\/p>\n\n\n\n<p><strong>Atra\u00e7\u00f5es:<\/strong> Anna Moura, Haynna &amp; Castelo Beatz, Ticco convida D\u00e9bora Sasb, Ricelly Lopez, Dani Silva convida Fi\u00faza e L\u00e9o Mar\u00ea, B\u00e1rbara Silva, Marg\u00f4 Oliveira convida D\u00e9bora Zimmer, Mateus Nigimanum, M\u00e1rcia Nunes, Laady B, Suene Karim, Julia Maria e DJ Beatmilla.<\/p>\n\n\n\n<p><strong>Participe e celebre a diversidade e a resist\u00eancia no Sarau Di Quinta!<\/strong><\/p>\n","protected":false},"excerpt":{"rendered":"<p>\u00a0Foto: Tha\u00eds Mallon O Sarau Di Quinta comemora seu primeiro ano com uma edi\u00e7\u00e3o especial amanh\u00e3, dia 29 de agosto, das 17h \u00e0s 01h59, na Casa Akotirene, em Ceil\u00e2ndia (QNN 23 conjunto J casa 35 &#8211; CEP: 72225-240). O evento, que \u00e9 gratuito e aberto ao p\u00fablico maior de 18 anos, oferece uma programa\u00e7\u00e3o recheada [&hellip;]<\/p>\n","protected":false},"author":1441,"featured_media":7121,"comment_status":"open","ping_status":"open","sticky":false,"template":"","format":"standard","meta":{"_monsterinsights_skip_tracking":false,"_monsterinsights_sitenote_active":false,"_monsterinsights_sitenote_note":"","_monsterinsights_sitenote_category":0,"footnotes":""},"categories":[41,17,34,35],"tags":[2500,423,579,2499],"class_list":["post-7120","post","type-post","status-publish","format-standard","has-post-thumbnail","hentry","category-agenda","category-bsb","category-destaque","category-business-news365","tag-casaakotirene","tag-cidadecultpordentro-2","tag-musica-2","tag-saraudiquinta"],"_links":{"self":[{"href":"https:\/\/cidadecult.com.br\/index.php?rest_route=\/wp\/v2\/posts\/7120","targetHints":{"allow":["GET"]}}],"collection":[{"href":"https:\/\/cidadecult.com.br\/index.php?rest_route=\/wp\/v2\/posts"}],"about":[{"href":"https:\/\/cidadecult.com.br\/index.php?rest_route=\/wp\/v2\/types\/post"}],"author":[{"embeddable":true,"href":"https:\/\/cidadecult.com.br\/index.php?rest_route=\/wp\/v2\/users\/1441"}],"replies":[{"embeddable":true,"href":"https:\/\/cidadecult.com.br\/index.php?rest_route=%2Fwp%2Fv2%2Fcomments&post=7120"}],"version-history":[{"count":1,"href":"https:\/\/cidadecult.com.br\/index.php?rest_route=\/wp\/v2\/posts\/7120\/revisions"}],"predecessor-version":[{"id":7122,"href":"https:\/\/cidadecult.com.br\/index.php?rest_route=\/wp\/v2\/posts\/7120\/revisions\/7122"}],"wp:featuredmedia":[{"embeddable":true,"href":"https:\/\/cidadecult.com.br\/index.php?rest_route=\/wp\/v2\/media\/7121"}],"wp:attachment":[{"href":"https:\/\/cidadecult.com.br\/index.php?rest_route=%2Fwp%2Fv2%2Fmedia&parent=7120"}],"wp:term":[{"taxonomy":"category","embeddable":true,"href":"https:\/\/cidadecult.com.br\/index.php?rest_route=%2Fwp%2Fv2%2Fcategories&post=7120"},{"taxonomy":"post_tag","embeddable":true,"href":"https:\/\/cidadecult.com.br\/index.php?rest_route=%2Fwp%2Fv2%2Ftags&post=7120"}],"curies":[{"name":"wp","href":"https:\/\/api.w.org\/{rel}","templated":true}]}}