{"id":7093,"date":"2024-08-27T10:15:16","date_gmt":"2024-08-27T13:15:16","guid":{"rendered":"https:\/\/cidadecult.com.br\/?p=7093"},"modified":"2024-08-27T10:16:51","modified_gmt":"2024-08-27T13:16:51","slug":"danca-na-avenida-paulista-um-mergulho-gratuito-na-arte-em-movimento","status":"publish","type":"post","link":"https:\/\/cidadecult.com.br\/?p=7093","title":{"rendered":"Dan\u00e7a na Avenida Paulista: um mergulho gratuito na arte em movimento"},"content":{"rendered":"\n<p><em>Foto\/divulga\u00e7\u00e3o<\/em><\/p>\n\n\n\n<p><strong>A Avenida Paulista se transforma em um verdadeiro palco de dan\u00e7a nesta semana, gra\u00e7as \u00e0 uni\u00e3o de dois eventos culturais de destaque:<\/strong> <strong>a 6\u00aa Semana Paulista de Dan\u00e7a e a<\/strong> <strong>Mostra Internacional de Dan\u00e7a de S\u00e3o Paulo (MID-SP)<\/strong>. <strong>De 27 de agosto a 1\u00ba de setembro, o p\u00fablico poder\u00e1 se encantar com 22 apresenta\u00e7\u00f5es gratuitas que abrangem uma ampla gama de estilos, do cl\u00e1ssico ao contempor\u00e2neo.<\/strong><\/p>\n\n\n\n<p>A programa\u00e7\u00e3o foi elaborada para garantir que os espectadores possam aproveitar cada momento sem conflitos de hor\u00e1rio, permitindo uma imers\u00e3o total na experi\u00eancia. A <strong>Mostra Internacional de Dan\u00e7a de S\u00e3o Paulo<\/strong> ter\u00e1 sua <strong>estreia hoje, 27 de agosto<\/strong>, no<strong> Ita\u00fa Cultural,<\/strong> com uma apresenta\u00e7\u00e3o vibrante de &#8220;Yebo Musical&#8221; pela Gamboot Dance, enquanto a Semana Paulista de Dan\u00e7a come\u00e7a <strong>amanh\u00e3, 28 de agosto,<\/strong> <strong>no Masp,<\/strong> com o espet\u00e1culo &#8220;As can\u00e7\u00f5es que voc\u00ea dan\u00e7ou para mim&#8221;, da<strong> Focus<\/strong> Cia. de Dan\u00e7a.<\/p>\n\n\n\n<p>Al\u00e9m das apresenta\u00e7\u00f5es ao vivo, a <strong>MID-SP <\/strong>incluir\u00e1 f\u00f3runs de discuss\u00e3o e exibi\u00e7\u00f5es de <strong>video-dan\u00e7as<\/strong> que prometem enriquecer ainda mais a percep\u00e7\u00e3o da dan\u00e7a contempor\u00e2nea.<strong> In\u00eas Bog\u00e9a,<\/strong> diretora art\u00edstica da mostra, destaca que o evento \u00e9 uma celebra\u00e7\u00e3o da diversidade e uma oportunidade para o p\u00fablico explorar a dan\u00e7a de forma ampla e inclusiva.<\/p>\n\n\n\n<p><strong>A Semana Paulista de Dan\u00e7a, que teve in\u00edcio em 2018, busca aproximar a dan\u00e7a do cotidiano da cidade, trazendo para o p\u00fablico apresenta\u00e7\u00f5es de grande impacto, como a participa\u00e7\u00e3o de Thiago Soares, ex-primeiro bailarino do Royal Ballet de Londres, e o espet\u00e1culo &#8220;FRANCISCO (s)&#8221;, inspirado nas can\u00e7\u00f5es de Chico Buarque<\/strong>. Anselmo Zolla, curador do evento, enfatiza que a proposta \u00e9 mostrar a dan\u00e7a como uma forma de arte viva e acess\u00edvel a todos.<\/p>\n\n\n\n<p><strong>Os ingressos para as apresenta\u00e7\u00f5es no Ita\u00fa Cultural est\u00e3o dispon\u00edveis para reserva<a href=\"https:\/\/www.bing.com\/ck\/a?!&amp;&amp;p=cb4ebe87cf38accfJmltdHM9MTcyNDcxNjgwMCZpZ3VpZD0xM2Q3NzcyNi1lN2E1LTYzYzQtMTY0Yy02MzM4ZTZhNTYyY2EmaW5zaWQ9NTIxMA&amp;ptn=3&amp;ver=2&amp;hsh=3&amp;fclid=13d77726-e7a5-63c4-164c-6338e6a562ca&amp;psq=itau+cultural&amp;u=a1aHR0cHM6Ly93d3cuaXRhdWN1bHR1cmFsLm9yZy5ici8&amp;ntb=1\"> online, <\/a>enquanto os do Masp devem ser retirados na bilheteria duas horas antes dos espet\u00e1culos.<\/strong> Para conferir a programa\u00e7\u00e3o completa, visite os sites dos respectivos eventos e prepare-se para uma semana repleta de movimento e emo\u00e7\u00e3o na Avenida Paulista.<\/p>\n","protected":false},"excerpt":{"rendered":"<p>Foto\/divulga\u00e7\u00e3o A Avenida Paulista se transforma em um verdadeiro palco de dan\u00e7a nesta semana, gra\u00e7as \u00e0 uni\u00e3o de dois eventos culturais de destaque: a 6\u00aa Semana Paulista de Dan\u00e7a e a Mostra Internacional de Dan\u00e7a de S\u00e3o Paulo (MID-SP). De 27 de agosto a 1\u00ba de setembro, o p\u00fablico poder\u00e1 se encantar com 22 apresenta\u00e7\u00f5es [&hellip;]<\/p>\n","protected":false},"author":1441,"featured_media":7094,"comment_status":"open","ping_status":"open","sticky":false,"template":"","format":"standard","meta":{"_monsterinsights_skip_tracking":false,"_monsterinsights_sitenote_active":false,"_monsterinsights_sitenote_note":"","_monsterinsights_sitenote_category":0,"footnotes":""},"categories":[54,34,43],"tags":[423,2487,536,2488],"class_list":["post-7093","post","type-post","status-publish","format-standard","has-post-thumbnail","hentry","category-brasil","category-destaque","category-releases","tag-cidadecultpordentro-2","tag-dancanaavenidapaulista","tag-gratuito","tag-midsp"],"_links":{"self":[{"href":"https:\/\/cidadecult.com.br\/index.php?rest_route=\/wp\/v2\/posts\/7093","targetHints":{"allow":["GET"]}}],"collection":[{"href":"https:\/\/cidadecult.com.br\/index.php?rest_route=\/wp\/v2\/posts"}],"about":[{"href":"https:\/\/cidadecult.com.br\/index.php?rest_route=\/wp\/v2\/types\/post"}],"author":[{"embeddable":true,"href":"https:\/\/cidadecult.com.br\/index.php?rest_route=\/wp\/v2\/users\/1441"}],"replies":[{"embeddable":true,"href":"https:\/\/cidadecult.com.br\/index.php?rest_route=%2Fwp%2Fv2%2Fcomments&post=7093"}],"version-history":[{"count":1,"href":"https:\/\/cidadecult.com.br\/index.php?rest_route=\/wp\/v2\/posts\/7093\/revisions"}],"predecessor-version":[{"id":7095,"href":"https:\/\/cidadecult.com.br\/index.php?rest_route=\/wp\/v2\/posts\/7093\/revisions\/7095"}],"wp:featuredmedia":[{"embeddable":true,"href":"https:\/\/cidadecult.com.br\/index.php?rest_route=\/wp\/v2\/media\/7094"}],"wp:attachment":[{"href":"https:\/\/cidadecult.com.br\/index.php?rest_route=%2Fwp%2Fv2%2Fmedia&parent=7093"}],"wp:term":[{"taxonomy":"category","embeddable":true,"href":"https:\/\/cidadecult.com.br\/index.php?rest_route=%2Fwp%2Fv2%2Fcategories&post=7093"},{"taxonomy":"post_tag","embeddable":true,"href":"https:\/\/cidadecult.com.br\/index.php?rest_route=%2Fwp%2Fv2%2Ftags&post=7093"}],"curies":[{"name":"wp","href":"https:\/\/api.w.org\/{rel}","templated":true}]}}