{"id":6901,"date":"2024-08-19T10:13:13","date_gmt":"2024-08-19T13:13:13","guid":{"rendered":"https:\/\/cidadecult.com.br\/?p=6901"},"modified":"2024-08-20T11:37:24","modified_gmt":"2024-08-20T14:37:24","slug":"datas-marcantes-da-semana-ibirapuera-getulio-e-leminski-em-destaque","status":"publish","type":"post","link":"https:\/\/cidadecult.com.br\/?p=6901","title":{"rendered":"Datas marcantes da semana: Ibirapuera, Get\u00falio e Leminski em destaque"},"content":{"rendered":"\n<p><em>Foto: Rovena Rosa <\/em><\/p>\n\n\n\n<p>Entre os dias 18 e 24 de agosto de 2024, temos uma semana cheia de datas significativas que celebram a cultura, a hist\u00f3ria e as conquistas do Brasil. Vamos conferir os destaques:<\/p>\n\n\n\n<ul class=\"wp-block-list\">\n<li><strong>Hoje-19 de agosto<\/strong>: A <strong>Embraer<\/strong>, uma das l\u00edderes globais na fabrica\u00e7\u00e3o de aeronaves, completa 55 anos. Desde sua funda\u00e7\u00e3o, a empresa tem sido uma refer\u00eancia em inova\u00e7\u00e3o no setor aeron\u00e1utico. No mesmo dia, comemoramos o <strong>Dia Mundial da Fotografia<\/strong>, o <strong>Dia Nacional do Historiador<\/strong> e o <strong>Dia Nacional do Ciclista<\/strong>, datas que celebram a arte da imagem, a hist\u00f3ria e a seguran\u00e7a no tr\u00e2nsito, respectivamente.<\/li>\n\n\n\n<li><strong>21 de agosto<\/strong>: O ic\u00f4nico <strong>Parque do Ibirapuera<\/strong>, em S\u00e3o Paulo, celebra seu 70\u00ba anivers\u00e1rio. Desde 1954, o parque tem sido um ponto de encontro para eventos culturais e lazer, marcando presen\u00e7a importante na vida urbana da cidade.<\/li>\n\n\n\n<li><strong>22 de agosto<\/strong>: O <strong>Dia do Folclore<\/strong> \u00e9 um momento para reconhecer e preservar as tradi\u00e7\u00f5es brasileiras, celebrando a rica diversidade cultural do pa\u00eds.<\/li>\n\n\n\n<li><strong>24 de agosto<\/strong>: A data lembra dois grandes nomes da hist\u00f3ria e da literatura brasileira. S\u00e3o 70 anos da morte do ex-presidente <strong>Get\u00falio Vargas<\/strong>, um momento crucial na pol\u00edtica nacional, e o 80\u00ba anivers\u00e1rio do poeta e escritor <strong>Paulo Leminski<\/strong>, conhecido por sua contribui\u00e7\u00e3o inovadora \u00e0 literatura.<\/li>\n<\/ul>\n\n\n\n<p><strong>Cada uma dessas datas oferece uma oportunidade de refletir sobre a rica tape\u00e7aria cultural e hist\u00f3rica do Brasil. N\u00e3o perca a chance de comemorar e aprender mais sobre esses momentos importantes!<\/strong><\/p>\n","protected":false},"excerpt":{"rendered":"<p>Foto: Rovena Rosa Entre os dias 18 e 24 de agosto de 2024, temos uma semana cheia de datas significativas que celebram a cultura, a hist\u00f3ria e as conquistas do Brasil. Vamos conferir os destaques: Cada uma dessas datas oferece uma oportunidade de refletir sobre a rica tape\u00e7aria cultural e hist\u00f3rica do Brasil. N\u00e3o perca [&hellip;]<\/p>\n","protected":false},"author":1441,"featured_media":6902,"comment_status":"open","ping_status":"open","sticky":false,"template":"","format":"standard","meta":{"_monsterinsights_skip_tracking":false,"_monsterinsights_sitenote_active":false,"_monsterinsights_sitenote_note":"","_monsterinsights_sitenote_category":0,"footnotes":""},"categories":[1],"tags":[2392,2387,2389],"class_list":["post-6901","post","type-post","status-publish","format-standard","has-post-thumbnail","hentry","category-sem-categoria","tag-cidadecultpordentro-5","tag-datasmarcantesdasemana","tag-getulio"],"_links":{"self":[{"href":"https:\/\/cidadecult.com.br\/index.php?rest_route=\/wp\/v2\/posts\/6901","targetHints":{"allow":["GET"]}}],"collection":[{"href":"https:\/\/cidadecult.com.br\/index.php?rest_route=\/wp\/v2\/posts"}],"about":[{"href":"https:\/\/cidadecult.com.br\/index.php?rest_route=\/wp\/v2\/types\/post"}],"author":[{"embeddable":true,"href":"https:\/\/cidadecult.com.br\/index.php?rest_route=\/wp\/v2\/users\/1441"}],"replies":[{"embeddable":true,"href":"https:\/\/cidadecult.com.br\/index.php?rest_route=%2Fwp%2Fv2%2Fcomments&post=6901"}],"version-history":[{"count":1,"href":"https:\/\/cidadecult.com.br\/index.php?rest_route=\/wp\/v2\/posts\/6901\/revisions"}],"predecessor-version":[{"id":6903,"href":"https:\/\/cidadecult.com.br\/index.php?rest_route=\/wp\/v2\/posts\/6901\/revisions\/6903"}],"wp:featuredmedia":[{"embeddable":true,"href":"https:\/\/cidadecult.com.br\/index.php?rest_route=\/wp\/v2\/media\/6902"}],"wp:attachment":[{"href":"https:\/\/cidadecult.com.br\/index.php?rest_route=%2Fwp%2Fv2%2Fmedia&parent=6901"}],"wp:term":[{"taxonomy":"category","embeddable":true,"href":"https:\/\/cidadecult.com.br\/index.php?rest_route=%2Fwp%2Fv2%2Fcategories&post=6901"},{"taxonomy":"post_tag","embeddable":true,"href":"https:\/\/cidadecult.com.br\/index.php?rest_route=%2Fwp%2Fv2%2Ftags&post=6901"}],"curies":[{"name":"wp","href":"https:\/\/api.w.org\/{rel}","templated":true}]}}