{"id":6867,"date":"2024-08-17T08:55:00","date_gmt":"2024-08-17T11:55:00","guid":{"rendered":"https:\/\/cidadecult.com.br\/?p=6867"},"modified":"2024-08-19T09:31:28","modified_gmt":"2024-08-19T12:31:28","slug":"renova-df-abre-inscricoes-para-o-3o-ciclo-3-mil-vagas-na-construcao-civil","status":"publish","type":"post","link":"https:\/\/cidadecult.com.br\/?p=6867","title":{"rendered":"Renova DF abre inscri\u00e7\u00f5es para o 3\u00ba ciclo: 3 mil vagas na Constru\u00e7\u00e3o Civil"},"content":{"rendered":"\n<p><em>Arte: Sedet-DF<\/em><\/p>\n\n\n\n<p><strong>A partir de hoje, 19 de agosto, o Renova DF, programa que combina qualifica\u00e7\u00e3o profissional e recupera\u00e7\u00e3o de espa\u00e7os p\u00fablicos, abre inscri\u00e7\u00f5es para seu terceiro ciclo.<\/strong> Com 3 mil vagas dispon\u00edveis, o curso oferece uma forma\u00e7\u00e3o pr\u00e1tica e te\u00f3rica na \u00e1rea de auxiliar de manuten\u00e7\u00e3o e constru\u00e7\u00e3o civil.<\/p>\n\n\n\n<p>Os interessados t\u00eam at\u00e9 o dia<strong> 25 de agosto <\/strong>para se inscrever atrav\u00e9s do portal da Secretaria de Desenvolvimento Econ\u00f4mico, Trabalho e Renda do Distrito Federal (Sedet-DF). A forma\u00e7\u00e3o, com uma carga m\u00ednima de 240 horas, \u00e9 ministrada por especialistas do Senai-DF, refer\u00eancia em qualifica\u00e7\u00e3o t\u00e9cnica.<\/p>\n\n\n\n<p>Al\u00e9m do aprendizado, os participantes recebem uniforme completo, equipamento de prote\u00e7\u00e3o individual, lanche di\u00e1rio, e uma bolsa no valor de um sal\u00e1rio m\u00ednimo. O programa tamb\u00e9m oferece aux\u00edlio-transporte e seguro contra acidentes pessoais, garantindo a seguran\u00e7a e o bem-estar dos aprendizes.<\/p>\n\n\n\n<p>Essa \u00e9 uma excelente oportunidade para quem deseja ingressar no setor da constru\u00e7\u00e3o civil, contribuindo ao mesmo tempo para a revitaliza\u00e7\u00e3o dos espa\u00e7os urbanos do Distrito Federal. <strong>N\u00e3o deixe de participar e inscreva-se at\u00e9 o dia 25 de agosto no <a href=\"https:\/\/www.bing.com\/ck\/a?!&amp;&amp;p=fce0c96612b0e4bbJmltdHM9MTcyMzc2NjQwMCZpZ3VpZD0xM2Q3NzcyNi1lN2E1LTYzYzQtMTY0Yy02MzM4ZTZhNTYyY2EmaW5zaWQ9NTE5Mw&amp;ptn=3&amp;ver=2&amp;hsh=3&amp;fclid=13d77726-e7a5-63c4-164c-6338e6a562ca&amp;psq=site+da+Sedet-DF.&amp;u=a1aHR0cHM6Ly9zZWRldC5kZi5nb3YuYnIv&amp;ntb=1\">site da Sedet-DF.<\/a><\/strong><\/p>\n","protected":false},"excerpt":{"rendered":"<p>Arte: Sedet-DF A partir de hoje, 19 de agosto, o Renova DF, programa que combina qualifica\u00e7\u00e3o profissional e recupera\u00e7\u00e3o de espa\u00e7os p\u00fablicos, abre inscri\u00e7\u00f5es para seu terceiro ciclo. Com 3 mil vagas dispon\u00edveis, o curso oferece uma forma\u00e7\u00e3o pr\u00e1tica e te\u00f3rica na \u00e1rea de auxiliar de manuten\u00e7\u00e3o e constru\u00e7\u00e3o civil. Os interessados t\u00eam at\u00e9 o [&hellip;]<\/p>\n","protected":false},"author":1441,"featured_media":6868,"comment_status":"open","ping_status":"open","sticky":false,"template":"","format":"standard","meta":{"_monsterinsights_skip_tracking":false,"_monsterinsights_sitenote_active":false,"_monsterinsights_sitenote_note":"","_monsterinsights_sitenote_category":0,"footnotes":""},"categories":[41,54,17,34],"tags":[423,2369,2370],"class_list":["post-6867","post","type-post","status-publish","format-standard","has-post-thumbnail","hentry","category-agenda","category-brasil","category-bsb","category-destaque","tag-cidadecultpordentro-2","tag-sedetdf","tag-senaidf"],"_links":{"self":[{"href":"https:\/\/cidadecult.com.br\/index.php?rest_route=\/wp\/v2\/posts\/6867","targetHints":{"allow":["GET"]}}],"collection":[{"href":"https:\/\/cidadecult.com.br\/index.php?rest_route=\/wp\/v2\/posts"}],"about":[{"href":"https:\/\/cidadecult.com.br\/index.php?rest_route=\/wp\/v2\/types\/post"}],"author":[{"embeddable":true,"href":"https:\/\/cidadecult.com.br\/index.php?rest_route=\/wp\/v2\/users\/1441"}],"replies":[{"embeddable":true,"href":"https:\/\/cidadecult.com.br\/index.php?rest_route=%2Fwp%2Fv2%2Fcomments&post=6867"}],"version-history":[{"count":2,"href":"https:\/\/cidadecult.com.br\/index.php?rest_route=\/wp\/v2\/posts\/6867\/revisions"}],"predecessor-version":[{"id":6891,"href":"https:\/\/cidadecult.com.br\/index.php?rest_route=\/wp\/v2\/posts\/6867\/revisions\/6891"}],"wp:featuredmedia":[{"embeddable":true,"href":"https:\/\/cidadecult.com.br\/index.php?rest_route=\/wp\/v2\/media\/6868"}],"wp:attachment":[{"href":"https:\/\/cidadecult.com.br\/index.php?rest_route=%2Fwp%2Fv2%2Fmedia&parent=6867"}],"wp:term":[{"taxonomy":"category","embeddable":true,"href":"https:\/\/cidadecult.com.br\/index.php?rest_route=%2Fwp%2Fv2%2Fcategories&post=6867"},{"taxonomy":"post_tag","embeddable":true,"href":"https:\/\/cidadecult.com.br\/index.php?rest_route=%2Fwp%2Fv2%2Ftags&post=6867"}],"curies":[{"name":"wp","href":"https:\/\/api.w.org\/{rel}","templated":true}]}}