{"id":680,"date":"2022-12-11T15:01:19","date_gmt":"2022-12-11T18:01:19","guid":{"rendered":"https:\/\/cidadecult.com.br\/novo\/turismo-e-artesanato-ganham-espaco-cultural-na-508-sul\/"},"modified":"2022-12-11T15:01:19","modified_gmt":"2022-12-11T18:01:19","slug":"turismo-e-artesanato-ganham-espaco-cultural-na-508-sul","status":"publish","type":"post","link":"https:\/\/cidadecult.com.br\/?p=680","title":{"rendered":"Turismo e artesanato ganham espa\u00e7o cultural na 508 Sul"},"content":{"rendered":"<header style=\"box-sizing: border-box; margin: 0px auto 3em; padding: 0px; border-width: 0px 0px 2px; border-image: initial; font-variant-numeric: inherit; font-variant-east-asian: inherit; font-stretch: inherit; font-size: 18px; line-height: inherit; vertical-align: baseline; font-family: Regular, sans-serif; max-width: 980px; color: #000000; border-color: initial initial #999999 initial; border-style: initial initial solid initial;\">\n<h1 style=\"box-sizing: border-box; margin: 0px 0px 0.2em; padding: 0px; border: 0px; font-style: inherit; font-variant: inherit; font-stretch: inherit; font-size: 3em; line-height: 1.1; vertical-align: baseline; font-family: Regular, sans-serif; color: #111111;\">Ambiente criado pela Setur-DF vai incentivar a economia criativa para mais de 30 institui\u00e7\u00f5es que re\u00fanem artes\u00e3os e manualistas<\/h1>\n<p class=\"by\" style=\"box-sizing: border-box; margin: 0px 0px 0.8em; padding: 0px; border: 0px; font-style: inherit; font-variant: inherit; font-stretch: inherit; font-size: 1.1em; line-height: 1.4; vertical-align: baseline; color: #999999;\">Ag\u00eancia Bras\u00edlia* | Edi\u00e7\u00e3o: Saulo Moreno<\/p>\n<div class=\"row\" style=\"box-sizing: border-box; margin: 2em 0px; padding: 0px; border: 0px; font-style: inherit; font-variant: inherit; font-weight: inherit; font-stretch: inherit; font-size: inherit; line-height: inherit; vertical-align: baseline;\">\n<div class=\"col\" style=\"box-sizing: border-box; margin: 0px; padding: 0px; border: 0px; font-style: inherit; font-variant: inherit; font-weight: inherit; font-stretch: inherit; font-size: inherit; line-height: inherit; vertical-align: baseline; float: left; width: 637px;\">\n<ul class=\"cats\" style=\"box-sizing: border-box; margin: 0px; padding: 0px; border: 0px; font-style: inherit; font-variant: inherit; font-weight: inherit; font-stretch: inherit; font-size: inherit; line-height: inherit; vertical-align: baseline; list-style: none;\">\n<li style=\"box-sizing: border-box; margin: 0px 0px 0.2em; padding: 0px; border: 0px; font-style: inherit; font-variant: inherit; font-weight: inherit; font-stretch: inherit; font-size: inherit; line-height: inherit; vertical-align: middle; display: inline-block;\"><a style=\"box-sizing: border-box; margin: 0px; padding: 0.4em 0.6em; border: 1px solid #006bb5; font-style: inherit; font-variant: inherit; font-weight: inherit; font-stretch: inherit; font-size: 0.8em; line-height: inherit; vertical-align: baseline; transition: all 0.1s ease-in-out 0s; display: block; color: #006bb5; text-transform: uppercase;\" href=\"https:\/\/agenciabrasilia.df.gov.br\/categoria\/app\">APP<\/a><\/li>\n<p>\u00a0<\/p>\n<li style=\"box-sizing: border-box; margin: 0px 0px 0.2em; padding: 0px; border: 0px; font-style: inherit; font-variant: inherit; font-weight: inherit; font-stretch: inherit; font-size: inherit; line-height: inherit; vertical-align: middle; display: inline-block;\"><a style=\"box-sizing: border-box; margin: 0px; padding: 0.4em 0.6em; border: 1px solid #006bb5; font-style: inherit; font-variant: inherit; font-weight: inherit; font-stretch: inherit; font-size: 0.8em; line-height: inherit; vertical-align: baseline; transition: all 0.1s ease-in-out 0s; display: block; color: #006bb5; text-transform: uppercase;\" href=\"https:\/\/agenciabrasilia.df.gov.br\/categoria\/gdf\">GDF<\/a><\/li>\n<p>\u00a0<\/p>\n<li style=\"box-sizing: border-box; margin: 0px 0px 0.2em; padding: 0px; border: 0px; font-style: inherit; font-variant: inherit; font-weight: inherit; font-stretch: inherit; font-size: inherit; line-height: inherit; vertical-align: middle; display: inline-block;\"><a style=\"box-sizing: border-box; margin: 0px; padding: 0.4em 0.6em; border: 1px solid #006bb5; font-style: inherit; font-variant: inherit; font-weight: inherit; font-stretch: inherit; font-size: 0.8em; line-height: inherit; vertical-align: baseline; transition: all 0.1s ease-in-out 0s; display: block; color: #006bb5; text-transform: uppercase;\" href=\"https:\/\/agenciabrasilia.df.gov.br\/categoria\/turismo\">TURISMO<\/a><\/li>\n<\/ul>\n<\/div>\n<div class=\"col -social social-share\" style=\"box-sizing: border-box; margin: 0px; padding: 0px; border: 0px; font-style: inherit; font-variant: inherit; font-weight: inherit; font-stretch: inherit; font-size: 0.9em; line-height: inherit; vertical-align: baseline; display: inline-block; text-align: right; float: right; width: 343px;\"><a class=\"-facebook\" style=\"box-sizing: border-box; margin: 0px 0.4em 0px 0px; padding: 0.5em 0.4em 0.4em; border: 0px; font-style: inherit; font-variant: inherit; font-weight: inherit; font-stretch: inherit; font-size: inherit; line-height: inherit; vertical-align: middle; transition: all 0.1s ease-in-out 0s; display: inline-block; border-radius: 4px; color: #3b5998;\" href=\"http:\/\/www.facebook.com\/sharer.php?u=https:\/\/agenciabrasilia.df.gov.br\/2022\/12\/11\/turismo-e-artesanato-ganham-espaco-cultural-na-508-sul\/\" target=\"_blank\" rel=\"noopener noreferrer\">\u00a0Facebook<\/a><a class=\"-whatsapp\" style=\"box-sizing: border-box; margin: 0px 0.4em 0px 0px; padding: 0.5em 0.4em 0.4em; border: 0px; font-style: inherit; font-variant: inherit; font-weight: inherit; font-stretch: inherit; font-size: inherit; line-height: inherit; vertical-align: middle; transition: all 0.1s ease-in-out 0s; display: inline-block; border-radius: 4px; color: #43d854;\" href=\"https:\/\/api.whatsapp.com\/send?text=https:\/\/agenciabrasilia.df.gov.br\/2022\/12\/11\/turismo-e-artesanato-ganham-espaco-cultural-na-508-sul\/\" target=\"_blank\" rel=\"noopener noreferrer\">\u00a0Encaminhar<\/a><\/div>\n<\/div>\n<\/header>\n<article class=\"post\" style=\"box-sizing: border-box; margin: 0px auto; padding: 0px; border: 0px; font-variant-numeric: inherit; font-variant-east-asian: inherit; font-stretch: inherit; font-size: 18px; line-height: inherit; vertical-align: baseline; font-family: Regular, sans-serif; width: 660px; color: #000000;\">\n<p style=\"box-sizing: border-box; margin: 0px 0px 1.1em; padding: 0px; border: 0px; font-style: inherit; font-variant: inherit; font-stretch: inherit; line-height: 2; vertical-align: baseline;\">A Secretaria de Estado de Turismo do Distrito Federal (Setur-DF) reuniu, na tarde deste s\u00e1bado (10), dezenas de institui\u00e7\u00f5es e associa\u00e7\u00f5es do artesanato e manualistas de Bras\u00edlia para a apresenta\u00e7\u00e3o do espa\u00e7o dedicado a esse setor. A iniciativa in\u00e9dita promete potencializar o desenvolvimento do turismo, por meio das diversas possibilidades presentes no artesanato. A a\u00e7\u00e3o foi celebrada com muito entusiasmo pelos representantes presentes.<\/p>\n<figure id=\"attachment_456838\" class=\"wp-caption alignnone\" style=\"box-sizing: border-box; margin: 0px 0px 1.6em; padding: 0px; border: 0px; font-style: inherit; font-variant: inherit; font-weight: inherit; font-stretch: inherit; font-size: inherit; line-height: inherit; vertical-align: baseline; width: 1280px; max-width: 100%;\"><img loading=\"lazy\" decoding=\"async\" class=\"wp-image-456838 size-full\" style=\"box-sizing: border-box; height: auto; max-width: 100%; margin: 0px 0px 0.3em; padding: 0px; border: 0px; font-style: inherit; font-variant: inherit; font-weight: inherit; font-stretch: inherit; font-size: inherit; line-height: inherit; vertical-align: baseline; width: 627px;\" src=\"http:\/\/agenciabrasilia.df.gov.br\/wp-conteudo\/uploads\/2022\/12\/WhatsApp-Image-2022-12-10-at-18.32.09.jpeg\" sizes=\"auto, (max-width: 1280px) 100vw, 1280px\" srcset=\"https:\/\/agenciabrasilia.df.gov.br\/wp-conteudo\/uploads\/2022\/12\/WhatsApp-Image-2022-12-10-at-18.32.09.jpeg 1280w, https:\/\/agenciabrasilia.df.gov.br\/wp-conteudo\/uploads\/2022\/12\/WhatsApp-Image-2022-12-10-at-18.32.09-300x200.jpeg 300w, https:\/\/agenciabrasilia.df.gov.br\/wp-conteudo\/uploads\/2022\/12\/WhatsApp-Image-2022-12-10-at-18.32.09-1024x683.jpeg 1024w, https:\/\/agenciabrasilia.df.gov.br\/wp-conteudo\/uploads\/2022\/12\/WhatsApp-Image-2022-12-10-at-18.32.09-768x512.jpeg 768w\" alt=\"\" width=\"1280\" height=\"854\" \/><figcaption id=\"caption-attachment-456838\" class=\"wp-caption-text\" style=\"box-sizing: border-box; margin: 5px 0px 0px; padding: 0px; border: 0px; font-style: inherit; font-variant: inherit; font-weight: inherit; font-stretch: inherit; font-size: 0.9em; line-height: 1.2; vertical-align: baseline; color: #666666;\">Representantes de mais de 30 institui\u00e7\u00f5es do segmento prestigiaram a inaugura\u00e7\u00e3o do Espa\u00e7o Cultural do Turismo e Artesanato, localizado na 507 Sul | Foto: Henrique Morais\/Setur-DF<\/figcaption><\/figure>\n<p style=\"box-sizing: border-box; margin: 0px 0px 1.1em; padding: 0px; border: 0px; font-style: inherit; font-variant: inherit; font-stretch: inherit; line-height: 2; vertical-align: baseline;\">O Espa\u00e7o Cultural do Turismo e Artesanato fica localizado na 507 Sul, no pr\u00e9dio que foi reformado, grafitado por artistas renomados das regi\u00f5es administrativas, e ser\u00e1 o principal ponto de apoio para a economia criativa, fomentando o turismo. Um verdadeiro centro de capacita\u00e7\u00e3o para os artes\u00e3os e manualistas de Bras\u00edlia que receberam a chave das m\u00e3os do secret\u00e1rio de Turismo, William Almeida.<\/p>\n<blockquote class=\"olho direita\" style=\"box-sizing: border-box; margin: 5px -198px 0px 30px; padding: 20px 0px; border-top: 0px; border-right: 0px; border-bottom: 0px; border-left: none; border-image: initial; font-style: inherit; font-variant: inherit; font-weight: inherit; font-stretch: inherit; font-size: 1.6rem; line-height: 0.7; vertical-align: baseline; quotes: none; background-image: initial; background-position: initial; background-size: initial; background-repeat: initial; background-attachment: initial; background-origin: initial; background-clip: initial; z-index: 9; position: relative; float: right; color: #006bb5; width: 396px;\"><p><span class=\"olho__texto h2 clearfix\" style=\"box-sizing: border-box; margin: 0px; padding: 0px; border: 0px; font-style: inherit; font-variant: inherit; font-weight: inherit; font-stretch: inherit; font-size: inherit; line-height: 33.28px; vertical-align: baseline; display: block; color: #1dbab4;\">\u201cO principal objetivo \u00e9 proporcionar oportunidades para o crescimento profissional e o desenvolvimento dos artes\u00e3os, fomentar a economia criativa, buscando desenvolvimento do turismo, gerando, cada vez mais, emprego e renda\u201d<\/span><span class=\"olho__assinatura block\" style=\"box-sizing: border-box; margin: 10px 0px 0px; padding: 0px; border: 0px; font-style: inherit; font-variant: inherit; font-weight: inherit; font-stretch: inherit; font-size: 1rem; line-height: 1; vertical-align: baseline; color: #a7a9ac;\">William Almeida, secret\u00e1rio de Turismo do DF<\/span><\/p><\/blockquote>\n<p style=\"box-sizing: border-box; margin: 0px 0px 1.1em; padding: 0px; border: 0px; font-style: inherit; font-variant: inherit; font-stretch: inherit; line-height: 2; vertical-align: baseline;\">\u201cEste espa\u00e7o \u00e9 fruto de um trabalho integrado iniciado pela Setur-DF, em parceria com a CDL\/DF e as secretarias de Desenvolvimento Urbano, Obras, Codeplan, CEB e Detran, sob a lideran\u00e7a do governador Ibaneis Rocha. N\u00e3o medimos esfor\u00e7os para reconstruir e revitalizar este ambiente que estava abandonado. O principal objetivo \u00e9 proporcionar oportunidades para o crescimento profissional e o desenvolvimento dos artes\u00e3os, fomentar a economia criativa, buscando desenvolvimento do turismo, gerando, cada vez mais, emprego e renda\u201d, afirma o secret\u00e1rio.<\/p>\n<p style=\"box-sizing: border-box; margin: 0px 0px 1.1em; padding: 0px; border: 0px; font-style: inherit; font-variant: inherit; font-stretch: inherit; line-height: 2; vertical-align: baseline;\">Representantes de institutos, associa\u00e7\u00f5es, centro de ensino de artesanato estiveram presentes e celebraram a inaugura\u00e7\u00e3o do espa\u00e7o. Para Marley Santos, vice-diretora da Associa\u00e7\u00e3o Ceil\u00e2ndia Centro, essa ser\u00e1 uma grande oportunidade de aproximar o artesanato das regi\u00f5es administrativas com os moradores e visitantes que passam diariamente pelo local. \u201cEste \u00e9 um espa\u00e7o muito bem localizado, de f\u00e1cil acesso para todos n\u00f3s, \u00e9 que servir\u00e1 de apoio e incentivo para todas as 30 artes\u00e3s associadas, que agora, podem contar com desfrutar de tudo isso\u201d, celebra Marley.<\/p>\n<p style=\"box-sizing: border-box; margin: 0px 0px 1.1em; padding: 0px; border: 0px; font-style: inherit; font-variant: inherit; font-stretch: inherit; line-height: 2; vertical-align: baseline;\">Hebert Amorim, presidente da Feira da Torre de TV, elogiou a iniciativa da secretaria de Turismo. \u201cA Feira da Torre de TV vem recebendo apoio deste governo por meio das a\u00e7\u00f5es da Setur, e a inaugura\u00e7\u00e3o deste espa\u00e7o \u00e9 a prova disso. Estamos otimistas e contamos com o apoio para que as associa\u00e7\u00f5es estejam mais presentes na feira. Parabenizo o secret\u00e1rio e a Setur\u201d, agradece o presidente.<\/p>\n<figure id=\"attachment_456839\" class=\"wp-caption alignleft\" style=\"box-sizing: border-box; margin: 0px 0px 1.6em; padding: 0px; border: 0px; font-style: inherit; font-variant: inherit; font-weight: inherit; font-stretch: inherit; font-size: inherit; line-height: inherit; vertical-align: baseline; width: 525px; float: left; max-width: 100%;\"><img loading=\"lazy\" decoding=\"async\" class=\"wp-image-456839 size-large\" style=\"box-sizing: border-box; height: auto; max-width: 100%; margin: 0px 0px 0.3em; padding: 0px; border: 0px; font-style: inherit; font-variant: inherit; font-weight: inherit; font-stretch: inherit; font-size: inherit; line-height: inherit; vertical-align: baseline; width: 498.75px;\" src=\"http:\/\/agenciabrasilia.df.gov.br\/wp-conteudo\/uploads\/2022\/12\/Secretario-de-Estado-de-Turismo-William-Almeida-entregando-a-chave-para-os-artesaos-e-manualistas-Foto-Henrique-MoraisSetur-DF-1024x683.jpeg\" sizes=\"auto, (max-width: 525px) 100vw, 525px\" srcset=\"https:\/\/agenciabrasilia.df.gov.br\/wp-conteudo\/uploads\/2022\/12\/Secretario-de-Estado-de-Turismo-William-Almeida-entregando-a-chave-para-os-artesaos-e-manualistas-Foto-Henrique-MoraisSetur-DF-1024x683.jpeg 1024w, https:\/\/agenciabrasilia.df.gov.br\/wp-conteudo\/uploads\/2022\/12\/Secretario-de-Estado-de-Turismo-William-Almeida-entregando-a-chave-para-os-artesaos-e-manualistas-Foto-Henrique-MoraisSetur-DF-300x200.jpeg 300w, https:\/\/agenciabrasilia.df.gov.br\/wp-conteudo\/uploads\/2022\/12\/Secretario-de-Estado-de-Turismo-William-Almeida-entregando-a-chave-para-os-artesaos-e-manualistas-Foto-Henrique-MoraisSetur-DF-768x512.jpeg 768w, https:\/\/agenciabrasilia.df.gov.br\/wp-conteudo\/uploads\/2022\/12\/Secretario-de-Estado-de-Turismo-William-Almeida-entregando-a-chave-para-os-artesaos-e-manualistas-Foto-Henrique-MoraisSetur-DF.jpeg 1280w\" alt=\"\" width=\"525\" height=\"350\" \/><figcaption id=\"caption-attachment-456839\" class=\"wp-caption-text\" style=\"box-sizing: border-box; margin: 5px 0px 0px; padding: 0px; border: 0px; font-style: inherit; font-variant: inherit; font-weight: inherit; font-stretch: inherit; font-size: 0.9em; line-height: 1.2; vertical-align: baseline; color: #666666;\">O secret\u00e1rio de Turismo William Almeida entrega as chaves do novo ambiente \u00e0s artes\u00e3s e manualistas que utilizar\u00e3o o espa\u00e7o para fomentar o turismo e promover a economia criativa | Foto: Henrique Morais\/Setur-DF<\/figcaption><\/figure>\n<p style=\"box-sizing: border-box; margin: 0px 0px 1.1em; padding: 0px; border: 0px; font-style: inherit; font-variant: inherit; font-stretch: inherit; line-height: 2; vertical-align: baseline;\">Este espa\u00e7o, assim como as lojas do artesanato de Bras\u00edlia, localizadas nos shoppings P\u00e1tio Brasil e Alameda, e as diversas feiras e exposi\u00e7\u00f5es promovidas pela Setur, pretendem ser um polo de escoamento dos produtos de artesanato, mas principalmente, integrar todos os projetos e pessoas ligadas ao movimento. Os mestres artes\u00e3os tamb\u00e9m estar\u00e3o presentes.<\/p>\n<p style=\"box-sizing: border-box; margin: 0px 0px 1.1em; padding: 0px; border: 0px; font-style: inherit; font-variant: inherit; font-stretch: inherit; line-height: 2; vertical-align: baseline;\">Lira Ant\u00f4nia Gomes Nascimento \u00e9 mestre artes\u00e3, presidente da associa\u00e7\u00e3o em Planaltina h\u00e1 40 anos, pertence a uma fam\u00edlia tradicional de artes\u00e3os, conta que vem acompanhando e participando dos projetos da Setur, e que este espa\u00e7o \u201cvai trazer oportunidade para que os mestres repassem seus conhecimentos para essa nova gera\u00e7\u00e3o\u201d. Segundo Lira, desta forma o artesanato se renova e o espa\u00e7o \u00e9 uma vit\u00f3ria.<\/p>\n<p style=\"box-sizing: border-box; margin: 0px 0px 1.1em; padding: 0px; border: 0px; font-style: inherit; font-variant: inherit; font-stretch: inherit; line-height: 2; vertical-align: baseline;\"><span style=\"box-sizing: border-box; margin: 0px; padding: 0px; border: 0px; font-style: inherit; font-variant: inherit; font-weight: bold; font-stretch: inherit; font-size: inherit; line-height: inherit; vertical-align: baseline;\">Qualifica\u00e7\u00e3o<\/span><\/p>\n<div class=\"relacionadas text-uppercase  direita\" style=\"box-sizing: border-box; margin: 0px -70px 20px 30px; padding: 0px; border: 0px; font-style: inherit; font-variant: inherit; font-weight: inherit; font-stretch: inherit; font-size: inherit; line-height: inherit; vertical-align: baseline; float: right; width: 330px; background-image: initial; background-position: initial; background-size: initial; background-repeat: initial; background-attachment: initial; background-origin: initial; background-clip: initial; position: relative;\">\n<p style=\"box-sizing: border-box; margin: 0px; padding: 0.2em 0.3em 0.1em; border: 0px; font-style: inherit; font-variant: inherit; font-stretch: inherit; font-size: 13px; line-height: 2; vertical-align: baseline; font-family: 'Titillium Web', sans-serif; color: #1dbab4; background-color: #006bb5 !important; display: inline-block !important;\"><span style=\"box-sizing: border-box; margin: 0px; padding: 0px; border: 0px; font-style: inherit; font-variant: inherit; font-weight: inherit; font-stretch: inherit; font-size: inherit; line-height: inherit; vertical-align: baseline; font-family: Regular, sans-serif;\">Leia tamb\u00e9m<\/span><\/p>\n<div class=\"relacionadas__post-leia-tambem bold clearfix\" style=\"box-sizing: border-box; margin: 0px; padding: 8px; border-width: 1px 0px; border-image: initial; font-style: inherit; font-variant: inherit; font-weight: inherit; font-stretch: inherit; font-size: inherit; line-height: inherit; vertical-align: baseline; display: table; width: 330px; border-color: #c1c2c4 initial #c1c2c4 initial; border-style: solid initial solid initial;\">\n<div class=\"relacionadas__thumb\" style=\"box-sizing: border-box; margin: 0px; padding: 0px; border: 0px; font-style: inherit; font-variant: inherit; font-weight: inherit; font-stretch: inherit; font-size: inherit; line-height: inherit; vertical-align: baseline;\"><img loading=\"lazy\" decoding=\"async\" class=\"attachment-thumbnail size-thumbnail wp-post-image\" style=\"box-sizing: border-box; margin: 11px 10px 0px 0px; padding: 0px; border: 0px; font-style: inherit; font-variant: inherit; font-weight: inherit; font-stretch: inherit; font-size: inherit; line-height: inherit; vertical-align: baseline; max-width: 100%; width: auto; height: auto; float: left;\" src=\"https:\/\/agenciabrasilia.df.gov.br\/wp-conteudo\/uploads\/2022\/11\/Primeira-feira-de-Samambaia-de-artesanato.-Foto-Divulgacao-2-150x150.jpeg\" alt=\"\" width=\"150\" height=\"150\" \/><\/div>\n<div class=\"clearfix relacionadas__texto\" style=\"box-sizing: border-box; margin: 0px; padding: 0px; border: 0px; font-style: inherit; font-variant: inherit; font-weight: inherit; font-stretch: inherit; font-size: inherit; line-height: inherit; vertical-align: middle; display: table-cell;\">\n<p style=\"box-sizing: border-box; margin: 0px 0px 1.1em; padding: 0px; border: 0px; font-style: inherit; font-variant: inherit; font-stretch: inherit; line-height: 2; vertical-align: baseline; font-family: 'Titillium Web', sans-serif; display: inline; color: #387abc;\"><span style=\"box-sizing: border-box; margin: 0px; padding: 0px; border: 0px; font-style: inherit; font-variant: inherit; font-weight: inherit; font-stretch: inherit; font-size: inherit; line-height: inherit; vertical-align: baseline; font-family: Regular, sans-serif;\">Abertas inscri\u00e7\u00f5es para feira de artesanato em Samambaia<\/span><\/p>\n<\/div>\n<\/div>\n<div class=\"relacionadas__post-leia-tambem bold clearfix\" style=\"box-sizing: border-box; margin: 0px; padding: 8px; border-width: 0px 0px 1px; border-image: initial; font-style: inherit; font-variant: inherit; font-weight: inherit; font-stretch: inherit; font-size: inherit; line-height: inherit; vertical-align: baseline; display: table; width: 330px; border-color: initial initial #c1c2c4 initial; border-style: initial initial solid initial;\">\n<div class=\"relacionadas__thumb\" style=\"box-sizing: border-box; margin: 0px; padding: 0px; border: 0px; font-style: inherit; font-variant: inherit; font-weight: inherit; font-stretch: inherit; font-size: inherit; line-height: inherit; vertical-align: baseline;\"><img loading=\"lazy\" decoding=\"async\" class=\"attachment-thumbnail size-thumbnail wp-post-image\" style=\"box-sizing: border-box; margin: 11px 10px 0px 0px; padding: 0px; border: 0px; font-style: inherit; font-variant: inherit; font-weight: inherit; font-stretch: inherit; font-size: inherit; line-height: inherit; vertical-align: baseline; max-width: 100%; width: auto; height: auto; float: left;\" src=\"https:\/\/agenciabrasilia.df.gov.br\/wp-conteudo\/uploads\/2022\/08\/Capa-47-150x150.jpg\" alt=\"\" width=\"150\" height=\"150\" \/><\/div>\n<div class=\"clearfix relacionadas__texto\" style=\"box-sizing: border-box; margin: 0px; padding: 0px; border: 0px; font-style: inherit; font-variant: inherit; font-weight: inherit; font-stretch: inherit; font-size: inherit; line-height: inherit; vertical-align: middle; display: table-cell;\">\n<p style=\"box-sizing: border-box; margin: 0px 0px 1.1em; padding: 0px; border: 0px; font-style: inherit; font-variant: inherit; font-stretch: inherit; line-height: 2; vertical-align: baseline; font-family: 'Titillium Web', sans-serif; display: inline; color: #387abc;\"><span style=\"box-sizing: border-box; margin: 0px; padding: 0px; border: 0px; font-style: inherit; font-variant: inherit; font-weight: inherit; font-stretch: inherit; font-size: inherit; line-height: inherit; vertical-align: baseline; font-family: Regular, sans-serif;\">Governo incentiva atividade econ\u00f4mica de mais de 17 mil feirantes<\/span><\/p>\n<\/div>\n<\/div>\n<\/div>\n<p style=\"box-sizing: border-box; margin: 0px 0px 1.1em; padding: 0px; border: 0px; font-style: inherit; font-variant: inherit; font-stretch: inherit; line-height: 2; vertical-align: baseline;\">De acordo com a Setur\/DF, o Espa\u00e7o Cultural \u00e9 o primeiro local destinado para que o artesanato e toda a economia criativa possam realizar encontros, palestras, reuni\u00f5es, fazer exposi\u00e7\u00f5es e trocar experi\u00eancias. A Oficina do Saber \u2013 projeto de qualifica\u00e7\u00e3o do artesanato, tamb\u00e9m funcionar\u00e1 no local e possibilitar\u00e1 mais oportunidade para os trabalhadores. As carteiras nacionais do Artes\u00e3o e do Manualista, em breve, tamb\u00e9m, ser\u00e3o entregues no novo espa\u00e7o.<\/p>\n<p style=\"box-sizing: border-box; margin: 0px 0px 1.1em; padding: 0px; border: 0px; font-style: inherit; font-variant: inherit; font-stretch: inherit; line-height: 2; vertical-align: baseline;\">O Centro de Artes da Vila Telebras\u00edlia atendem cerca de 50 alunos e, para a artista pl\u00e1stica e professora do centro, Gildrede Mascarenhas Nascimento, \u201ceste espa\u00e7o \u00e9 uma inova\u00e7\u00e3o, um olhar diferenciado que a Setur est\u00e1 proporcionando para quem estava sem rumo. A partir desta oportunidade, passaremos a mostrar para a sociedade nosso papel e valor\u201d. A economia criativa substituiu a informalidade pelo conhecimento e, neste lugar, vamos aperfei\u00e7oar, cada vez mais, o trabalho\u201d, finaliza a artista.<\/p>\n<p style=\"box-sizing: border-box; margin: 0px 0px 1.1em; padding: 0px; border: 0px; font-style: inherit; font-variant: inherit; font-stretch: inherit; line-height: 2; vertical-align: baseline;\"><em style=\"box-sizing: border-box; margin: 0px; padding: 0px; border: 0px; font-variant: inherit; font-stretch: inherit; font-size: inherit; line-height: inherit; vertical-align: baseline;\">*Com informa\u00e7\u00f5es da Setur-DF<\/em><\/p>\n<\/article>\n","protected":false},"excerpt":{"rendered":"<header style=\"box-sizing: border-box; margin: 0px auto 3em; padding: 0px; border-width: 0px 0px 2px; border-image: initial; font-variant-numeric: inherit; font-variant-east-asian: inherit; font-stretch: inherit; font-size: 18px; line-height: inherit; vertical-align: baseline; font-family: Regular, sans-serif; max-width: 980px; color: #000000; border-color: initial initial #999999 initial; border-style: initial initial solid initial;\">\n<h1 style=\"box-sizing: border-box; margin: 0px 0px 0.2em; padding: 0px; border: 0px; font-style: inherit; font-variant: inherit; font-stretch: inherit; font-size: 3em; line-height: 1.1; vertical-align: baseline; font-family: Regular, sans-serif; color: #111111;\">Ambiente criado pela Setur-DF vai incentivar a economia criativa para mais de 30 institui\u00e7\u00f5es que re\u00fanem artes\u00e3os e manualistas<\/h1>\n<p class=\"by\" style=\"box-sizing: border-box; margin: 0px 0px 0.8em; padding: 0px; border: 0px; font-style: inherit; font-variant: inherit; font-stretch: inherit; font-size: 1.1em; line-height: 1.4; vertical-align: baseline; color: #999999;\">Ag\u00eancia Bras\u00edlia* | Edi\u00e7\u00e3o: Saulo Moreno<\/p>\n","protected":false},"author":3,"featured_media":0,"comment_status":"open","ping_status":"open","sticky":false,"template":"","format":"standard","meta":{"_monsterinsights_skip_tracking":false,"_monsterinsights_sitenote_active":false,"_monsterinsights_sitenote_note":"","_monsterinsights_sitenote_category":0,"footnotes":""},"categories":[34],"tags":[],"class_list":["post-680","post","type-post","status-publish","format-standard","hentry","category-destaque"],"_links":{"self":[{"href":"https:\/\/cidadecult.com.br\/index.php?rest_route=\/wp\/v2\/posts\/680","targetHints":{"allow":["GET"]}}],"collection":[{"href":"https:\/\/cidadecult.com.br\/index.php?rest_route=\/wp\/v2\/posts"}],"about":[{"href":"https:\/\/cidadecult.com.br\/index.php?rest_route=\/wp\/v2\/types\/post"}],"author":[{"embeddable":true,"href":"https:\/\/cidadecult.com.br\/index.php?rest_route=\/wp\/v2\/users\/3"}],"replies":[{"embeddable":true,"href":"https:\/\/cidadecult.com.br\/index.php?rest_route=%2Fwp%2Fv2%2Fcomments&post=680"}],"version-history":[{"count":0,"href":"https:\/\/cidadecult.com.br\/index.php?rest_route=\/wp\/v2\/posts\/680\/revisions"}],"wp:attachment":[{"href":"https:\/\/cidadecult.com.br\/index.php?rest_route=%2Fwp%2Fv2%2Fmedia&parent=680"}],"wp:term":[{"taxonomy":"category","embeddable":true,"href":"https:\/\/cidadecult.com.br\/index.php?rest_route=%2Fwp%2Fv2%2Fcategories&post=680"},{"taxonomy":"post_tag","embeddable":true,"href":"https:\/\/cidadecult.com.br\/index.php?rest_route=%2Fwp%2Fv2%2Ftags&post=680"}],"curies":[{"name":"wp","href":"https:\/\/api.w.org\/{rel}","templated":true}]}}