{"id":6508,"date":"2024-08-02T12:06:38","date_gmt":"2024-08-02T15:06:38","guid":{"rendered":"https:\/\/cidadecult.com.br\/?p=6508"},"modified":"2024-08-02T12:08:31","modified_gmt":"2024-08-02T15:08:31","slug":"participe-do-aprova-df-auloes-gratuitos-para-concursos-publicos","status":"publish","type":"post","link":"https:\/\/cidadecult.com.br\/?p=6508","title":{"rendered":"Participe do Aprova- DF: aul\u00f5es gratuitos para concursos p\u00fablicos"},"content":{"rendered":"\n<p><em>Foto\/divulga\u00e7\u00e3o<\/em><\/p>\n\n\n\n<p>O <strong>Projeto Aprova DF<\/strong>, uma iniciativa do Governo do Distrito Federal (GDF) atrav\u00e9s da Secretaria de Justi\u00e7a e Cidadania (Sejus), est\u00e1 de volta com uma nova s\u00e9rie de aul\u00f5es gratuitos. Se voc\u00ea est\u00e1 se preparando para concursos p\u00fablicos, essa \u00e9 a sua chance de receber uma prepara\u00e7\u00e3o de qualidade sem custos!<\/p>\n\n\n\n<p><strong>Quando e onde:<\/strong><br>Os aul\u00f5es ocorrer\u00e3o nos dias <strong>3, 4, 10 e 11 de agosto<\/strong>, e ser\u00e3o realizados no <strong>Edif\u00edcio Oscar Alvarenga<\/strong>, localizado no Setor Comercial Sul (Quadra 3, Lote 84\/90, 1\u00ba andar). Cada dia conta com 400 vagas dispon\u00edveis, e as inscri\u00e7\u00f5es podem ser feitas online ou presencialmente.<\/p>\n\n\n\n<p><strong>Programa\u00e7\u00e3o dos aul\u00f5es:<\/strong><\/p>\n\n\n\n<ul class=\"wp-block-list\">\n<li><strong>3 de agosto<\/strong><\/li>\n\n\n\n<li><strong>Matutino:<\/strong> L\u00edngua Portuguesa, Realidade Brasileira\/Atualidades<\/li>\n\n\n\n<li><strong>Vespertino:<\/strong> Direito Constitucional, Matem\u00e1tica\/Racioc\u00ednio L\u00f3gico<\/li>\n\n\n\n<li><strong>4 de agosto<\/strong><\/li>\n\n\n\n<li><strong>Matutino:<\/strong> Realidade Brasileira\/Atualidades, Inform\u00e1tica<\/li>\n\n\n\n<li><strong>Vespertino:<\/strong> Direito Administrativo, Direito Constitucional<\/li>\n\n\n\n<li><strong>10 de agosto<\/strong><\/li>\n\n\n\n<li><strong>Matutino:<\/strong> L\u00edngua Portuguesa, Realidade Brasileira\/Atualidades<\/li>\n\n\n\n<li><strong>Vespertino:<\/strong> Direito Constitucional<\/li>\n\n\n\n<li><strong>11 de agosto<\/strong><\/li>\n\n\n\n<li><strong>Matutino:<\/strong> L\u00edngua Portuguesa, Inform\u00e1tica<\/li>\n\n\n\n<li><strong>Vespertino:<\/strong> Direito Constitucional, Matem\u00e1tica<\/li>\n<\/ul>\n\n\n\n<p><strong>O que voc\u00ea vai receber:<\/strong><br>Al\u00e9m das aulas, os participantes ter\u00e3o acesso a um kit lanche, apostilas impressas e materiais escolares b\u00e1sicos, como canetas, l\u00e1pis e cadernos.<\/p>\n\n\n\n<p><strong>Por que participar?<\/strong><br>O Aprova DF \u00e9 uma excelente oportunidade para quem busca uma prepara\u00e7\u00e3o robusta para concursos, especialmente para aqueles que n\u00e3o t\u00eam condi\u00e7\u00f5es de pagar por cursos preparat\u00f3rios. Com hor\u00e1rios flex\u00edveis e a presen\u00e7a dos melhores profissionais, o projeto visa democratizar o acesso \u00e0 educa\u00e7\u00e3o e ajudar voc\u00ea a alcan\u00e7ar seus objetivos profissionais.<\/p>\n\n\n\n<p><strong>Inscri\u00e7\u00f5es:<\/strong><br>Para garantir sua vaga, fa\u00e7a sua<a href=\"https:\/\/www.aprovadf.com.br\/event-list\"> inscri\u00e7\u00e3o online<\/a> ou compare\u00e7a ao local das aulas de quarta a sexta-feira, das 7h \u00e0s 13h. Caso restem vagas ou ocorram desist\u00eancias, tamb\u00e9m ser\u00e1 poss\u00edvel se inscrever diretamente no hor\u00e1rio das aulas.<\/p>\n\n\n\n<p><strong>N\u00e3o perca essa chance de se preparar com qualidade e dar um passo importante em dire\u00e7\u00e3o \u00e0 sua carreira p\u00fablica!<\/strong><\/p>\n","protected":false},"excerpt":{"rendered":"<p>Foto\/divulga\u00e7\u00e3o O Projeto Aprova DF, uma iniciativa do Governo do Distrito Federal (GDF) atrav\u00e9s da Secretaria de Justi\u00e7a e Cidadania (Sejus), est\u00e1 de volta com uma nova s\u00e9rie de aul\u00f5es gratuitos. Se voc\u00ea est\u00e1 se preparando para concursos p\u00fablicos, essa \u00e9 a sua chance de receber uma prepara\u00e7\u00e3o de qualidade sem custos! Quando e onde:Os [&hellip;]<\/p>\n","protected":false},"author":1441,"featured_media":6509,"comment_status":"open","ping_status":"open","sticky":false,"template":"","format":"standard","meta":{"_monsterinsights_skip_tracking":false,"_monsterinsights_sitenote_active":false,"_monsterinsights_sitenote_note":"","_monsterinsights_sitenote_category":0,"footnotes":""},"categories":[41,34,290],"tags":[2189,520],"class_list":["post-6508","post","type-post","status-publish","format-standard","has-post-thumbnail","hentry","category-agenda","category-destaque","category-educacao","tag-aprovadf","tag-gdf-2"],"_links":{"self":[{"href":"https:\/\/cidadecult.com.br\/index.php?rest_route=\/wp\/v2\/posts\/6508","targetHints":{"allow":["GET"]}}],"collection":[{"href":"https:\/\/cidadecult.com.br\/index.php?rest_route=\/wp\/v2\/posts"}],"about":[{"href":"https:\/\/cidadecult.com.br\/index.php?rest_route=\/wp\/v2\/types\/post"}],"author":[{"embeddable":true,"href":"https:\/\/cidadecult.com.br\/index.php?rest_route=\/wp\/v2\/users\/1441"}],"replies":[{"embeddable":true,"href":"https:\/\/cidadecult.com.br\/index.php?rest_route=%2Fwp%2Fv2%2Fcomments&post=6508"}],"version-history":[{"count":1,"href":"https:\/\/cidadecult.com.br\/index.php?rest_route=\/wp\/v2\/posts\/6508\/revisions"}],"predecessor-version":[{"id":6510,"href":"https:\/\/cidadecult.com.br\/index.php?rest_route=\/wp\/v2\/posts\/6508\/revisions\/6510"}],"wp:featuredmedia":[{"embeddable":true,"href":"https:\/\/cidadecult.com.br\/index.php?rest_route=\/wp\/v2\/media\/6509"}],"wp:attachment":[{"href":"https:\/\/cidadecult.com.br\/index.php?rest_route=%2Fwp%2Fv2%2Fmedia&parent=6508"}],"wp:term":[{"taxonomy":"category","embeddable":true,"href":"https:\/\/cidadecult.com.br\/index.php?rest_route=%2Fwp%2Fv2%2Fcategories&post=6508"},{"taxonomy":"post_tag","embeddable":true,"href":"https:\/\/cidadecult.com.br\/index.php?rest_route=%2Fwp%2Fv2%2Ftags&post=6508"}],"curies":[{"name":"wp","href":"https:\/\/api.w.org\/{rel}","templated":true}]}}