{"id":6491,"date":"2024-08-06T13:07:45","date_gmt":"2024-08-06T16:07:45","guid":{"rendered":"https:\/\/cidadecult.com.br\/?p=6491"},"modified":"2024-08-06T13:07:29","modified_gmt":"2024-08-06T16:07:29","slug":"fim-de-semana-cultural-imperdivel-em-brasilia-festivais-musica-teatro-e-cinema","status":"publish","type":"post","link":"https:\/\/cidadecult.com.br\/?p=6491","title":{"rendered":"Fim de semana cultural imperd\u00edvel em Bras\u00edlia: festivais, m\u00fasica, teatro e cinema !"},"content":{"rendered":"\n<p><em>Foto\/divulga\u00e7\u00e3o<\/em><\/p>\n\n\n\n<p>A agenda cultural de Bras\u00edlia est\u00e1 incr\u00edvel neste fim de semana, com atra\u00e7\u00f5es para todos os gostos e idades. Confira os eventos que v\u00e3o agitar a nossa cidade ! <\/p>\n\n\n\n<h4 class=\"wp-block-heading\">M\u00fasica instrumental e Blues<\/h4>\n\n\n\n<p><strong>DF Instrumental Fest<\/strong><\/p>\n\n\n\n<ul class=\"wp-block-list\">\n<li><strong>Quando:<\/strong> S\u00e1bado, 3 de agosto, \u00e0s 20h<\/li>\n\n\n\n<li><strong>Onde:<\/strong> Sesc Taguatinga Sul<\/li>\n\n\n\n<li><strong>Entrada:<\/strong> Gratuita<\/li>\n\n\n\n<li><strong>Destaques:<\/strong> Hermeto Pascoal, Tom Suassuna, Ventoinha de Canudo, Marlene Souza Lima e P\u00e9 de Cerrado<\/li>\n\n\n\n<li><strong>Promovido com recursos da Lei de Incentivo \u00e0 Cultura do DF (LIC-DF), o festival busca democratizar o acesso \u00e0 m\u00fasica instrumental, trazendo artistas renomados e promovendo a arte nas periferias.<\/strong><\/li>\n<\/ul>\n\n\n\n<p><strong>Festival de Blues<\/strong><\/p>\n\n\n\n<ul class=\"wp-block-list\">\n<li><strong>Quando:<\/strong> S\u00e1bado, 3 de agosto, \u00e0s 17h<\/li>\n\n\n\n<li><strong>Onde:<\/strong> Pra\u00e7a do Reggae, S\u00e3o Sebasti\u00e3o<\/li>\n\n\n\n<li><strong>Entrada: Gratuita<\/strong><\/li>\n\n\n\n<li><strong>Atra\u00e7\u00f5es:<\/strong> DJ S\u00e1, Bai\u00e3o de 2, Blue Print, Arcablues, Marcius Cabral, CCE e Dillo<\/li>\n\n\n\n<li><strong>Com apoio da Lei Paulo Gustavo e do Minist\u00e9rio da Cultura, o evento celebra o blues com performances de artistas locais<\/strong>.<\/li>\n<\/ul>\n\n\n\n<h4 class=\"wp-block-heading\">Teatro infantil<\/h4>\n\n\n\n<p><strong>Espet\u00e1culo &#8220;Curumim&#8221;<\/strong><\/p>\n\n\n\n<ul class=\"wp-block-list\">\n<li><strong>Quando:<\/strong> Domingo, 4 de agosto, \u00e0s 15h e 17h<\/li>\n\n\n\n<li><strong>Onde:<\/strong> Gramado do Parque da Cidade Sarah Kubitschek (Estacionamento 8)<\/li>\n\n\n\n<li><strong>Entrada:<\/strong> Gratuita (ingressos dispon\u00edveis no site Sympla)<\/li>\n\n\n\n<li><strong>A pe\u00e7a da Agrupa\u00e7\u00e3o Teatral Amacaca (ATA), baseada na obra &#8220;UGA&#8221; de Kak\u00e1 Wer\u00e1 Jecup\u00e9, conta a hist\u00f3ria de uma tartaruga e um jabuti em busca de uma jabuticabeira, destacando valores como solidariedade e empatia.<\/strong><\/li>\n<\/ul>\n\n\n\n<h4 class=\"wp-block-heading\">Oficinas e dan\u00e7a<\/h4>\n\n\n\n<p><strong>Tribal Brasil<\/strong><\/p>\n\n\n\n<ul class=\"wp-block-list\">\n<li><strong>Quando:<\/strong> S\u00e1bado, 3 de agosto, a partir das 14h30<\/li>\n\n\n\n<li><strong>Onde:<\/strong> Espa\u00e7o P\u00e9 Direito, Vila Telebras\u00edlia<\/li>\n\n\n\n<li><strong>Entrada: Gratuita<\/strong><\/li>\n\n\n\n<li><strong>Oficinas:<\/strong> Maracatu com Lirys Catarina, Dan\u00e7a Cigana com Ricardo Sobral, e Brasilidade na Dan\u00e7a com Let\u00edcia Coralina<\/li>\n\n\n\n<li><strong>Espet\u00e1culos:<\/strong> DJ Kirianga \u00e0s 19h30, Sambadeiras de Roda \u00e0s 20h, e Instituto Folha Seca para encerrar<\/li>\n<\/ul>\n\n\n\n<h4 class=\"wp-block-heading\">Cinema<\/h4>\n\n\n\n<p><strong>Cine Bras\u00edlia<\/strong><\/p>\n\n\n\n<ul class=\"wp-block-list\">\n<li><strong>Onde:<\/strong> 106\/107 Sul<\/li>\n\n\n\n<li><strong>Ingressos:<\/strong> R$ 20 (inteira), R$ 10 (meia) e R$ 5 (\u00e0s segundas-feiras), \u00e0 venda na bilheteria e pela internet<\/li>\n\n\n\n<li><strong>Filmes:<\/strong><\/li>\n\n\n\n<li><strong>A Filha do pescador<\/strong> (Edgar de Luque J\u00e1come)\n<ul class=\"wp-block-list\">\n<li><strong>Sess\u00f5es:<\/strong> S\u00e1bado \u00e0s 16h e Domingo \u00e0s 18h<\/li>\n\n\n\n<li><strong>Descri\u00e7\u00e3o:<\/strong> Drama sobre o reencontro de um pai com sua filha transsexual.<\/li>\n<\/ul>\n<\/li>\n\n\n\n<li><strong>Estranho caminho<\/strong> (Guto Parente)\n<ul class=\"wp-block-list\">\n<li><strong>Sess\u00f5es:<\/strong> S\u00e1bado e Domingo \u00e0s 20h<\/li>\n\n\n\n<li><strong>Descri\u00e7\u00e3o:<\/strong> Hist\u00f3ria de um jovem cineasta que busca se reconectar com o pai durante a pandemia.<\/li>\n<\/ul>\n<\/li>\n\n\n\n<li><strong>Teca e Tuti \u2013 uma noite na biblioteca<\/strong> (Eduardo Perdido)\n<ul class=\"wp-block-list\">\n<li><strong>Sess\u00f5es:<\/strong> S\u00e1bado e Domingo \u00e0s 10h<\/li>\n\n\n\n<li><strong>Descri\u00e7\u00e3o:<\/strong> Aventura infantojuvenil sobre uma tra\u00e7a e seu \u00e1caro de estima\u00e7\u00e3o em busca de um grande mist\u00e9rio na biblioteca.<\/li>\n<\/ul>\n<\/li>\n<\/ul>\n\n\n\n<p><strong>Marque com os amigos e aproveite a rica programa\u00e7\u00e3o cultural de Bras\u00edlia neste fim de semana! E fique ligado para mais atualiza\u00e7\u00f5es. <\/strong><\/p>\n","protected":false},"excerpt":{"rendered":"<p>Foto\/divulga\u00e7\u00e3o A agenda cultural de Bras\u00edlia est\u00e1 incr\u00edvel neste fim de semana, com atra\u00e7\u00f5es para todos os gostos e idades. Confira os eventos que v\u00e3o agitar a nossa cidade ! M\u00fasica instrumental e Blues DF Instrumental Fest Festival de Blues Teatro infantil Espet\u00e1culo &#8220;Curumim&#8221; Oficinas e dan\u00e7a Tribal Brasil Cinema Cine Bras\u00edlia Marque com os [&hellip;]<\/p>\n","protected":false},"author":1441,"featured_media":6492,"comment_status":"open","ping_status":"open","sticky":false,"template":"","format":"standard","meta":{"_monsterinsights_skip_tracking":false,"_monsterinsights_sitenote_active":false,"_monsterinsights_sitenote_note":"","_monsterinsights_sitenote_category":0,"footnotes":""},"categories":[41,54,17,232,34,3,5,6,43,401],"tags":[1213,429,403,423,615,2177,640],"class_list":["post-6491","post","type-post","status-publish","format-standard","has-post-thumbnail","hentry","category-agenda","category-brasil","category-bsb","category-cinema","category-destaque","category-entertainment","category-movie","category-music","category-releases","category-teatro","tag-agendacultural","tag-brasilia-3","tag-cidadecult-2","tag-cidadecultpordentro-2","tag-cinema-2","tag-programacaocultural","tag-teatro-2"],"_links":{"self":[{"href":"https:\/\/cidadecult.com.br\/index.php?rest_route=\/wp\/v2\/posts\/6491","targetHints":{"allow":["GET"]}}],"collection":[{"href":"https:\/\/cidadecult.com.br\/index.php?rest_route=\/wp\/v2\/posts"}],"about":[{"href":"https:\/\/cidadecult.com.br\/index.php?rest_route=\/wp\/v2\/types\/post"}],"author":[{"embeddable":true,"href":"https:\/\/cidadecult.com.br\/index.php?rest_route=\/wp\/v2\/users\/1441"}],"replies":[{"embeddable":true,"href":"https:\/\/cidadecult.com.br\/index.php?rest_route=%2Fwp%2Fv2%2Fcomments&post=6491"}],"version-history":[{"count":1,"href":"https:\/\/cidadecult.com.br\/index.php?rest_route=\/wp\/v2\/posts\/6491\/revisions"}],"predecessor-version":[{"id":6493,"href":"https:\/\/cidadecult.com.br\/index.php?rest_route=\/wp\/v2\/posts\/6491\/revisions\/6493"}],"wp:featuredmedia":[{"embeddable":true,"href":"https:\/\/cidadecult.com.br\/index.php?rest_route=\/wp\/v2\/media\/6492"}],"wp:attachment":[{"href":"https:\/\/cidadecult.com.br\/index.php?rest_route=%2Fwp%2Fv2%2Fmedia&parent=6491"}],"wp:term":[{"taxonomy":"category","embeddable":true,"href":"https:\/\/cidadecult.com.br\/index.php?rest_route=%2Fwp%2Fv2%2Fcategories&post=6491"},{"taxonomy":"post_tag","embeddable":true,"href":"https:\/\/cidadecult.com.br\/index.php?rest_route=%2Fwp%2Fv2%2Ftags&post=6491"}],"curies":[{"name":"wp","href":"https:\/\/api.w.org\/{rel}","templated":true}]}}