{"id":6483,"date":"2024-08-01T12:12:13","date_gmt":"2024-08-01T15:12:13","guid":{"rendered":"https:\/\/cidadecult.com.br\/?p=6483"},"modified":"2024-08-01T12:12:16","modified_gmt":"2024-08-01T15:12:16","slug":"espetaculo-anne-frank-a-voz-tem-memoria-chega-a-brasilia-em-unica-apresentacao","status":"publish","type":"post","link":"https:\/\/cidadecult.com.br\/?p=6483","title":{"rendered":"Espet\u00e1culo &#8220;Anne Frank, a voz tem mem\u00f3ria&#8221; chega a Bras\u00edlia em \u00fanica apresenta\u00e7\u00e3o !"},"content":{"rendered":"\n<p><em>Foto\/divulga\u00e7\u00e3o<\/em><\/p>\n\n\n\n<p><strong>O Teatro Unip ser\u00e1 palco de uma \u00fanica e comovente apresenta\u00e7\u00e3o do espet\u00e1culo \u201cAnne Frank, a voz que se tem mem\u00f3ria\u201d no dia 31 de agosto, \u00e0s 21h30. A pe\u00e7a, dirigida por Leonardo Talarico Marins e estrelada por Poliana Carvalho, \u00e9 uma emocionante homenagem \u00e0 jovem Anne Frank e \u00e0s v\u00edtimas do Holocausto.<\/strong><\/p>\n\n\n\n<p><strong>O mon\u00f3logo narra a hist\u00f3ria de Anne Frank, a jovem judia que, junto com sua fam\u00edlia, se escondeu dos nazistas durante a Segunda Guerra Mundial. O di\u00e1rio de Anne, um dos documentos mais importantes em defesa da liberdade humana, serve como ponto central da pe\u00e7a, que busca dar voz a ela e a milhares de outras v\u00edtimas da desumanidade.<\/strong><\/p>\n\n\n\n<p>Poliana Carvalho, que tamb\u00e9m assina a produ\u00e7\u00e3o do espet\u00e1culo, realizou uma extensa pesquisa para trazer autenticidade \u00e0 pe\u00e7a.<strong> Desde 2016, a atriz visitou o esconderijo de Anne Frank em Amsterd\u00e3, campos de concentra\u00e7\u00e3o como Auschwitz e o Museu da F\u00e1brica de Schindler na Pol\u00f4nia, al\u00e9m de ter entrevistado uma das \u00faltimas sobreviventes do Holocausto<\/strong>.<\/p>\n\n\n\n<p><strong>A pe\u00e7a transcende o di\u00e1rio de Anne Frank, convidando o p\u00fablico a refletir sobre a import\u00e2ncia da mem\u00f3ria e a luta por um mundo mais justo e humano.<\/strong><\/p>\n\n\n\n<p><strong>Se prepare para uma hist\u00f3ria emocionante <\/strong>: <\/p>\n\n\n\n<p><strong>Anne Frank, a voz que se tem mem\u00f3ria<\/strong> <br><strong>Data:<\/strong> 31 de agosto (s\u00e1bado)<br><strong>Hor\u00e1rio:<\/strong> 21h30<br><strong>Local:<\/strong> Teatro Unip<br><strong>Classifica\u00e7\u00e3o indicativa:<\/strong> 14 anos<\/p>\n\n\n\n<p><strong>Ingressos:<\/strong><\/p>\n\n\n\n<ul class=\"wp-block-list\">\n<li>Poltrona K a T:<br>R$ 60,00 (meia)<br>R$ 70,00 (solid\u00e1rio)<\/li>\n\n\n\n<li>Poltrona A a J:<br>R$ 80,00 (meia)<br>R$ 90,00 (solid\u00e1rio)<\/li>\n\n\n\n<li>Poltrona Cadeirante: R$ 80,00<\/li>\n<\/ul>\n\n\n\n<p><strong>Vendas:<\/strong> <a href=\"http:\/\/www.bilheteriadigital.com\">www.bilheteriadigital.com<\/a><\/p>\n\n\n\n<p><strong>N\u00e3o perca esta oportunidade de vivenciar uma hist\u00f3ria de coragem e resist\u00eancia que ecoa atrav\u00e9s das gera\u00e7\u00f5es.<\/strong><\/p>\n","protected":false},"excerpt":{"rendered":"<p>Foto\/divulga\u00e7\u00e3o O Teatro Unip ser\u00e1 palco de uma \u00fanica e comovente apresenta\u00e7\u00e3o do espet\u00e1culo \u201cAnne Frank, a voz que se tem mem\u00f3ria\u201d no dia 31 de agosto, \u00e0s 21h30. A pe\u00e7a, dirigida por Leonardo Talarico Marins e estrelada por Poliana Carvalho, \u00e9 uma emocionante homenagem \u00e0 jovem Anne Frank e \u00e0s v\u00edtimas do Holocausto. O [&hellip;]<\/p>\n","protected":false},"author":1441,"featured_media":6484,"comment_status":"open","ping_status":"open","sticky":false,"template":"","format":"standard","meta":{"_monsterinsights_skip_tracking":false,"_monsterinsights_sitenote_active":false,"_monsterinsights_sitenote_note":"","_monsterinsights_sitenote_category":0,"footnotes":""},"categories":[41,17,34,3,401],"tags":[2165,2164,403,423,1506,2166,441,1301],"class_list":["post-6483","post","type-post","status-publish","format-standard","has-post-thumbnail","hentry","category-agenda","category-bsb","category-destaque","category-entertainment","category-teatro","tag-31deagosto","tag-annefrank","tag-cidadecult-2","tag-cidadecultpordentro-2","tag-homenagem-2","tag-leonardotalaricomartins","tag-sonacidadecult-2","tag-teatrounip"],"_links":{"self":[{"href":"https:\/\/cidadecult.com.br\/index.php?rest_route=\/wp\/v2\/posts\/6483","targetHints":{"allow":["GET"]}}],"collection":[{"href":"https:\/\/cidadecult.com.br\/index.php?rest_route=\/wp\/v2\/posts"}],"about":[{"href":"https:\/\/cidadecult.com.br\/index.php?rest_route=\/wp\/v2\/types\/post"}],"author":[{"embeddable":true,"href":"https:\/\/cidadecult.com.br\/index.php?rest_route=\/wp\/v2\/users\/1441"}],"replies":[{"embeddable":true,"href":"https:\/\/cidadecult.com.br\/index.php?rest_route=%2Fwp%2Fv2%2Fcomments&post=6483"}],"version-history":[{"count":1,"href":"https:\/\/cidadecult.com.br\/index.php?rest_route=\/wp\/v2\/posts\/6483\/revisions"}],"predecessor-version":[{"id":6485,"href":"https:\/\/cidadecult.com.br\/index.php?rest_route=\/wp\/v2\/posts\/6483\/revisions\/6485"}],"wp:featuredmedia":[{"embeddable":true,"href":"https:\/\/cidadecult.com.br\/index.php?rest_route=\/wp\/v2\/media\/6484"}],"wp:attachment":[{"href":"https:\/\/cidadecult.com.br\/index.php?rest_route=%2Fwp%2Fv2%2Fmedia&parent=6483"}],"wp:term":[{"taxonomy":"category","embeddable":true,"href":"https:\/\/cidadecult.com.br\/index.php?rest_route=%2Fwp%2Fv2%2Fcategories&post=6483"},{"taxonomy":"post_tag","embeddable":true,"href":"https:\/\/cidadecult.com.br\/index.php?rest_route=%2Fwp%2Fv2%2Ftags&post=6483"}],"curies":[{"name":"wp","href":"https:\/\/api.w.org\/{rel}","templated":true}]}}