{"id":6479,"date":"2024-08-01T11:59:19","date_gmt":"2024-08-01T14:59:19","guid":{"rendered":"https:\/\/cidadecult.com.br\/?p=6479"},"modified":"2024-08-01T12:01:31","modified_gmt":"2024-08-01T15:01:31","slug":"meriele-celebra-o-nordeste-no-projeto-cultura-alimentar-memoria-e-resistencia-no-paranoa","status":"publish","type":"post","link":"https:\/\/cidadecult.com.br\/?p=6479","title":{"rendered":"Meriele celebra o Nordeste no projeto &#8220;Cultura alimentar, mem\u00f3ria e resist\u00eancia no Parano\u00e1&#8221;"},"content":{"rendered":"\n<p><em>Foto\/divulga\u00e7\u00e3o<\/em><\/p>\n\n\n\n<p>Em uma homenagem vibrante \u00e0 rica hist\u00f3ria dos primeiros moradores do Parano\u00e1, <strong>o projeto<\/strong> <strong>&#8220;Cultura alimentar, mem\u00f3ria e resist\u00eancia no Parano\u00e1&#8221;<\/strong> apresenta um evento especial no dia <strong>9 de agosto<\/strong>, <strong>no Cedep, a partir das 15h30. <\/strong>A cantora Meriele, pernambucana de forte trajet\u00f3ria musical, ser\u00e1 a atra\u00e7\u00e3o principal com seu show &#8220;No Nordeste Imenso&#8221;.<\/p>\n\n\n\n<h3 class=\"wp-block-heading\"><strong>Uma tarde de m\u00fasica e cultura<\/strong><\/h3>\n\n\n\n<p>Meriele, que cresceu em um ambiente musical com pais cantores e colaborou com artistas renomados como Amelinha e Josildo S\u00e1, promete um repert\u00f3rio recheado de cl\u00e1ssicos nordestinos. O show, que destaca nomes como Dominguinhos, Alceu Valen\u00e7a, Luiz Gonzaga e Marin\u00eas, ser\u00e1 uma verdadeira celebra\u00e7\u00e3o do forr\u00f3 e da musicalidade nordestina.<\/p>\n\n\n\n<h3 class=\"wp-block-heading\"><strong>Programa\u00e7\u00e3o completa<\/strong><\/h3>\n\n\n\n<p><strong>O evento come\u00e7a \u00e0s 14h com a colheita da horta cultivada no Cedep<\/strong>, onde foram plantados 22 tipos de hortali\u00e7as. <strong>\u00c0s 14h30, ser\u00e1 o lan\u00e7amento do livro &#8220;Cultura alimentar, mem\u00f3ria e resist\u00eancia no Parano\u00e1&#8221;, que re\u00fane receitas caseiras e hist\u00f3rias da comunidade local. O livro inclui receitas tradicionais, dicas de cultivo e at\u00e9 rem\u00e9dios caseiros, como o famoso &#8220;Pir\u00e3o da parida&#8221;, destinado a fortalecer mulheres p\u00f3s-parto.<\/strong><\/p>\n\n\n\n<h3 class=\"wp-block-heading\"><strong>Sobre o projeto<\/strong><\/h3>\n\n\n\n<p><strong>O &#8220;Cultura alimentar, mem\u00f3ria e resist\u00eancia no Parano\u00e1&#8221; \u00e9 uma iniciativa que busca preservar e valorizar a mem\u00f3ria dos moradores da antiga Vila Parano\u00e1<\/strong> por meio de <em>oficinas, palestras e apresenta\u00e7\u00f5es culturais<\/em>. O projeto promove o resgate dos <strong>h\u00e1bitos alimentares<\/strong> e do <strong>cultivo de plantas da comunidade pioneira.<\/strong><\/p>\n\n\n\n<h3 class=\"wp-block-heading\"><strong>Anote j\u00e1 na agenda ! <\/strong><\/h3>\n\n\n\n<p><strong>Data:<\/strong> 9 de agosto de 2024<br><strong>Hor\u00e1rio:<\/strong> A partir das 14h<br><strong>Local:<\/strong> Galp\u00e3o do CEDEP Q. 9. Conj. D, \u00c1rea Especial \u2013 Parano\u00e1 \u2013 DF<br><strong>Entrada:<\/strong> Gratuita<\/p>\n\n\n\n<p><strong>Realiza\u00e7\u00e3o:<\/strong> MB3 Cultura e Horta Linda<br><strong>Patroc\u00ednio:<\/strong> Neoenergia e Instituto Neoenergia<br><strong>Apoio:<\/strong> Centro de Cultura e Desenvolvimento do Parano\u00e1 e Itapo\u00e3 (Cedep)<\/p>\n","protected":false},"excerpt":{"rendered":"<p>Foto\/divulga\u00e7\u00e3o Em uma homenagem vibrante \u00e0 rica hist\u00f3ria dos primeiros moradores do Parano\u00e1, o projeto &#8220;Cultura alimentar, mem\u00f3ria e resist\u00eancia no Parano\u00e1&#8221; apresenta um evento especial no dia 9 de agosto, no Cedep, a partir das 15h30. A cantora Meriele, pernambucana de forte trajet\u00f3ria musical, ser\u00e1 a atra\u00e7\u00e3o principal com seu show &#8220;No Nordeste Imenso&#8221;. [&hellip;]<\/p>\n","protected":false},"author":1441,"featured_media":6480,"comment_status":"open","ping_status":"open","sticky":false,"template":"","format":"standard","meta":{"_monsterinsights_skip_tracking":false,"_monsterinsights_sitenote_active":false,"_monsterinsights_sitenote_note":"","_monsterinsights_sitenote_category":0,"footnotes":""},"categories":[34,3,35],"tags":[2161,2162,2160,2159,2163],"class_list":["post-6479","post","type-post","status-publish","format-standard","has-post-thumbnail","hentry","category-destaque","category-entertainment","category-business-news365","tag-culturaalimentar","tag-memoria","tag-meriele","tag-noroeste","tag-resistencianoparanoa"],"_links":{"self":[{"href":"https:\/\/cidadecult.com.br\/index.php?rest_route=\/wp\/v2\/posts\/6479","targetHints":{"allow":["GET"]}}],"collection":[{"href":"https:\/\/cidadecult.com.br\/index.php?rest_route=\/wp\/v2\/posts"}],"about":[{"href":"https:\/\/cidadecult.com.br\/index.php?rest_route=\/wp\/v2\/types\/post"}],"author":[{"embeddable":true,"href":"https:\/\/cidadecult.com.br\/index.php?rest_route=\/wp\/v2\/users\/1441"}],"replies":[{"embeddable":true,"href":"https:\/\/cidadecult.com.br\/index.php?rest_route=%2Fwp%2Fv2%2Fcomments&post=6479"}],"version-history":[{"count":1,"href":"https:\/\/cidadecult.com.br\/index.php?rest_route=\/wp\/v2\/posts\/6479\/revisions"}],"predecessor-version":[{"id":6481,"href":"https:\/\/cidadecult.com.br\/index.php?rest_route=\/wp\/v2\/posts\/6479\/revisions\/6481"}],"wp:featuredmedia":[{"embeddable":true,"href":"https:\/\/cidadecult.com.br\/index.php?rest_route=\/wp\/v2\/media\/6480"}],"wp:attachment":[{"href":"https:\/\/cidadecult.com.br\/index.php?rest_route=%2Fwp%2Fv2%2Fmedia&parent=6479"}],"wp:term":[{"taxonomy":"category","embeddable":true,"href":"https:\/\/cidadecult.com.br\/index.php?rest_route=%2Fwp%2Fv2%2Fcategories&post=6479"},{"taxonomy":"post_tag","embeddable":true,"href":"https:\/\/cidadecult.com.br\/index.php?rest_route=%2Fwp%2Fv2%2Ftags&post=6479"}],"curies":[{"name":"wp","href":"https:\/\/api.w.org\/{rel}","templated":true}]}}