{"id":6467,"date":"2024-08-01T10:47:08","date_gmt":"2024-08-01T13:47:08","guid":{"rendered":"https:\/\/cidadecult.com.br\/?p=6467"},"modified":"2024-08-01T10:47:10","modified_gmt":"2024-08-01T13:47:10","slug":"descubra-a-exposicao-linhagem-cartografica-de-denise-vourakis-um-mergulho-na-ancestralidade-transformada-em-arte","status":"publish","type":"post","link":"https:\/\/cidadecult.com.br\/?p=6467","title":{"rendered":"Descubra a exposi\u00e7\u00e3o &#8220;Linhagem cartogr\u00e1fica&#8221; de Denise Vourakis: um mergulho na ancestralidade transformada em arte"},"content":{"rendered":"\n<p><em>Foto\/divulga\u00e7\u00e3o<\/em><\/p>\n\n\n\n<p><strong>A artista visual Denise Vourakis, conhecida por sua sensibilidade e profundidade, apresenta a exposi\u00e7\u00e3o &#8220;Linhagem Cartogr\u00e1fica&#8221;, onde sua heran\u00e7a ancestral ganha forma atrav\u00e9s da arte. Denise, que tamb\u00e9m \u00e9 escritora e psic\u00f3loga com forma\u00e7\u00e3o junguiana, utiliza sua viv\u00eancia pessoal e experi\u00eancia cl\u00ednica para criar uma mostra \u00fanica, que ser\u00e1 inaugurada no dia 8 de agosto e ficar\u00e1 aberta ao p\u00fablico at\u00e9 22 de setembro na Galeria Parangol\u00e9, no Espa\u00e7o Cultural Renato Russo, em Bras\u00edlia.<\/strong><\/p>\n\n\n\n<p><strong>Exposi\u00e7\u00e3o &#8220;Linhagem Cartogr\u00e1fica&#8221;, de Denise Vourakis<\/strong><br><strong>Data<\/strong>: de 09\/08 a 22\/09\/2024<br><strong>Hor\u00e1rio<\/strong>: das 10 \u00e0s 20h, de ter\u00e7a a domingo<br><strong>Local<\/strong>: Galeria Parangol\u00e9 &#8211; Espa\u00e7o Cultural Renato Russo (508 Sul)<br><strong>Indica\u00e7\u00e3o et\u00e1ria<\/strong>: livre<br><strong>Entrada franca<\/strong><\/p>\n\n\n\n<h3 class=\"wp-block-heading\">Um retorno \u00e0s origens<\/h3>\n\n\n\n<p>Em &#8220;Linhagem Cartogr\u00e1fica&#8221;, <strong>Denise Vourakis explora temas como proced\u00eancias, rupturas e deslocamentos, refletindo sobre as heran\u00e7as f\u00edsicas e emocionais que moldam nossas vidas<\/strong>. <strong>Inspirada por sua pr\u00f3pria genealogia, a artista revela como o passado de nossos antepassados influencia nossas escolhas, destinos e voca\u00e7\u00f5es. <\/strong><\/p>\n\n\n\n<h3 class=\"wp-block-heading\">Obras que contam hist\u00f3rias<\/h3>\n\n\n\n<p>A exposi\u00e7\u00e3o apresenta uma s\u00e9rie de obras que dialogam diretamente com a ancestralidade.<strong> Entre as pe\u00e7as em destaque est\u00e3o as cer\u00e2micas<\/strong> &#8220;Mares Vencidos, Destino Apaixonado&#8221;, &#8220;Casamento Grego&#8221; e &#8220;Rio das Almas&#8221;, que evocam a tradi\u00e7\u00e3o grega de quebrar pratos. Outra obra significativa \u00e9 &#8220;M\u00f3bile: O Passado O Vento N\u00e3o Leva&#8221;, uma instala\u00e7\u00e3o com fitas de cetim carregando nomes de antepassadas e mais de 200 medalhas cat\u00f3licas, refletindo a influ\u00eancia da devo\u00e7\u00e3o religiosa em sua fam\u00edlia.<\/p>\n\n\n\n<p>As pinturas da s\u00e9rie &#8220;Destino&#8221; documentam as travessias mar\u00edtimas de seus av\u00f3s, que deixaram o Cear\u00e1 e a Gr\u00e9cia em dire\u00e7\u00e3o ao Rio de Janeiro. Denise, embora tenha trocado o mar pelas estradas, encontrou em Goi\u00e1s, especialmente em Piren\u00f3polis, um novo lar que ressoa com seu senso de pertencimento.<\/p>\n\n\n\n<h3 class=\"wp-block-heading\">Convite \u00e0 reflex\u00e3o<\/h3>\n\n\n\n<p>&#8220;Linhagem Cartogr\u00e1fica&#8221; \u00e9 um convite para que os visitantes reflitam sobre suas pr\u00f3prias hist\u00f3rias e heran\u00e7as. Denise, utilizando sua forma\u00e7\u00e3o junguiana, prop\u00f5e que ao compreendermos nosso passado familiar, podemos desvendar e transformar os padr\u00f5es que influenciam nossa exist\u00eancia. \u201cConhecer este passado tem muita participa\u00e7\u00e3o na compreens\u00e3o dos caminhos que percorremos na vida\u201d, afirma a artista.<\/p>\n\n\n\n<h3 class=\"wp-block-heading\">Sobre a artista<\/h3>\n\n\n\n<p>Desde a inf\u00e2ncia, Denise Vourakis encontrou na arte uma forma de express\u00e3o. Nascida no Rio de Janeiro e radicada em Bras\u00edlia desde os anos 80, ela conciliou seus estudos de Psicologia e Artes na UnB. Seu primeiro emprego combinou essas duas paix\u00f5es, em um ateli\u00ea de artes dentro de uma cl\u00ednica de psicologia. Desde a conclus\u00e3o de seu bacharelado em Artes em 2015, Denise tem participado de diversas exposi\u00e7\u00f5es, incluindo a individual &#8220;Sublimatio&#8221; em 2016.<\/p>\n\n\n\n<p>Al\u00e9m de suas cria\u00e7\u00f5es visuais, Denise \u00e9 autora dos livros &#8220;Travessias no tempo &#8211; Arte &amp; Jung&#8221; e &#8220;A Trama da Imagem \u2013 Vias da psique rumo ao si mesmo&#8221;, que exploram a<strong> interse\u00e7\u00e3o entre arte e psicologia.<\/strong><\/p>\n\n\n\n<p><strong>Venha descobrir e refletir sobre suas pr\u00f3prias ra\u00edzes e hist\u00f3rias atrav\u00e9s da arte de Denise Vourakis. N\u00e3o perca essa oportunidade \u00fanica de se conectar com seu passado e transformar sua vis\u00e3o de mundo. Visite a exposi\u00e7\u00e3o &#8220;Linhagem Cartogr\u00e1fica&#8221; e deixe-se envolver pela magia das heran\u00e7as ancestrais. Esperamos por voc\u00ea!<\/strong><\/p>\n\n\n\n<h3 class=\"wp-block-heading\"><\/h3>\n","protected":false},"excerpt":{"rendered":"<p>Foto\/divulga\u00e7\u00e3o A artista visual Denise Vourakis, conhecida por sua sensibilidade e profundidade, apresenta a exposi\u00e7\u00e3o &#8220;Linhagem Cartogr\u00e1fica&#8221;, onde sua heran\u00e7a ancestral ganha forma atrav\u00e9s da arte. Denise, que tamb\u00e9m \u00e9 escritora e psic\u00f3loga com forma\u00e7\u00e3o junguiana, utiliza sua viv\u00eancia pessoal e experi\u00eancia cl\u00ednica para criar uma mostra \u00fanica, que ser\u00e1 inaugurada no dia 8 de [&hellip;]<\/p>\n","protected":false},"author":1441,"featured_media":6468,"comment_status":"open","ping_status":"open","sticky":false,"template":"","format":"standard","meta":{"_monsterinsights_skip_tracking":false,"_monsterinsights_sitenote_active":false,"_monsterinsights_sitenote_note":"","_monsterinsights_sitenote_category":0,"footnotes":""},"categories":[41,17,34,3,281],"tags":[405,429,403,423,2152,2151,2149],"class_list":["post-6467","post","type-post","status-publish","format-standard","has-post-thumbnail","hentry","category-agenda","category-bsb","category-destaque","category-entertainment","category-exposicao","tag-arte-2","tag-brasilia-3","tag-cidadecult-2","tag-cidadecultpordentro-2","tag-entradafranca","tag-espacorenatorusso","tag-exposicaolinhagemcartografica"],"_links":{"self":[{"href":"https:\/\/cidadecult.com.br\/index.php?rest_route=\/wp\/v2\/posts\/6467","targetHints":{"allow":["GET"]}}],"collection":[{"href":"https:\/\/cidadecult.com.br\/index.php?rest_route=\/wp\/v2\/posts"}],"about":[{"href":"https:\/\/cidadecult.com.br\/index.php?rest_route=\/wp\/v2\/types\/post"}],"author":[{"embeddable":true,"href":"https:\/\/cidadecult.com.br\/index.php?rest_route=\/wp\/v2\/users\/1441"}],"replies":[{"embeddable":true,"href":"https:\/\/cidadecult.com.br\/index.php?rest_route=%2Fwp%2Fv2%2Fcomments&post=6467"}],"version-history":[{"count":1,"href":"https:\/\/cidadecult.com.br\/index.php?rest_route=\/wp\/v2\/posts\/6467\/revisions"}],"predecessor-version":[{"id":6469,"href":"https:\/\/cidadecult.com.br\/index.php?rest_route=\/wp\/v2\/posts\/6467\/revisions\/6469"}],"wp:featuredmedia":[{"embeddable":true,"href":"https:\/\/cidadecult.com.br\/index.php?rest_route=\/wp\/v2\/media\/6468"}],"wp:attachment":[{"href":"https:\/\/cidadecult.com.br\/index.php?rest_route=%2Fwp%2Fv2%2Fmedia&parent=6467"}],"wp:term":[{"taxonomy":"category","embeddable":true,"href":"https:\/\/cidadecult.com.br\/index.php?rest_route=%2Fwp%2Fv2%2Fcategories&post=6467"},{"taxonomy":"post_tag","embeddable":true,"href":"https:\/\/cidadecult.com.br\/index.php?rest_route=%2Fwp%2Fv2%2Ftags&post=6467"}],"curies":[{"name":"wp","href":"https:\/\/api.w.org\/{rel}","templated":true}]}}