{"id":6464,"date":"2024-08-01T10:29:51","date_gmt":"2024-08-01T13:29:51","guid":{"rendered":"https:\/\/cidadecult.com.br\/?p=6464"},"modified":"2024-08-01T10:30:22","modified_gmt":"2024-08-01T13:30:22","slug":"remoda-festival-de-moda-circular-em-ceilandia","status":"publish","type":"post","link":"https:\/\/cidadecult.com.br\/?p=6464","title":{"rendered":"&#8220;Remoda&#8221; festival de moda circular em Ceil\u00e2ndia"},"content":{"rendered":"\n<p><em>Foto: Vin\u00edcius Adorno<\/em><\/p>\n\n\n\n<p>Prepare-se para um evento transformador que une <strong>moda, sustentabilidade e empreendedorismo<\/strong>: o &#8220;<strong>Remoda&#8221;, feira de brech\u00f3s: festival de moda circular<\/strong>. Com edi\u00e7\u00f5es em <strong>agosto<\/strong> e <strong>setembro<\/strong>, <strong>Ceil\u00e2ndia ser\u00e1 o cen\u00e1rio de um festival vibrante que promete agitar a cidade com desfiles de moda, feira de brech\u00f3s, workshops, rodas de conversa e uma programa\u00e7\u00e3o cultural diversificada.<\/strong><\/p>\n\n\n\n<h3 class=\"wp-block-heading\">O que esperar do &#8220;Remoda&#8221;?<\/h3>\n\n\n\n<p><strong>Primeira edi\u00e7\u00e3o:<\/strong><\/p>\n\n\n\n<ul class=\"wp-block-list\">\n<li><strong>Data:<\/strong> 10 de agosto<\/li>\n\n\n\n<li><strong>Local:<\/strong> Pra\u00e7a ao lado da Esta\u00e7\u00e3o de Ceil\u00e2ndia Centro<\/li>\n\n\n\n<li><strong>Hor\u00e1rio:<\/strong> Das 11h \u00e0s 18h<\/li>\n\n\n\n<li><strong>Entrada:<\/strong> Gratuita<\/li>\n<\/ul>\n\n\n\n<p><strong>Segunda edi\u00e7\u00e3o:<\/strong><\/p>\n\n\n\n<ul class=\"wp-block-list\">\n<li><strong>Data:<\/strong> 14 de setembro<\/li>\n\n\n\n<li><strong>Local:<\/strong> A ser anunciado<\/li>\n\n\n\n<li><strong>Entrada:<\/strong> Gratuita<\/li>\n<\/ul>\n\n\n\n<h3 class=\"wp-block-heading\">Um evento de sustentabilidade e criatividade<\/h3>\n\n\n\n<p>O &#8220;Remoda&#8221; \u00e9 uma iniciativa de Rafaela Fernandes, jovem empreendedora e estudante de design de moda, que come\u00e7ou em 2018 com o brech\u00f3 digital Mercado de Pulga. O evento evoluiu a partir de encontros mensais de brech\u00f3s e desapegos que Rafaela organiza desde 2021 em Ceil\u00e2ndia. A proposta do &#8220;Remoda&#8221; \u00e9 clara: promover o consumo consciente, reduzir o impacto ambiental da ind\u00fastria t\u00eaxtil, apoiar pequenos empreendedores e estimular a economia local.<\/p>\n\n\n\n<h3 class=\"wp-block-heading\">Programa\u00e7\u00e3o do evento<\/h3>\n\n\n\n<ul class=\"wp-block-list\">\n<li><strong>Feira de brech\u00f3s:<\/strong> Com 40 expositores, oferecendo uma vasta gama de produtos \u00fanicos e sustent\u00e1veis.<\/li>\n\n\n\n<li><strong>Workshops:<\/strong> Incluindo customiza\u00e7\u00e3o de roupas e aplica\u00e7\u00e3o de graffiti na moda.<\/li>\n\n\n\n<li><strong>Roda de conversa:<\/strong> Debates sobre moda sustent\u00e1vel e empreendedorismo feminino.<\/li>\n\n\n\n<li><strong>Cultura e entretenimento:<\/strong> Apresenta\u00e7\u00f5es de DJs como Ocimar, T\u00e2nia Black, Kashu e MC Rivas, al\u00e9m de pocket shows de Rivas e Ravel.<\/li>\n<\/ul>\n\n\n\n<h3 class=\"wp-block-heading\">Destaques da moda<\/h3>\n\n\n\n<p>Um dos momentos mais aguardados \u00e9 o desfile de moda que apresentar\u00e1 a cole\u00e7\u00e3o Remoda, composta por 14 pe\u00e7as de street wear assinadas pela estilista Rosangela Buerger. Inspirada na reciclagem de roupas, a cole\u00e7\u00e3o destaca uma linguagem jovial e sustent\u00e1vel. Al\u00e9m disso, Rosangela lan\u00e7ar\u00e1 sua cole\u00e7\u00e3o pr\u00f3pria, Maktub, que incorpora o reaproveitamento de pe\u00e7as com um estilo mais cl\u00e1ssico. Ambas as cole\u00e7\u00f5es contam com a arte de graffiti de Rivas, promovendo uma moda inclusiva e consciente.<\/p>\n\n\n\n<h3 class=\"wp-block-heading\">Impacto social e ambiental<\/h3>\n\n\n\n<p>Rafaela Fernandes destaca a import\u00e2ncia do evento: \u201cO brech\u00f3 vem ajudando a criar uma nova compreens\u00e3o sobre pe\u00e7as de segunda m\u00e3o, conscientizando sobre o papel da moda contempor\u00e2nea e refor\u00e7ando conceitos de inclus\u00e3o. Estamos promovendo a descentraliza\u00e7\u00e3o da moda e tornando o acesso mais igualit\u00e1rio. A moda sustent\u00e1vel \u00e9 o futuro, e n\u00f3s j\u00e1 estamos nele!\u201d<\/p>\n\n\n\n<h3 class=\"wp-block-heading\">Anote j\u00e1 na agenda ! <\/h3>\n\n\n\n<ul class=\"wp-block-list\">\n<li><strong>Data:<\/strong> 10 de agosto<\/li>\n\n\n\n<li><strong>Local:<\/strong> Pra\u00e7a ao lado da Esta\u00e7\u00e3o de Ceil\u00e2ndia Centro<\/li>\n\n\n\n<li><strong>Hor\u00e1rio:<\/strong> Das 11h \u00e0s 18h<\/li>\n\n\n\n<li><strong>Entrada:<\/strong> Gratuita<\/li>\n<\/ul>\n\n\n\n<p><strong>N\u00e3o perca a oportunidade de mergulhar em um mundo de moda sustent\u00e1vel, criatividade e empreendedorismo. Junte-se a n\u00f3s no &#8220;Remoda&#8221; e participe dessa celebra\u00e7\u00e3o \u00fanica que valoriza o consumo consciente e apoia a economia local. A moda sustent\u00e1vel \u00e9 o futuro, e queremos voc\u00ea conosco nessa jornada!<\/strong><\/p>\n","protected":false},"excerpt":{"rendered":"<p>Foto: Vin\u00edcius Adorno Prepare-se para um evento transformador que une moda, sustentabilidade e empreendedorismo: o &#8220;Remoda&#8221;, feira de brech\u00f3s: festival de moda circular. Com edi\u00e7\u00f5es em agosto e setembro, Ceil\u00e2ndia ser\u00e1 o cen\u00e1rio de um festival vibrante que promete agitar a cidade com desfiles de moda, feira de brech\u00f3s, workshops, rodas de conversa e uma [&hellip;]<\/p>\n","protected":false},"author":1441,"featured_media":6465,"comment_status":"open","ping_status":"open","sticky":true,"template":"","format":"standard","meta":{"_monsterinsights_skip_tracking":false,"_monsterinsights_sitenote_active":false,"_monsterinsights_sitenote_note":"","_monsterinsights_sitenote_category":0,"footnotes":""},"categories":[41,17,34,3,36,9,43],"tags":[405,429,408,2145,407,2144,2147,2146,2143],"class_list":["post-6464","post","type-post","status-publish","format-standard","has-post-thumbnail","hentry","category-agenda","category-bsb","category-destaque","category-entertainment","category-technology","category-fashion","category-releases","tag-arte-2","tag-brasilia-3","tag-cultura-2","tag-empreendedorismo","tag-entreterimento","tag-modacircular","tag-programacaodeagosto","tag-programacaodesetembro","tag-remoda"],"_links":{"self":[{"href":"https:\/\/cidadecult.com.br\/index.php?rest_route=\/wp\/v2\/posts\/6464","targetHints":{"allow":["GET"]}}],"collection":[{"href":"https:\/\/cidadecult.com.br\/index.php?rest_route=\/wp\/v2\/posts"}],"about":[{"href":"https:\/\/cidadecult.com.br\/index.php?rest_route=\/wp\/v2\/types\/post"}],"author":[{"embeddable":true,"href":"https:\/\/cidadecult.com.br\/index.php?rest_route=\/wp\/v2\/users\/1441"}],"replies":[{"embeddable":true,"href":"https:\/\/cidadecult.com.br\/index.php?rest_route=%2Fwp%2Fv2%2Fcomments&post=6464"}],"version-history":[{"count":1,"href":"https:\/\/cidadecult.com.br\/index.php?rest_route=\/wp\/v2\/posts\/6464\/revisions"}],"predecessor-version":[{"id":6466,"href":"https:\/\/cidadecult.com.br\/index.php?rest_route=\/wp\/v2\/posts\/6464\/revisions\/6466"}],"wp:featuredmedia":[{"embeddable":true,"href":"https:\/\/cidadecult.com.br\/index.php?rest_route=\/wp\/v2\/media\/6465"}],"wp:attachment":[{"href":"https:\/\/cidadecult.com.br\/index.php?rest_route=%2Fwp%2Fv2%2Fmedia&parent=6464"}],"wp:term":[{"taxonomy":"category","embeddable":true,"href":"https:\/\/cidadecult.com.br\/index.php?rest_route=%2Fwp%2Fv2%2Fcategories&post=6464"},{"taxonomy":"post_tag","embeddable":true,"href":"https:\/\/cidadecult.com.br\/index.php?rest_route=%2Fwp%2Fv2%2Ftags&post=6464"}],"curies":[{"name":"wp","href":"https:\/\/api.w.org\/{rel}","templated":true}]}}