{"id":6406,"date":"2024-08-06T12:59:14","date_gmt":"2024-08-06T15:59:14","guid":{"rendered":"https:\/\/cidadecult.com.br\/?p=6406"},"modified":"2024-08-06T12:59:50","modified_gmt":"2024-08-06T15:59:50","slug":"3a-residencia-meu-lugar-abre-inscricoes-para-bailarines-dancarines-lgbtqiapn-do-distrito-federal","status":"publish","type":"post","link":"https:\/\/cidadecult.com.br\/?p=6406","title":{"rendered":"3\u00aa Resid\u00eancia Meu Lugar abre inscri\u00e7\u00f5es para bailarines\/dan\u00e7arines LGBTQIAPN+ do Distrito Federal"},"content":{"rendered":"\n<p><em>Foto\/divulga\u00e7\u00e3o<\/em><\/p>\n\n\n\n<p>A dan\u00e7a na capital federal ganha novo impulso com a <strong>3\u00aa edi\u00e7\u00e3o da Resid\u00eancia Meu Lugar<\/strong>, uma iniciativa <strong>gratuita<\/strong> do <strong>N\u00facleo de Pesquisa da Cena<\/strong> dirigida pela multiartista <strong>Juana Miranda<\/strong>. <strong>Com o objetivo de fomentar o processo criativo e abrir oportunidades para artistas LGBTQIAPN+, o projeto abre inscri\u00e7\u00f5es at\u00e9 31 de julho de 2024. <\/strong>As inscri\u00e7\u00f5es podem ser feitas no <a href=\"https:\/\/bit.ly\/3MEULUGAR\">link<\/a> ou pela bio do Instagram @nucleodepesquisacena.<\/p>\n\n\n\n<p>A Resid\u00eancia Meu Lugar, que conta com recursos da<strong> Lei Paulo Gustavo<\/strong>, oferece <strong>um ambiente completo para ensaios, cria\u00e7\u00e3o de trilha sonora, figurino, cenografia e apresenta\u00e7\u00f5es<\/strong>. Al\u00e9m disso, os participantes selecionados receber\u00e3o um cach\u00ea de R$ 1.900,00 para apoiar o processo criativo.<\/p>\n\n\n\n<p><strong>Oportunidade de cria\u00e7\u00e3o e desenvolvimento<\/strong><\/p>\n\n\n\n<p><strong>Os artistas interessados devem apresentar uma proposta de pesquisa<\/strong>. Ap\u00f3s a sele\u00e7\u00e3o, desenvolver\u00e3o cenas de 10 a 15 minutos que ser\u00e3o apresentadas em uma mostra de cenas curtas aberta ao p\u00fablico no final do segundo semestre de 2024. Todo o material ser\u00e1 documentado e divulgado, proporcionando um portf\u00f3lio profissional para os participantes.<\/p>\n\n\n\n<p>Juana Miranda, idealizadora e diretora da Resid\u00eancia, destaca a import\u00e2ncia de oferecer um espa\u00e7o para a cria\u00e7\u00e3o autoral. \u201cAl\u00e9m das dificuldades de local de ensaio e renda, a maioria dos artistas busca fazer parte de um grupo ou ser selecionado em uma audi\u00e7\u00e3o. Mas \u00e9 no trabalho autoral que ter\u00e3o autonomia de cria\u00e7\u00e3o e poder\u00e3o desenvolver seu pensamento criativo e identidade, tendo melhores condi\u00e7\u00f5es de entrar no mercado\u201d, afirma Miranda.<\/p>\n\n\n\n<p><strong>Mentoria e suporte profissional<\/strong><\/p>\n\n\n\n<p>Durante a resid\u00eancia, os participantes contar\u00e3o com a mentoria de Yessica Andr\u00e9s, FaB Girl e Iago Gabriel, que auxiliar\u00e3o no desenvolvimento dos trabalhos. A equipe de suporte inclui profissionais para a cria\u00e7\u00e3o de figurino, trilha sonora, fotografia e filmagem.<\/p>\n\n\n\n<p><strong>Sobre o N\u00facleo de Pesquisa da Cena<\/strong><\/p>\n\n\n\n<p>Desde 2017, o N\u00facleo de Pesquisa da Cena atua com a cria\u00e7\u00e3o e dire\u00e7\u00e3o de espet\u00e1culos, oficinas, treinamentos e palestras para artistas e colaboradores de empresas. A 3\u00aa edi\u00e7\u00e3o da Resid\u00eancia Meu Lugar \u00e9 mais um passo na trajet\u00f3ria do N\u00facleo, que j\u00e1 realizou quatro espet\u00e1culos e duas participa\u00e7\u00f5es internacionais, al\u00e9m da pesquisa que resultou no livro &#8220;O olhar na dan\u00e7a&#8221;. <strong>O trabalho mais recente do N\u00facleo envolve arte e tecnologia, com o uso da realidade virtual.<\/strong><\/p>\n\n\n\n<p><strong>Cronograma de atividades<\/strong><\/p>\n\n\n\n<ul class=\"wp-block-list\">\n<li><strong>Inscri\u00e7\u00f5es:<\/strong> 24 a 31 de julho de 2024<\/li>\n\n\n\n<li><strong>Resultado final:<\/strong> 2 de agosto de 2024<\/li>\n\n\n\n<li><strong>Encontros obrigat\u00f3rios de mentoria e ensaios:<\/strong><\/li>\n\n\n\n<li><strong>Agosto:<\/strong> S\u00e1bados de 9h \u00e0s 12h (dias 3, 10, 17, 24, 31)<\/li>\n\n\n\n<li><strong>Setembro:<\/strong> S\u00e1bados e domingos de 9h \u00e0s 12h (dias 14, 15, 21, 22, 28, 29)<\/li>\n<\/ul>\n\n\n\n<p><strong>Ficha t\u00e9cnica<\/strong><\/p>\n\n\n\n<ul class=\"wp-block-list\">\n<li><strong>Dire\u00e7\u00e3o geral:<\/strong> Juana Miranda<\/li>\n\n\n\n<li><strong>Coordena\u00e7\u00e3o de produ\u00e7\u00e3o:<\/strong> Maur\u00edcio Peixoto<\/li>\n\n\n\n<li><strong>Coordena\u00e7\u00e3o administrativa:<\/strong> Daniel Rondon<\/li>\n\n\n\n<li><strong>Dire\u00e7\u00e3o musical:<\/strong> Thiago Nau<\/li>\n\n\n\n<li><strong>Figurinistas:<\/strong> Bruno Ferraz e Lia Kamp<\/li>\n\n\n\n<li><strong>Designer:<\/strong> Carol Senna<\/li>\n\n\n\n<li><strong>Redes sociais:<\/strong> Heber Barbosa<\/li>\n\n\n\n<li><strong>Assessoria de imprensa:<\/strong> Clara Camarano<\/li>\n<\/ul>\n\n\n\n<p><strong>Servi\u00e7o:<\/strong><\/p>\n\n\n\n<p>3\u00aa Resid\u00eancia Meu Lugar abre inscri\u00e7\u00f5es para bailarines\/dan\u00e7arines LGBTQIAPN+ do Distrito Federal<\/p>\n\n\n\n<ul class=\"wp-block-list\">\n<li><strong>Inscri\u00e7\u00f5es:<\/strong> <a href=\"https:\/\/bit.ly\/3MEULUGAR\">link<\/a><\/li>\n\n\n\n<li><strong>Prazo:<\/strong> At\u00e9 31 de julho de 2024<\/li>\n\n\n\n<li><strong>Custo:<\/strong> Inscri\u00e7\u00f5es gratuitas<\/li>\n\n\n\n<li><strong>Recomenda\u00e7\u00e3o:<\/strong> N\u00e3o recomendado para menores de 14 anos<\/li>\n\n\n\n<li><strong>Informa\u00e7\u00f5es adicionais:<\/strong> Instagram @nucleodepesquisacena<\/li>\n<\/ul>\n\n\n\n<p><strong>N\u00e3o perca a oportunidade de desenvolver sua express\u00e3o art\u00edstica em um ambiente inclusivo e de apoio profissional!<\/strong><\/p>\n\n\n\n<p><\/p>\n","protected":false},"excerpt":{"rendered":"<p>Foto\/divulga\u00e7\u00e3o A dan\u00e7a na capital federal ganha novo impulso com a 3\u00aa edi\u00e7\u00e3o da Resid\u00eancia Meu Lugar, uma iniciativa gratuita do N\u00facleo de Pesquisa da Cena dirigida pela multiartista Juana Miranda. Com o objetivo de fomentar o processo criativo e abrir oportunidades para artistas LGBTQIAPN+, o projeto abre inscri\u00e7\u00f5es at\u00e9 31 de julho de 2024. [&hellip;]<\/p>\n","protected":false},"author":1441,"featured_media":6407,"comment_status":"open","ping_status":"open","sticky":false,"template":"","format":"standard","meta":{"_monsterinsights_skip_tracking":false,"_monsterinsights_sitenote_active":false,"_monsterinsights_sitenote_note":"","_monsterinsights_sitenote_category":0,"footnotes":""},"categories":[54,17,34],"tags":[2125,403,423,431,668],"class_list":["post-6406","post","type-post","status-publish","format-standard","has-post-thumbnail","hentry","category-brasil","category-bsb","category-destaque","tag-3residenciameulugar","tag-cidadecult-2","tag-cidadecultpordentro-2","tag-distritofederal-2","tag-inscricoesabertas"],"_links":{"self":[{"href":"https:\/\/cidadecult.com.br\/index.php?rest_route=\/wp\/v2\/posts\/6406","targetHints":{"allow":["GET"]}}],"collection":[{"href":"https:\/\/cidadecult.com.br\/index.php?rest_route=\/wp\/v2\/posts"}],"about":[{"href":"https:\/\/cidadecult.com.br\/index.php?rest_route=\/wp\/v2\/types\/post"}],"author":[{"embeddable":true,"href":"https:\/\/cidadecult.com.br\/index.php?rest_route=\/wp\/v2\/users\/1441"}],"replies":[{"embeddable":true,"href":"https:\/\/cidadecult.com.br\/index.php?rest_route=%2Fwp%2Fv2%2Fcomments&post=6406"}],"version-history":[{"count":2,"href":"https:\/\/cidadecult.com.br\/index.php?rest_route=\/wp\/v2\/posts\/6406\/revisions"}],"predecessor-version":[{"id":6409,"href":"https:\/\/cidadecult.com.br\/index.php?rest_route=\/wp\/v2\/posts\/6406\/revisions\/6409"}],"wp:featuredmedia":[{"embeddable":true,"href":"https:\/\/cidadecult.com.br\/index.php?rest_route=\/wp\/v2\/media\/6407"}],"wp:attachment":[{"href":"https:\/\/cidadecult.com.br\/index.php?rest_route=%2Fwp%2Fv2%2Fmedia&parent=6406"}],"wp:term":[{"taxonomy":"category","embeddable":true,"href":"https:\/\/cidadecult.com.br\/index.php?rest_route=%2Fwp%2Fv2%2Fcategories&post=6406"},{"taxonomy":"post_tag","embeddable":true,"href":"https:\/\/cidadecult.com.br\/index.php?rest_route=%2Fwp%2Fv2%2Ftags&post=6406"}],"curies":[{"name":"wp","href":"https:\/\/api.w.org\/{rel}","templated":true}]}}