{"id":639,"date":"2022-12-26T11:14:45","date_gmt":"2022-12-26T14:14:45","guid":{"rendered":"https:\/\/cidadecult.com.br\/novo\/cidade-inteligente-df-caminha-rumo-a-consolidacao-de-polo-logistico-tecnologico\/"},"modified":"2022-12-26T11:14:45","modified_gmt":"2022-12-26T14:14:45","slug":"cidade-inteligente-df-caminha-rumo-a-consolidacao-de-polo-logistico-tecnologico","status":"publish","type":"post","link":"https:\/\/cidadecult.com.br\/?p=639","title":{"rendered":"Cidade Inteligente, DF caminha rumo a consolida\u00e7\u00e3o de polo log\u00edstico tecnol\u00f3gico"},"content":{"rendered":"<h1 style=\"box-sizing: border-box; margin: 0px 0px 0.2em; padding: 0px; border: 0px; font-variant-numeric: inherit; font-variant-east-asian: inherit; font-stretch: inherit; font-size: 3em; line-height: 1.1; vertical-align: baseline; font-family: Regular, sans-serif; color: #111111;\">O DF vem se consolidando como centro log\u00edstico tecnol\u00f3gico, gra\u00e7as aos investimentos feitos em programas implantados pela Secretaria de Ci\u00eancia, Tecnologia e Inova\u00e7\u00e3o (Secti), dirigida pelo secret\u00e1rio El\u00edsio Luz<\/h1>\n<p style=\"box-sizing: border-box; margin: 0px 0px 1.1em; padding: 0px; border: 0px; font-variant-numeric: inherit; font-variant-east-asian: inherit; font-stretch: inherit; font-size: 18px; line-height: 2; vertical-align: baseline; font-family: Regular, sans-serif; color: #000000;\"><em style=\"box-sizing: border-box; margin: 0px; padding: 0px; border: 0px; font-variant: inherit; font-stretch: inherit; font-size: inherit; line-height: inherit; vertical-align: baseline;\">Ampliando os servi\u00e7os, formando profissionais, qualificando m\u00e3o-de-obra, incentivado o desenvolvimento empresarial e atraindo grandes empresas, o Distrito Federal est\u00e1 conseguindo se consolidar como um dos principais centros log\u00edsticos e tecnol\u00f3gicos do Brasil. \u00c9 nesse rumo que caminha a Secretaria de Ci\u00eancia, Tecnologia e Inova\u00e7\u00e3o (Secti), ao levar internet gratuita para diversas regi\u00f5es do DF e oferecer cursos que possibilitam jovens de comunidades carentes, trabalhadores e empresas a conquistar espa\u00e7o no mundo digital. Conquistas relatadas aqui pelo secret\u00e1rio El\u00edsio Luz, que nos \u00faltimos quatro anos vem atuando para que Bras\u00edlia se consolide definitivamente com uma cidade inteligente.<\/em><\/p>\n<figure id=\"attachment_457571\" class=\"wp-caption alignnone\" style=\"box-sizing: border-box; margin: 0px 0px 1.6em; padding: 0px; border: 0px; font-variant-numeric: inherit; font-variant-east-asian: inherit; font-stretch: inherit; font-size: 18px; line-height: inherit; vertical-align: baseline; font-family: Regular, sans-serif; width: 1280px; max-width: 100%; color: #000000;\"><img loading=\"lazy\" decoding=\"async\" class=\"size-full wp-image-457571\" style=\"box-sizing: border-box; height: auto; max-width: 100%; margin: 0px 0px 0.3em; padding: 0px; border: 0px; font-style: inherit; font-variant: inherit; font-weight: inherit; font-stretch: inherit; font-size: inherit; line-height: inherit; vertical-align: baseline; width: 627px;\" src=\"http:\/\/agenciabrasilia.df.gov.br\/wp-conteudo\/uploads\/2022\/12\/14.12.-Elisio-Luz-titular-da-Secti.-Foto-Paulo-H.-Carvalho-Agencia-Brasilia.jpeg\" sizes=\"auto, (max-width: 1280px) 100vw, 1280px\" srcset=\"https:\/\/www.agenciabrasilia.df.gov.br\/wp-conteudo\/uploads\/2022\/12\/14.12.-Elisio-Luz-titular-da-Secti.-Foto-Paulo-H.-Carvalho-Agencia-Brasilia.jpeg 1280w, https:\/\/www.agenciabrasilia.df.gov.br\/wp-conteudo\/uploads\/2022\/12\/14.12.-Elisio-Luz-titular-da-Secti.-Foto-Paulo-H.-Carvalho-Agencia-Brasilia-300x205.jpeg 300w, https:\/\/www.agenciabrasilia.df.gov.br\/wp-conteudo\/uploads\/2022\/12\/14.12.-Elisio-Luz-titular-da-Secti.-Foto-Paulo-H.-Carvalho-Agencia-Brasilia-1024x698.jpeg 1024w, https:\/\/www.agenciabrasilia.df.gov.br\/wp-conteudo\/uploads\/2022\/12\/14.12.-Elisio-Luz-titular-da-Secti.-Foto-Paulo-H.-Carvalho-Agencia-Brasilia-768x524.jpeg 768w\" alt=\"\" width=\"1280\" height=\"873\" \/><figcaption id=\"caption-attachment-457571\" class=\"wp-caption-text\" style=\"box-sizing: border-box; margin: 5px 0px 0px; padding: 0px; border: 0px; font-style: inherit; font-variant: inherit; font-weight: inherit; font-stretch: inherit; font-size: 0.9em; line-height: 1.2; vertical-align: baseline; color: #666666;\">O secret\u00e1rio de Ci\u00eancia, Tecnologia e Inova\u00e7\u00e3o, El\u00edsio Luz, comemora: \u201cMais de 1.500 jovens foram capacitados e certificados nesses \u00faltimos quatro anos\u201d | Foto: Paulo H. Carvalho\/Ag\u00eancia Bras\u00edlia<\/figcaption><\/figure>\n<p style=\"box-sizing: border-box; margin: 0px 0px 1.1em; padding: 0px; border: 0px; font-variant-numeric: inherit; font-variant-east-asian: inherit; font-stretch: inherit; font-size: 18px; line-height: 2; vertical-align: baseline; font-family: Regular, sans-serif; color: #000000;\"><span style=\"box-sizing: border-box; margin: 0px; padding: 0px; border: 0px; font-style: inherit; font-variant: inherit; font-weight: bold; font-stretch: inherit; font-size: inherit; line-height: inherit; vertical-align: baseline;\">AG\u00caNCIA BRAS\u00cdLIA \u2013<\/span>\u00a0O que a Secti tem feito para formar m\u00e3o-de-obra especializada para atender ao mercado tecnol\u00f3gico?<\/p>\n<p style=\"box-sizing: border-box; margin: 0px 0px 1.1em; padding: 0px; border: 0px; font-variant-numeric: inherit; font-variant-east-asian: inherit; font-stretch: inherit; font-size: 18px; line-height: 2; vertical-align: baseline; font-family: Regular, sans-serif; color: #000000;\"><span style=\"box-sizing: border-box; margin: 0px; padding: 0px; border: 0px; font-style: inherit; font-variant: inherit; font-weight: bold; font-stretch: inherit; font-size: inherit; line-height: inherit; vertical-align: baseline;\">EL\u00cdSIO LUZ \u2013<\/span>\u00a0Implantamos diversos programas de forma\u00e7\u00e3o e capacita\u00e7\u00e3o de jovens, de t\u00e9cnicos e de funcion\u00e1rios de empresas. Um deles \u00e9 o programa Inovatech, por meio do qual a Secti investiu mais R$ 40 milh\u00f5es para capacitar profissionais em \u00e1reas tecnol\u00f3gicas, especialmente aquelas ligadas \u00e0 ind\u00fastria 4.0 (conceito que representa a automa\u00e7\u00e3o industrial e a integra\u00e7\u00e3o de diferentes tecnologias). A meta \u00e9 capacitar 11 mil jovens. Com esses investimentos, estamos apoiando tamb\u00e9m a inser\u00e7\u00e3o massiva dessas tecnologias nos processos produtivos das empresas do DF, a partir da moderniza\u00e7\u00e3o de processos, inova\u00e7\u00e3o em produtos e certifica\u00e7\u00e3o de qualidade. Oferecemos tamb\u00e9m cursos para jovens t\u00e9cnicos em eletr\u00f4nica, ensinando-os a consertar computadores, celulares e outros equipamentos eletr\u00f4nicos. Mais de 1.500 jovens foram capacitados e certificados nesses \u00faltimos quatro anos.<\/p>\n<p style=\"box-sizing: border-box; margin: 0px 0px 1.1em; padding: 0px; border: 0px; font-variant-numeric: inherit; font-variant-east-asian: inherit; font-stretch: inherit; font-size: 18px; line-height: 2; vertical-align: baseline; font-family: Regular, sans-serif; color: #000000;\"><span style=\"box-sizing: border-box; margin: 0px; padding: 0px; border: 0px; font-style: inherit; font-variant: inherit; font-weight: bold; font-stretch: inherit; font-size: inherit; line-height: inherit; vertical-align: baseline;\">AB \u2013<\/span>\u00a0Como as empresas do DF est\u00e3o sendo incentivadas a evolu\u00edrem no mercado das novas tecnologias?<\/p>\n<figure id=\"attachment_457627\" class=\"wp-caption alignnone\" style=\"box-sizing: border-box; margin: 0px 0px 1.6em; padding: 0px; border: 0px; font-variant-numeric: inherit; font-variant-east-asian: inherit; font-stretch: inherit; font-size: 18px; line-height: inherit; vertical-align: baseline; font-family: Regular, sans-serif; width: 828px; max-width: 100%; color: #000000;\"><img loading=\"lazy\" decoding=\"async\" class=\"wp-image-457627 size-full\" style=\"box-sizing: border-box; height: auto; max-width: 100%; margin: 0px 0px 0.3em; padding: 0px; border: 0px; font-style: inherit; font-variant: inherit; font-weight: inherit; font-stretch: inherit; font-size: inherit; line-height: inherit; vertical-align: baseline; width: 627px;\" src=\"http:\/\/agenciabrasilia.df.gov.br\/wp-conteudo\/uploads\/2022\/12\/14.12.-Retrospectiva-Secti.-2.jpg\" sizes=\"auto, (max-width: 828px) 100vw, 828px\" srcset=\"https:\/\/www.agenciabrasilia.df.gov.br\/wp-conteudo\/uploads\/2022\/12\/14.12.-Retrospectiva-Secti.-2.jpg 828w, https:\/\/www.agenciabrasilia.df.gov.br\/wp-conteudo\/uploads\/2022\/12\/14.12.-Retrospectiva-Secti.-2-300x222.jpg 300w, https:\/\/www.agenciabrasilia.df.gov.br\/wp-conteudo\/uploads\/2022\/12\/14.12.-Retrospectiva-Secti.-2-768x570.jpg 768w\" alt=\"\" width=\"828\" height=\"614\" \/><figcaption id=\"caption-attachment-457627\" class=\"wp-caption-text\" style=\"box-sizing: border-box; margin: 5px 0px 0px; padding: 0px; border: 0px; font-style: inherit; font-variant: inherit; font-weight: inherit; font-stretch: inherit; font-size: 0.9em; line-height: 1.2; vertical-align: baseline; color: #666666;\">Reciclotech: reciclagem de lixo eletr\u00f4nico \u00e9 um projeto de sucesso que permitiu a entrega de mais de 5 mil computadores recondicionados | Foto: Divulga\u00e7\u00e3o\/Secti<\/figcaption><\/figure>\n<p style=\"box-sizing: border-box; margin: 0px 0px 1.1em; padding: 0px; border: 0px; font-variant-numeric: inherit; font-variant-east-asian: inherit; font-stretch: inherit; font-size: 18px; line-height: 2; vertical-align: baseline; font-family: Regular, sans-serif; color: #000000;\"><span style=\"box-sizing: border-box; margin: 0px; padding: 0px; border: 0px; font-style: inherit; font-variant: inherit; font-weight: bold; font-stretch: inherit; font-size: inherit; line-height: inherit; vertical-align: baseline;\">EL \u2013<\/span>\u00a0O Governo Ibaneis Rocha j\u00e1 investiu mais de R$ 4 milh\u00f5es no programa DF + Produtivo, executado em parceria com o Servi\u00e7o Nacional de Aprendizagem Industrial (Senai). O programa possibilita que o Senai preste consultoria \u00e0s empresas, ensinando os funcion\u00e1rios a utilizar de forma empresarial as redes sociais. O objetivo \u00e9 fazer com que as empresas atendidas aumentem a produtividade, a efici\u00eancia e a inova\u00e7\u00e3o. Dessa forma, essas empresas s\u00e3o preparadas para atender aos preceitos da Ind\u00fastria 4.0.<\/p>\n<p style=\"box-sizing: border-box; margin: 0px 0px 1.1em; padding: 0px; border: 0px; font-variant-numeric: inherit; font-variant-east-asian: inherit; font-stretch: inherit; font-size: 18px; line-height: 2; vertical-align: baseline; font-family: Regular, sans-serif; color: #000000;\"><span style=\"box-sizing: border-box; margin: 0px; padding: 0px; border: 0px; font-style: inherit; font-variant: inherit; font-weight: bold; font-stretch: inherit; font-size: inherit; line-height: inherit; vertical-align: baseline;\">AB \u2013<\/span>\u00a0Essa pol\u00edtica tem conseguido atrair novas empresas para o DF?<\/p>\n<p style=\"box-sizing: border-box; margin: 0px 0px 1.1em; padding: 0px; border: 0px; font-variant-numeric: inherit; font-variant-east-asian: inherit; font-stretch: inherit; font-size: 18px; line-height: 2; vertical-align: baseline; font-family: Regular, sans-serif; color: #000000;\"><span style=\"box-sizing: border-box; margin: 0px; padding: 0px; border: 0px; font-style: inherit; font-variant: inherit; font-weight: bold; font-stretch: inherit; font-size: inherit; line-height: inherit; vertical-align: baseline;\">EL \u2013<\/span>\u00a0O Distrito Federal vem se firmando como um importante centro log\u00edstico para diversos tipos de empresas, especialmente as do setor de tecnologia. Um bom exemplo \u00e9 a Amazon, uma das cinco maiores empresas de tecnologia do mundo. Diversos estados brasileiros brigaram para ter a Amazon. Em novembro de 2020, foi inaugurada em Santa Maria a Central de Distribui\u00e7\u00e3o da Amazon, gerando 500 novos empregos.<\/p>\n<p style=\"box-sizing: border-box; margin: 0px 0px 1.1em; padding: 0px; border: 0px; font-variant-numeric: inherit; font-variant-east-asian: inherit; font-stretch: inherit; font-size: 18px; line-height: 2; vertical-align: baseline; font-family: Regular, sans-serif; color: #000000;\"><span style=\"box-sizing: border-box; margin: 0px; padding: 0px; border: 0px; font-style: inherit; font-variant: inherit; font-weight: bold; font-stretch: inherit; font-size: inherit; line-height: inherit; vertical-align: baseline;\">AB \u2013<\/span>\u00a0Jovens de comunidades carentes do DF est\u00e3o tendo a oportunidade de serem inseridos no mundo da tecnologia digital?<\/p>\n<p style=\"box-sizing: border-box; margin: 0px 0px 1.1em; padding: 0px; border: 0px; font-variant-numeric: inherit; font-variant-east-asian: inherit; font-stretch: inherit; font-size: 18px; line-height: 2; vertical-align: baseline; font-family: Regular, sans-serif; color: #000000;\"><span style=\"box-sizing: border-box; margin: 0px; padding: 0px; border: 0px; font-style: inherit; font-variant: inherit; font-weight: bold; font-stretch: inherit; font-size: inherit; line-height: inherit; vertical-align: baseline;\">EL \u2013<\/span>\u00a0Certamente. Para isso, criamos o Include, programa que objetiva inserir jovens de comunidades carentes no ambiente digital, possibilitando que essa garotada domine as novas tecnologias e, assim, possa ter a oportunidade de ingressar no mercado de trabalho do mundo digital. Os n\u00facleos do Includes, instalados em comunidades de baixa renda, foram projetados e equipados para oferecer gratuitamente cursos com metodologia e linguagem de software e hardware, desenvolvidos para a inclus\u00e3o de jovens no mundo digital. O objetivo final \u00e9 implementar at\u00e9 10 mil laborat\u00f3rios, impactando adolescentes de todo o Brasil por meio da tecnologia.<\/p>\n<div class=\"relacionadas text-uppercase  esquerda\" style=\"box-sizing: border-box; margin: 0px 30px 20px -70px; padding: 0px; border: 0px; font-variant-numeric: inherit; font-variant-east-asian: inherit; font-stretch: inherit; font-size: 18px; line-height: inherit; vertical-align: baseline; font-family: Regular, sans-serif; float: left; width: 330px; background-image: initial; background-position: initial; background-size: initial; background-repeat: initial; background-attachment: initial; background-origin: initial; background-clip: initial; position: relative; color: #000000;\">\n<p style=\"box-sizing: border-box; margin: 0px; padding: 0.2em 0.3em 0.1em; border: 0px; font-style: inherit; font-variant: inherit; font-stretch: inherit; font-size: 13px; line-height: 2; vertical-align: baseline; font-family: 'Titillium Web', sans-serif; color: #1dbab4; background-color: #006bb5 !important; display: inline-block !important;\"><span style=\"box-sizing: border-box; margin: 0px; padding: 0px; border: 0px; font-style: inherit; font-variant: inherit; font-weight: inherit; font-stretch: inherit; font-size: inherit; line-height: inherit; vertical-align: baseline; font-family: Regular, sans-serif;\">Leia tamb\u00e9m<\/span><\/p>\n<div class=\"relacionadas__post-leia-tambem bold clearfix\" style=\"box-sizing: border-box; margin: 0px; padding: 8px; border-width: 1px 0px; border-image: initial; font-style: inherit; font-variant: inherit; font-weight: inherit; font-stretch: inherit; font-size: inherit; line-height: inherit; vertical-align: baseline; display: table; width: 330px; border-color: #c1c2c4 initial #c1c2c4 initial; border-style: solid initial solid initial;\">\n<div class=\"relacionadas__thumb\" style=\"box-sizing: border-box; margin: 0px; padding: 0px; border: 0px; font-style: inherit; font-variant: inherit; font-weight: inherit; font-stretch: inherit; font-size: inherit; line-height: inherit; vertical-align: baseline;\"><img loading=\"lazy\" decoding=\"async\" class=\"attachment-thumbnail size-thumbnail wp-post-image\" style=\"box-sizing: border-box; margin: 11px 10px 0px 0px; padding: 0px; border: 0px; font-style: inherit; font-variant: inherit; font-weight: inherit; font-stretch: inherit; font-size: inherit; line-height: inherit; vertical-align: baseline; max-width: 100%; width: auto; height: auto; float: left;\" src=\"https:\/\/www.agenciabrasilia.df.gov.br\/wp-conteudo\/uploads\/2022\/04\/WhatsApp-Image-2022-04-01-at-17.03.41-1-150x150.jpeg\" alt=\"\" width=\"150\" height=\"150\" \/><\/div>\n<div class=\"clearfix relacionadas__texto\" style=\"box-sizing: border-box; margin: 0px; padding: 0px; border: 0px; font-style: inherit; font-variant: inherit; font-weight: inherit; font-stretch: inherit; font-size: inherit; line-height: inherit; vertical-align: middle; display: table-cell;\">\n<p style=\"box-sizing: border-box; margin: 0px 0px 1.1em; padding: 0px; border: 0px; font-style: inherit; font-variant: inherit; font-stretch: inherit; line-height: 2; vertical-align: baseline; font-family: 'Titillium Web', sans-serif; display: inline; color: #387abc;\"><span style=\"box-sizing: border-box; margin: 0px; padding: 0px; border: 0px; font-style: inherit; font-variant: inherit; font-weight: inherit; font-stretch: inherit; font-size: inherit; line-height: inherit; vertical-align: baseline; font-family: Regular, sans-serif;\">Reciclotech recicla quase 100% de lixo eletr\u00f4nico do DF<\/span><\/p>\n<\/div>\n<\/div>\n<div class=\"relacionadas__post-leia-tambem bold clearfix\" style=\"box-sizing: border-box; margin: 0px; padding: 8px; border-width: 0px 0px 1px; border-image: initial; font-style: inherit; font-variant: inherit; font-weight: inherit; font-stretch: inherit; font-size: inherit; line-height: inherit; vertical-align: baseline; display: table; width: 330px; border-color: initial initial #c1c2c4 initial; border-style: initial initial solid initial;\">\n<div class=\"relacionadas__thumb\" style=\"box-sizing: border-box; margin: 0px; padding: 0px; border: 0px; font-style: inherit; font-variant: inherit; font-weight: inherit; font-stretch: inherit; font-size: inherit; line-height: inherit; vertical-align: baseline;\"><img loading=\"lazy\" decoding=\"async\" class=\"attachment-thumbnail size-thumbnail wp-post-image\" style=\"box-sizing: border-box; margin: 11px 10px 0px 0px; padding: 0px; border: 0px; font-style: inherit; font-variant: inherit; font-weight: inherit; font-stretch: inherit; font-size: inherit; line-height: inherit; vertical-align: baseline; max-width: 100%; width: auto; height: auto; float: left;\" src=\"https:\/\/www.agenciabrasilia.df.gov.br\/wp-conteudo\/uploads\/2022\/03\/51378612518_8bdfe83572_k-1-150x150.jpg\" alt=\"\" width=\"150\" height=\"150\" \/><\/div>\n<div class=\"clearfix relacionadas__texto\" style=\"box-sizing: border-box; margin: 0px; padding: 0px; border: 0px; font-style: inherit; font-variant: inherit; font-weight: inherit; font-stretch: inherit; font-size: inherit; line-height: inherit; vertical-align: middle; display: table-cell;\">\n<p style=\"box-sizing: border-box; margin: 0px 0px 1.1em; padding: 0px; border: 0px; font-style: inherit; font-variant: inherit; font-stretch: inherit; line-height: 2; vertical-align: baseline; font-family: 'Titillium Web', sans-serif; display: inline; color: #387abc;\"><span style=\"box-sizing: border-box; margin: 0px; padding: 0px; border: 0px; font-style: inherit; font-variant: inherit; font-weight: inherit; font-stretch: inherit; font-size: inherit; line-height: inherit; vertical-align: baseline; font-family: Regular, sans-serif;\">Wi-Fi Social chega ao Engenho das Lajes, no Gama<\/span><\/p>\n<\/div>\n<\/div>\n<\/div>\n<p style=\"box-sizing: border-box; margin: 0px 0px 1.1em; padding: 0px; border: 0px; font-variant-numeric: inherit; font-variant-east-asian: inherit; font-stretch: inherit; font-size: 18px; line-height: 2; vertical-align: baseline; font-family: Regular, sans-serif; color: #000000;\"><span style=\"box-sizing: border-box; margin: 0px; padding: 0px; border: 0px; font-style: inherit; font-variant: inherit; font-weight: bold; font-stretch: inherit; font-size: inherit; line-height: inherit; vertical-align: baseline;\">AB \u2013<\/span>\u00a0Internet gratuita hoje \u00e9 um servi\u00e7o consolidado no Distrito Federal?<\/p>\n<p style=\"box-sizing: border-box; margin: 0px 0px 1.1em; padding: 0px; border: 0px; font-variant-numeric: inherit; font-variant-east-asian: inherit; font-stretch: inherit; font-size: 18px; line-height: 2; vertical-align: baseline; font-family: Regular, sans-serif; color: #000000;\"><span style=\"box-sizing: border-box; margin: 0px; padding: 0px; border: 0px; font-style: inherit; font-variant: inherit; font-weight: bold; font-stretch: inherit; font-size: inherit; line-height: inherit; vertical-align: baseline;\">EL \u2013<\/span>\u00a0O programa Wi-Fi Social DF tornou-se o queridinho dos brasilienses. Disponibiliza internet gr\u00e1tis para as pessoas nos pontos p\u00fablicos, como escolas, feiras permanentes, Rodovi\u00e1ria de Bras\u00edlia, terminais rodovi\u00e1rios, parques, Unidades de Pronto Atendimento (UPAs), hospitais, bibliotecas p\u00fablicas e at\u00e9 no Jardim Zool\u00f3gico. J\u00e1 s\u00e3o 110 pontos instalados e mais de 150 milh\u00f5es de acessos. O programa \u00e9 um sucesso tamb\u00e9m fora do DF. Tem servido de modelo para a implanta\u00e7\u00e3o de programas semelhantes em diversos estados brasileiros.<\/p>\n<p style=\"box-sizing: border-box; margin: 0px 0px 1.1em; padding: 0px; border: 0px; font-variant-numeric: inherit; font-variant-east-asian: inherit; font-stretch: inherit; font-size: 18px; line-height: 2; vertical-align: baseline; font-family: Regular, sans-serif; color: #000000;\"><span style=\"box-sizing: border-box; margin: 0px; padding: 0px; border: 0px; font-style: inherit; font-variant: inherit; font-weight: bold; font-stretch: inherit; font-size: inherit; line-height: inherit; vertical-align: baseline;\">AB \u2013<\/span>\u00a0Como a secretaria vem enfrentando o problema do descarte incorreto do lixo eletr\u00f4nico?<\/p>\n<figure id=\"attachment_457631\" class=\"wp-caption alignnone\" style=\"box-sizing: border-box; margin: 0px 0px 1.6em; padding: 0px; border: 0px; font-variant-numeric: inherit; font-variant-east-asian: inherit; font-stretch: inherit; font-size: 18px; line-height: inherit; vertical-align: baseline; font-family: Regular, sans-serif; width: 1280px; max-width: 100%; color: #000000;\"><img loading=\"lazy\" decoding=\"async\" class=\"wp-image-457631 size-full\" style=\"box-sizing: border-box; height: auto; max-width: 100%; margin: 0px 0px 0.3em; padding: 0px; border: 0px; font-style: inherit; font-variant: inherit; font-weight: inherit; font-stretch: inherit; font-size: inherit; line-height: inherit; vertical-align: baseline; width: 627px;\" src=\"http:\/\/agenciabrasilia.df.gov.br\/wp-conteudo\/uploads\/2022\/12\/14.12.-Retrospectiva-Secti.-3.jpg\" sizes=\"auto, (max-width: 1280px) 100vw, 1280px\" srcset=\"https:\/\/www.agenciabrasilia.df.gov.br\/wp-conteudo\/uploads\/2022\/12\/14.12.-Retrospectiva-Secti.-3.jpg 1280w, https:\/\/www.agenciabrasilia.df.gov.br\/wp-conteudo\/uploads\/2022\/12\/14.12.-Retrospectiva-Secti.-3-300x169.jpg 300w, https:\/\/www.agenciabrasilia.df.gov.br\/wp-conteudo\/uploads\/2022\/12\/14.12.-Retrospectiva-Secti.-3-1024x575.jpg 1024w, https:\/\/www.agenciabrasilia.df.gov.br\/wp-conteudo\/uploads\/2022\/12\/14.12.-Retrospectiva-Secti.-3-768x431.jpg 768w\" alt=\"\" width=\"1280\" height=\"719\" \/><figcaption id=\"caption-attachment-457631\" class=\"wp-caption-text\" style=\"box-sizing: border-box; margin: 5px 0px 0px; padding: 0px; border: 0px; font-style: inherit; font-variant: inherit; font-weight: inherit; font-stretch: inherit; font-size: 0.9em; line-height: 1.2; vertical-align: baseline; color: #666666;\">Include tem como objetivo desenvolver at\u00e9 10 mil laborat\u00f3rios em comunidades de baixa renda | Foto: Divulga\u00e7\u00e3o\/Secti<\/figcaption><\/figure>\n<p style=\"box-sizing: border-box; margin: 0px 0px 1.1em; padding: 0px; border: 0px; font-variant-numeric: inherit; font-variant-east-asian: inherit; font-stretch: inherit; font-size: 18px; line-height: 2; vertical-align: baseline; font-family: Regular, sans-serif; color: #000000;\"><span style=\"box-sizing: border-box; margin: 0px; padding: 0px; border: 0px; font-style: inherit; font-variant: inherit; font-weight: bold; font-stretch: inherit; font-size: inherit; line-height: inherit; vertical-align: baseline;\">EL \u2013<\/span>\u00a0N\u00f3s temos o programa Reciclotech. Por meio dele, j\u00e1 reciclamos mais de 700 toneladas de lixo eletr\u00f4nico, como baterias, pilhas, notebooks e computadores, que ap\u00f3s a reciclagem s\u00e3o doados para crian\u00e7as e jovens de baixa renda. Al\u00e9m disso, implantamos a primeira usina de reciclagem da Am\u00e9rica Latina e j\u00e1 entregamos mais de 5 mil computadores recondicionados. Com isso, ajudamos a preservar o meio ambiente. Esses resultados fazem com que o Reciclotech seja um programa de sucesso. Sucesso que vem sendo copiado por governos de v\u00e1rios estados brasileiros.<\/p>\n<p style=\"box-sizing: border-box; margin: 0px 0px 1.1em; padding: 0px; border: 0px; font-variant-numeric: inherit; font-variant-east-asian: inherit; font-stretch: inherit; font-size: 18px; line-height: 2; vertical-align: baseline; font-family: Regular, sans-serif; color: #000000;\"><em style=\"box-sizing: border-box; margin: 0px; padding: 0px; border: 0px; font-variant: inherit; font-stretch: inherit; font-size: inherit; line-height: inherit; vertical-align: baseline;\">*Colabora\u00e7\u00e3o: Assessoria de Comunica\u00e7\u00e3o da Secretaria de Ci\u00eancia, Tecnologia e Inova\u00e7\u00e3o (Secti)<\/em><\/p>\n","protected":false},"excerpt":{"rendered":"<h1 style=\"box-sizing: border-box; margin: 0px 0px 0.2em; padding: 0px; border: 0px; font-variant-numeric: inherit; font-variant-east-asian: inherit; font-stretch: inherit; font-size: 3em; line-height: 1.1; vertical-align: baseline; font-family: Regular, sans-serif; color: #111111;\">O DF vem se consolidando como centro log\u00edstico tecnol\u00f3gico, gra\u00e7as aos investimentos feitos em programas implantados pela Secretaria de Ci\u00eancia, Tecnologia e Inova\u00e7\u00e3o (Secti), dirigida pelo secret\u00e1rio El\u00edsio Luz<\/h1>\n","protected":false},"author":3,"featured_media":0,"comment_status":"open","ping_status":"open","sticky":false,"template":"","format":"standard","meta":{"_monsterinsights_skip_tracking":false,"_monsterinsights_sitenote_active":false,"_monsterinsights_sitenote_note":"","_monsterinsights_sitenote_category":0,"footnotes":""},"categories":[33],"tags":[],"class_list":["post-639","post","type-post","status-publish","format-standard","hentry","category-joomla"],"_links":{"self":[{"href":"https:\/\/cidadecult.com.br\/index.php?rest_route=\/wp\/v2\/posts\/639","targetHints":{"allow":["GET"]}}],"collection":[{"href":"https:\/\/cidadecult.com.br\/index.php?rest_route=\/wp\/v2\/posts"}],"about":[{"href":"https:\/\/cidadecult.com.br\/index.php?rest_route=\/wp\/v2\/types\/post"}],"author":[{"embeddable":true,"href":"https:\/\/cidadecult.com.br\/index.php?rest_route=\/wp\/v2\/users\/3"}],"replies":[{"embeddable":true,"href":"https:\/\/cidadecult.com.br\/index.php?rest_route=%2Fwp%2Fv2%2Fcomments&post=639"}],"version-history":[{"count":0,"href":"https:\/\/cidadecult.com.br\/index.php?rest_route=\/wp\/v2\/posts\/639\/revisions"}],"wp:attachment":[{"href":"https:\/\/cidadecult.com.br\/index.php?rest_route=%2Fwp%2Fv2%2Fmedia&parent=639"}],"wp:term":[{"taxonomy":"category","embeddable":true,"href":"https:\/\/cidadecult.com.br\/index.php?rest_route=%2Fwp%2Fv2%2Fcategories&post=639"},{"taxonomy":"post_tag","embeddable":true,"href":"https:\/\/cidadecult.com.br\/index.php?rest_route=%2Fwp%2Fv2%2Ftags&post=639"}],"curies":[{"name":"wp","href":"https:\/\/api.w.org\/{rel}","templated":true}]}}