{"id":6285,"date":"2024-08-06T12:34:10","date_gmt":"2024-08-06T15:34:10","guid":{"rendered":"https:\/\/cidadecult.com.br\/?p=6285"},"modified":"2024-08-06T12:35:04","modified_gmt":"2024-08-06T15:35:04","slug":"stand-up-de-raphael-ghanem-se-e-que-voce-me-entende-chega-a-brasilia","status":"publish","type":"post","link":"https:\/\/cidadecult.com.br\/?p=6285","title":{"rendered":"Stand-up de Raphael Ghanem &#8220;Se \u00e9 que voc\u00ea me entende&#8221; chega a Bras\u00edlia"},"content":{"rendered":"\n<p><em>Foto\/divulga\u00e7\u00e3o<\/em><\/p>\n\n\n\n<p>O humorista Raphael Ghanem apresenta seu espet\u00e1culo de <em>stand-up comedy <\/em>\u201cSe \u00e9 que voc\u00ea me entende\u201d em <strong>Bras\u00edlia<\/strong> no pr\u00f3ximo s\u00e1bado,<strong> dia 3 de agosto<\/strong>. O show acontecer\u00e1 na <strong>Concha Ac\u00fastica \u00e0s 21h<\/strong>, prometendo uma noite de<strong> humor<\/strong>,<strong> intera\u00e7\u00e3o<\/strong> <strong>e improvisa\u00e7\u00e3o<\/strong>.<\/p>\n\n\n\n<h3 class=\"wp-block-heading\">Quem \u00e9 Raphael Ghanem<\/h3>\n\n\n\n<p><strong>Raphael Ghanem, natural do Rio de Janeiro, iniciou sua carreira aos 14 anos na Academia Nacional de Atores<\/strong>. Desde ent\u00e3o, passou por importantes escolas de teatro como &#8220;Tablado&#8221; de Maria Clara Machado e a &#8220;Casa das Artes de Laranjeiras&#8221;. Com especializa\u00e7\u00f5es em <em>Com\u00e9dia Dell&#8217;Arte<\/em><strong> <\/strong>e improvisa\u00e7\u00e3o, Raphael se destacou na cena de<em> stand-up comedy<\/em> a partir de 2009. Na TV, atuou em produ\u00e7\u00f5es como Malha\u00e7\u00e3o, Multishow 220 Volts, Verdades Secretas e Ver\u00e3o 90, al\u00e9m dos filmes Outono e B.O.<\/p>\n\n\n\n<h3 class=\"wp-block-heading\">Um show original e envolvente<\/h3>\n\n\n\n<p>Com um texto <strong>100% original,<\/strong> Raphael Ghanem traz um espet\u00e1culo sem figurinos ou adere\u00e7os, focado em hist\u00f3rias pessoais, an\u00e1lises de relacionamentos e situa\u00e7\u00f5es do cotidiano, tudo com um toque de exagero que garante o tom c\u00f4mico.<\/p>\n\n\n\n<h3 class=\"wp-block-heading\">Informa\u00e7\u00f5es do evento<\/h3>\n\n\n\n<ul class=\"wp-block-list\">\n<li><strong>Evento:<\/strong> Raphael Ghanem &#8211; Se \u00e9 que voc\u00ea me entende<\/li>\n\n\n\n<li><strong>Local:<\/strong> Concha Ac\u00fastica de Bras\u00edlia<\/li>\n\n\n\n<li><strong>Data:<\/strong> 3 de agosto (s\u00e1bado)<\/li>\n\n\n\n<li><strong>Hor\u00e1rio:<\/strong> 21h (abertura dos port\u00f5es \u00e0s 20h)<\/li>\n\n\n\n<li><strong>Classifica\u00e7\u00e3o indicativa:<\/strong> 18 anos<\/li>\n<\/ul>\n\n\n\n<h3 class=\"wp-block-heading\">Ingressos<\/h3>\n\n\n\n<ul class=\"wp-block-list\">\n<li><strong>Plateia &#8211; Assento sem numera\u00e7\u00e3o:<\/strong><\/li>\n\n\n\n<li>R$ 80,00 (meia-entrada*)<\/li>\n\n\n\n<li>R$ 120,00 + 2kg de alimento (solid\u00e1rio)<\/li>\n\n\n\n<li>R$ 160,00 (combo casal)<\/li>\n\n\n\n<li><strong>Plateia VIP &#8211; Lado esquerdo:<\/strong><\/li>\n\n\n\n<li>R$ 120,00 (meia-entrada*)<\/li>\n\n\n\n<li>R$ 150,00 + 2kg de alimento (solid\u00e1rio)<\/li>\n\n\n\n<li><strong>Plateia VIP &#8211; Lado direito:<\/strong><\/li>\n\n\n\n<li>R$ 120,00 (meia-entrada*)<\/li>\n\n\n\n<li>R$ 150,00 + 2kg de alimento (solid\u00e1rio)<\/li>\n<\/ul>\n\n\n\n<h3 class=\"wp-block-heading\">Onde comprar<\/h3>\n\n\n\n<p>Garanta seu ingresso no site <a href=\"https:\/\/ingressodigital.com\/ingresso\">Ingresso Digital<\/a>.<\/p>\n\n\n\n<h3 class=\"wp-block-heading\">Contato para mais informa\u00e7\u00f5es<\/h3>\n\n\n\n<ul class=\"wp-block-list\">\n<li><strong>Eduarda Ayres<\/strong><\/li>\n\n\n\n<li>Telefone: (61) 99815-2712<\/li>\n\n\n\n<li>Email: imprensaconteudoomunicacao@gmail.com<\/li>\n<\/ul>\n","protected":false},"excerpt":{"rendered":"<p>Foto\/divulga\u00e7\u00e3o O humorista Raphael Ghanem apresenta seu espet\u00e1culo de stand-up comedy \u201cSe \u00e9 que voc\u00ea me entende\u201d em Bras\u00edlia no pr\u00f3ximo s\u00e1bado, dia 3 de agosto. O show acontecer\u00e1 na Concha Ac\u00fastica \u00e0s 21h, prometendo uma noite de humor, intera\u00e7\u00e3o e improvisa\u00e7\u00e3o. Quem \u00e9 Raphael Ghanem Raphael Ghanem, natural do Rio de Janeiro, iniciou sua [&hellip;]<\/p>\n","protected":false},"author":1441,"featured_media":6286,"comment_status":"open","ping_status":"open","sticky":true,"template":"","format":"standard","meta":{"_monsterinsights_skip_tracking":false,"_monsterinsights_sitenote_active":false,"_monsterinsights_sitenote_note":"","_monsterinsights_sitenote_category":0,"footnotes":""},"categories":[54,17,34,3,43],"tags":[405,429,403,423,2074,407,2073,2076,2072],"class_list":["post-6285","post","type-post","status-publish","format-standard","has-post-thumbnail","hentry","category-brasil","category-bsb","category-destaque","category-entertainment","category-releases","tag-arte-2","tag-brasilia-3","tag-cidadecult-2","tag-cidadecultpordentro-2","tag-conchaacustica-2","tag-entreterimento","tag-humor","tag-improvisacao","tag-raphaelghanem"],"_links":{"self":[{"href":"https:\/\/cidadecult.com.br\/index.php?rest_route=\/wp\/v2\/posts\/6285","targetHints":{"allow":["GET"]}}],"collection":[{"href":"https:\/\/cidadecult.com.br\/index.php?rest_route=\/wp\/v2\/posts"}],"about":[{"href":"https:\/\/cidadecult.com.br\/index.php?rest_route=\/wp\/v2\/types\/post"}],"author":[{"embeddable":true,"href":"https:\/\/cidadecult.com.br\/index.php?rest_route=\/wp\/v2\/users\/1441"}],"replies":[{"embeddable":true,"href":"https:\/\/cidadecult.com.br\/index.php?rest_route=%2Fwp%2Fv2%2Fcomments&post=6285"}],"version-history":[{"count":2,"href":"https:\/\/cidadecult.com.br\/index.php?rest_route=\/wp\/v2\/posts\/6285\/revisions"}],"predecessor-version":[{"id":6305,"href":"https:\/\/cidadecult.com.br\/index.php?rest_route=\/wp\/v2\/posts\/6285\/revisions\/6305"}],"wp:featuredmedia":[{"embeddable":true,"href":"https:\/\/cidadecult.com.br\/index.php?rest_route=\/wp\/v2\/media\/6286"}],"wp:attachment":[{"href":"https:\/\/cidadecult.com.br\/index.php?rest_route=%2Fwp%2Fv2%2Fmedia&parent=6285"}],"wp:term":[{"taxonomy":"category","embeddable":true,"href":"https:\/\/cidadecult.com.br\/index.php?rest_route=%2Fwp%2Fv2%2Fcategories&post=6285"},{"taxonomy":"post_tag","embeddable":true,"href":"https:\/\/cidadecult.com.br\/index.php?rest_route=%2Fwp%2Fv2%2Ftags&post=6285"}],"curies":[{"name":"wp","href":"https:\/\/api.w.org\/{rel}","templated":true}]}}