{"id":6239,"date":"2024-07-24T12:37:29","date_gmt":"2024-07-24T15:37:29","guid":{"rendered":"https:\/\/cidadecult.com.br\/?p=6239"},"modified":"2024-07-24T12:37:32","modified_gmt":"2024-07-24T15:37:32","slug":"festival-de-inverno-horta-cozinha-criativa-apresenta-noite-de-pizza-e-vinho-a-vontade","status":"publish","type":"post","link":"https:\/\/cidadecult.com.br\/?p=6239","title":{"rendered":"Festival de inverno: &#8220;Horta Cozinha Criativa&#8221; apresenta noite de pizza e vinho \u00e0 vontade"},"content":{"rendered":"\n<p><em>Foto\/divulga\u00e7\u00e3o<\/em><\/p>\n\n\n\n<p>O inverno em Bras\u00edlia est\u00e1 mais acolhedor com a chegada do <strong>Horta Jazz<\/strong>, o festival de inverno promovido pelo Horta Cozinha Criativa. <strong>No dia 26 de julho, das 19h \u00e0s 22h<\/strong>, o restaurante localizado na <strong>CLS 202 Sul <\/strong>vai oferecer uma noite especial repleta de novas pizzas na parrilla e uma atmosfera jazz\u00edstica envolvente.<\/p>\n\n\n\n<p>Para os amantes de pizza, o festival traz <strong>um card\u00e1pio irresist\u00edvel: por R$49,90<\/strong>, os visitantes podem desfrutar de um <em>buffet <\/em>de saladas e caldos. J\u00e1 o <strong>rod\u00edzio das pizzas novas, por R$79,90<\/strong>, <strong>inclui sabores exclusivos e inovadores<\/strong>,<strong> al\u00e9m das tradicionais op\u00e7\u00f5es <\/strong>que os clientes j\u00e1 adoram.<\/p>\n\n\n\n<p>Entre os novos sabores est\u00e3o a Portuguesa, com piment\u00f5es braseados, ovo de codorna, azeitonas, presunto de parma e <em>tomate confit<\/em>, e a calabresa com requeij\u00e3o. N\u00e3o perca tamb\u00e9m as cria\u00e7\u00f5es \u00fanicas do restaurante, como a pizza de frango com aioli de pequi e bacon, Tr\u00eas Queijos com p\u00eara, e a vegetariana com piment\u00f5es braseados, cebola roxa e cogumelos braseados.<\/p>\n\n\n\n<p>Para completar a noite, o Horta oferece a op\u00e7\u00e3o de <strong><em>Open Wine<\/em> por R$99<\/strong>. O chef Matheus Camargo convida a todos para uma noite inesquec\u00edvel !. <\/p>\n\n\n\n<p><strong>Sobre o restaurante:<\/strong><\/p>\n\n\n\n<p>O Horta Cozinha Criativa, <strong>inaugurado em junho de 2022<\/strong>, \u00e9 um destino conhecido por sua <strong>gastronomia criativa e inovadora<\/strong>. <strong>Localizado na CLS 202 Sul Bloco C Loja 04 &#8211; Asa Sul<\/strong>, o restaurante oferece uma experi\u00eancia <strong>gastron\u00f4mica \u00fanica<\/strong>, explorando ingredientes regionais e org\u00e2nicos. Com um card\u00e1pio assinado pelo chef e empres\u00e1rio Matheus Camargo, o Horta combina influ\u00eancias da<strong> culin\u00e1ria brasileira e internacional,<\/strong> conquistando os paladares mais exigentes da capital federal.<\/p>\n\n\n\n<p><strong>Hor\u00e1rio de funcionamento:<\/strong><\/p>\n\n\n\n<ul class=\"wp-block-list\">\n<li>Ter\u00e7a a s\u00e1bado: 11h30 \u00e0s 15h30 e 19h \u00e0s 23h<\/li>\n\n\n\n<li>Domingo: 12h \u00e0s 16h<\/li>\n<\/ul>\n\n\n\n<p><strong>Telefone:<\/strong> (61) 99558-2842<br><strong>Instagram:<\/strong> <a href=\"https:\/\/www.instagram.com\/hortabsb\">@hortabsb<\/a><\/p>\n\n\n\n<p><strong>N\u00e3o perca o Horta Jazz e celebre o inverno com uma noite de pizza, vinho e jazz!<\/strong><\/p>\n","protected":false},"excerpt":{"rendered":"<p>Foto\/divulga\u00e7\u00e3o O inverno em Bras\u00edlia est\u00e1 mais acolhedor com a chegada do Horta Jazz, o festival de inverno promovido pelo Horta Cozinha Criativa. No dia 26 de julho, das 19h \u00e0s 22h, o restaurante localizado na CLS 202 Sul vai oferecer uma noite especial repleta de novas pizzas na parrilla e uma atmosfera jazz\u00edstica envolvente. [&hellip;]<\/p>\n","protected":false},"author":1441,"featured_media":6240,"comment_status":"open","ping_status":"open","sticky":false,"template":"","format":"standard","meta":{"_monsterinsights_skip_tracking":false,"_monsterinsights_sitenote_active":false,"_monsterinsights_sitenote_note":"","_monsterinsights_sitenote_category":0,"footnotes":""},"categories":[17,34,37,43],"tags":[423,2047,1780,2048],"class_list":["post-6239","post","type-post","status-publish","format-standard","has-post-thumbnail","hentry","category-bsb","category-destaque","category-drinks-foods","category-releases","tag-cidadecultpordentro-2","tag-festivaldeinverno","tag-hortacozinhacriativa","tag-pizzaevinhoavontade"],"_links":{"self":[{"href":"https:\/\/cidadecult.com.br\/index.php?rest_route=\/wp\/v2\/posts\/6239","targetHints":{"allow":["GET"]}}],"collection":[{"href":"https:\/\/cidadecult.com.br\/index.php?rest_route=\/wp\/v2\/posts"}],"about":[{"href":"https:\/\/cidadecult.com.br\/index.php?rest_route=\/wp\/v2\/types\/post"}],"author":[{"embeddable":true,"href":"https:\/\/cidadecult.com.br\/index.php?rest_route=\/wp\/v2\/users\/1441"}],"replies":[{"embeddable":true,"href":"https:\/\/cidadecult.com.br\/index.php?rest_route=%2Fwp%2Fv2%2Fcomments&post=6239"}],"version-history":[{"count":1,"href":"https:\/\/cidadecult.com.br\/index.php?rest_route=\/wp\/v2\/posts\/6239\/revisions"}],"predecessor-version":[{"id":6241,"href":"https:\/\/cidadecult.com.br\/index.php?rest_route=\/wp\/v2\/posts\/6239\/revisions\/6241"}],"wp:featuredmedia":[{"embeddable":true,"href":"https:\/\/cidadecult.com.br\/index.php?rest_route=\/wp\/v2\/media\/6240"}],"wp:attachment":[{"href":"https:\/\/cidadecult.com.br\/index.php?rest_route=%2Fwp%2Fv2%2Fmedia&parent=6239"}],"wp:term":[{"taxonomy":"category","embeddable":true,"href":"https:\/\/cidadecult.com.br\/index.php?rest_route=%2Fwp%2Fv2%2Fcategories&post=6239"},{"taxonomy":"post_tag","embeddable":true,"href":"https:\/\/cidadecult.com.br\/index.php?rest_route=%2Fwp%2Fv2%2Ftags&post=6239"}],"curies":[{"name":"wp","href":"https:\/\/api.w.org\/{rel}","templated":true}]}}