{"id":6236,"date":"2024-07-24T12:27:06","date_gmt":"2024-07-24T15:27:06","guid":{"rendered":"https:\/\/cidadecult.com.br\/?p=6236"},"modified":"2024-07-24T12:27:08","modified_gmt":"2024-07-24T15:27:08","slug":"descubra-o-anexo-bz-o-novo-polo-de-entretenimento-de-brasilia","status":"publish","type":"post","link":"https:\/\/cidadecult.com.br\/?p=6236","title":{"rendered":"Descubra o ANEXO BZ: O novo polo de entretenimento de Bras\u00edlia"},"content":{"rendered":"\n<p><em>Foto\/divulga\u00e7\u00e3o<\/em><\/p>\n\n\n\n<p>Prepare-se para a grande <strong>estreia<\/strong> do<strong> ANEXO BZ<\/strong>, o novo espa\u00e7o que promete transformar a vida noturna de Bras\u00edlia!<strong> Nesta sexta-feira, 26 de julho<\/strong>, o ANEXO BZ abre suas portas com uma inaugura\u00e7\u00e3o que vai marcar o in\u00edcio de uma<strong> nova era de divers\u00e3o <\/strong>na cidade.<\/p>\n\n\n\n<p>Com uma \u00e1rea de mais de 500 m\u00b2, o ANEXO BZ \u00e9 muito mais do que um simples clube; \u00e9 um verdadeiro templo do entretenimento. <strong>Localizado no Setor de Abastecimento e Armazenamento Norte<\/strong> (SAAN), o local oferece uma infraestrutura impressionante, incluindo um estacionamento amplo e seguro, uma decora\u00e7\u00e3o vibrante inspirada na Urban Art, e diversos ambientes instagram\u00e1veis.<\/p>\n\n\n\n<p><strong>Data:<\/strong> 26 de julho de 2024<br><strong>Hor\u00e1rio:<\/strong> A partir das 21h<br><strong>Local:<\/strong> Anexo BZ &#8211; Saa Q 2 &#8211; SAAN, Bras\u00edlia &#8211; DF<br><strong>Classifica\u00e7\u00e3o:<\/strong> 18 anos<br><strong>Ingressos:<\/strong> Dispon\u00edveis no Sympla<\/p>\n\n\n\n<p>A festa de inaugura\u00e7\u00e3o contar\u00e1 com a presen\u00e7a de artistas renomados. O aclamado DJ Chicco Aquino, com uma carreira de mais de 25 anos, promete um set inesquec\u00edvel. A cantora Lia Almeida, com sua energia contagiante e talento inquestion\u00e1vel, vai agitar a noite com seus sucessos e m\u00fasicas autorais. E para encerrar com chave de ouro, o grupo Gemmius levar\u00e1 a pista \u00e0 loucura com sua eletr\u00f4nica de primeira linha.<\/p>\n\n\n\n<p><strong>A festa continua no s\u00e1bado!<\/strong><\/p>\n\n\n\n<p>No s\u00e1bado, 27 de julho, o ANEXO BZ mant\u00e9m a anima\u00e7\u00e3o com o Pagode de Boas-Vindas. O grupo \u00danico Desejo vai fazer voc\u00ea se mexer com os cl\u00e1ssicos do pagode, enquanto a DJ Aline Ribeiro traz um set especial de m\u00fasica eletr\u00f4nica, incluindo os maiores hits da house music e outros sucessos internacionais.<\/p>\n\n\n\n<p><strong>N\u00e3o fique de fora dessa! Venha viver a nova experi\u00eancia noturna de Bras\u00edlia.<\/strong><\/p>\n\n\n\n<p><strong>Servi\u00e7o:<\/strong><\/p>\n\n\n\n<p><strong>INAUGURA\u00c7\u00c3O &#8211; ANEXO BZ<\/strong><br>Data: 26\/07<br>Hor\u00e1rio: A partir das 21 horas<br>Local: Anexo BZ &#8211; Saa Q 2 &#8211; SAAN, Bras\u00edlia &#8211; DF<br>Classifica\u00e7\u00e3o: 18 anos<br>Ingressos: <a href=\"https:\/\/www.sympla.com.br\">Sympla<\/a><br>Redes sociais: <a href=\"https:\/\/www.instagram.com\/anexobz\">@anexobz<\/a><br>Artistas convidados: <a href=\"https:\/\/www.instagram.com\/chiccoaquino\">@chiccoaquino<\/a> | <a href=\"https:\/\/www.instagram.com\/Liaalmeida\">@Liaalmeida<\/a> | <a href=\"https:\/\/www.instagram.com\/osgemmius\">@osgemmius<\/a><\/p>\n\n\n\n<p><strong>PAGODE DE BOAS-VINDAS ANEXO BZ<\/strong><br>Data: 27\/07<br>Hor\u00e1rio: 21 horas<br>Local: Anexo BZ &#8211; Saa Q 2 &#8211; SAAN, Bras\u00edlia &#8211; DF<br>Classifica\u00e7\u00e3o: 18 anos<br>Ingressos: <a href=\"https:\/\/www.sympla.com.br\">Sympla<\/a><br>Redes sociais: <a href=\"https:\/\/www.instagram.com\/anexobz\">@anexobz<\/a><br>Artistas convidados: <a href=\"https:\/\/www.instagram.com\/unicodesejo.samba\">@unicodesejo.samba<\/a> | <a href=\"https:\/\/www.instagram.com\/djalineribeiro\">@djalineribeiro<\/a><\/p>\n\n\n\n<p><\/p>\n","protected":false},"excerpt":{"rendered":"<p>Foto\/divulga\u00e7\u00e3o Prepare-se para a grande estreia do ANEXO BZ, o novo espa\u00e7o que promete transformar a vida noturna de Bras\u00edlia! Nesta sexta-feira, 26 de julho, o ANEXO BZ abre suas portas com uma inaugura\u00e7\u00e3o que vai marcar o in\u00edcio de uma nova era de divers\u00e3o na cidade. Com uma \u00e1rea de mais de 500 m\u00b2, [&hellip;]<\/p>\n","protected":false},"author":1441,"featured_media":6237,"comment_status":"open","ping_status":"open","sticky":false,"template":"","format":"standard","meta":{"_monsterinsights_skip_tracking":false,"_monsterinsights_sitenote_active":false,"_monsterinsights_sitenote_note":"","_monsterinsights_sitenote_category":0,"footnotes":""},"categories":[17,34,3],"tags":[2043,429,423,2045],"class_list":["post-6236","post","type-post","status-publish","format-standard","has-post-thumbnail","hentry","category-bsb","category-destaque","category-entertainment","tag-anexobz","tag-brasilia-3","tag-cidadecultpordentro-2","tag-urbanart"],"_links":{"self":[{"href":"https:\/\/cidadecult.com.br\/index.php?rest_route=\/wp\/v2\/posts\/6236","targetHints":{"allow":["GET"]}}],"collection":[{"href":"https:\/\/cidadecult.com.br\/index.php?rest_route=\/wp\/v2\/posts"}],"about":[{"href":"https:\/\/cidadecult.com.br\/index.php?rest_route=\/wp\/v2\/types\/post"}],"author":[{"embeddable":true,"href":"https:\/\/cidadecult.com.br\/index.php?rest_route=\/wp\/v2\/users\/1441"}],"replies":[{"embeddable":true,"href":"https:\/\/cidadecult.com.br\/index.php?rest_route=%2Fwp%2Fv2%2Fcomments&post=6236"}],"version-history":[{"count":1,"href":"https:\/\/cidadecult.com.br\/index.php?rest_route=\/wp\/v2\/posts\/6236\/revisions"}],"predecessor-version":[{"id":6238,"href":"https:\/\/cidadecult.com.br\/index.php?rest_route=\/wp\/v2\/posts\/6236\/revisions\/6238"}],"wp:featuredmedia":[{"embeddable":true,"href":"https:\/\/cidadecult.com.br\/index.php?rest_route=\/wp\/v2\/media\/6237"}],"wp:attachment":[{"href":"https:\/\/cidadecult.com.br\/index.php?rest_route=%2Fwp%2Fv2%2Fmedia&parent=6236"}],"wp:term":[{"taxonomy":"category","embeddable":true,"href":"https:\/\/cidadecult.com.br\/index.php?rest_route=%2Fwp%2Fv2%2Fcategories&post=6236"},{"taxonomy":"post_tag","embeddable":true,"href":"https:\/\/cidadecult.com.br\/index.php?rest_route=%2Fwp%2Fv2%2Ftags&post=6236"}],"curies":[{"name":"wp","href":"https:\/\/api.w.org\/{rel}","templated":true}]}}