{"id":6229,"date":"2024-07-24T11:43:34","date_gmt":"2024-07-24T14:43:34","guid":{"rendered":"https:\/\/cidadecult.com.br\/?p=6229"},"modified":"2024-07-24T11:47:44","modified_gmt":"2024-07-24T14:47:44","slug":"escola-canadense-em-brasilia-ultimos-dias-para-garantir-a-sua-vaga-em-2025","status":"publish","type":"post","link":"https:\/\/cidadecult.com.br\/?p=6229","title":{"rendered":"Escola Canadense em Bras\u00edlia: \u00faltimos dias para garantir a sua vaga em 2025 !"},"content":{"rendered":"\n<p><em>Foto: Jo\u00e3o Macedo <\/em><\/p>\n\n\n\n<p><strong>A Escola Canadense de Bras\u00edlia (ECB)<\/strong> est\u00e1 com<strong> inscri\u00e7\u00f5es abertas <\/strong>para o<strong> processo seletivo de 2025<\/strong>, mas corra, o prazo est\u00e1 acabando! Os interessados t\u00eam at\u00e9 \u00e0s<strong> 23h59 de amanh\u00e3 (25 de julho) para se inscrever de forma gratuita,<\/strong> atrav\u00e9s do<a href=\"https:\/\/linktr.ee\/escolacanadensebrasilia\"> site oficial <\/a>ou das <a href=\"https:\/\/l.instagram.com\/?u=https%3A%2F%2Flinktr.ee%2Fescolacanadensebrasilia&amp;e=AT30-LyB0_RdVezKmaoQqJPTdE8IG0rNOhX5MYxqsn4i2odvvnFbfr_phWafmbxEu3v80TdGVVE8owRP__ynE-UWIa9Lf7To5MHMog\">redes sociais da escola<\/a>. A <strong>prova de admiss\u00e3o ocorrer\u00e1 no dia 27 de julho<\/strong>, nas unidades localizadas no <strong>Sudoeste<\/strong> e em <strong>\u00c1guas Claras<\/strong>.<\/p>\n\n\n\n<p><strong>Quem pode se inscrever?<\/strong><br>Podem participar candidatos que estar\u00e3o cursando a <strong>partir do 3\u00ba ano do Ensino Fundamental em 2025<\/strong>. O exame abranger\u00e1 quest\u00f5es de<strong> Matem\u00e1tica, L\u00edngua Portuguesa<\/strong> e <strong>L\u00edngua Inglesa.<\/strong><\/p>\n\n\n\n<p><strong>Por que escolher a Escola Canadense de Bras\u00edlia?<\/strong><br>A ECB oferece um<strong> ambiente bil\u00edngue <\/strong>e uma metodologia de<strong> ensino internacional <\/strong>que prepara os alunos para um<strong> futuro globalizado e diversificado.<\/strong> A educa\u00e7\u00e3o bil\u00edngue da escola \u00e9 projetada para promover um desempenho acad\u00eamico superior e ampliar as oportunidades de carreira dos alunos.<\/p>\n\n\n\n<p>Para informa\u00e7\u00f5es detalhadas sobre o regulamento do processo seletivo e o conte\u00fado das provas, acesse o <a href=\"https:\/\/linktr.ee\/escolacanadensebrasilia\">site da escola.<\/a><\/p>\n\n\n\n<p><strong>Unidades da escola canadense de Bras\u00edlia:<\/strong><\/p>\n\n\n\n<ul class=\"wp-block-list\">\n<li><strong>Unidade SIG<\/strong><br>SIG Quadra 8, Lote 2225, Parte F \u2022 Bras\u00edlia \u2013 DF<br>Celular \/ WhatsApp: +55 (61) 9276-4957<\/li>\n\n\n\n<li><strong>Unidade \u00c1guas Claras<\/strong><br>QS 05 Av. Areal, Lote 04 \u2022 \u00c1guas Claras \u2013 DF<br>Celular \/ WhatsApp: +55 (61) 9276-4957<\/li>\n<\/ul>\n\n\n\n<p><strong>N\u00e3o perca a oportunidade de fazer parte desta institui\u00e7\u00e3o de excel\u00eancia!<\/strong><\/p>\n","protected":false},"excerpt":{"rendered":"<p>Foto: Jo\u00e3o Macedo A Escola Canadense de Bras\u00edlia (ECB) est\u00e1 com inscri\u00e7\u00f5es abertas para o processo seletivo de 2025, mas corra, o prazo est\u00e1 acabando! Os interessados t\u00eam at\u00e9 \u00e0s 23h59 de amanh\u00e3 (25 de julho) para se inscrever de forma gratuita, atrav\u00e9s do site oficial ou das redes sociais da escola. A prova de [&hellip;]<\/p>\n","protected":false},"author":1441,"featured_media":6230,"comment_status":"open","ping_status":"open","sticky":false,"template":"","format":"standard","meta":{"_monsterinsights_skip_tracking":false,"_monsterinsights_sitenote_active":false,"_monsterinsights_sitenote_note":"","_monsterinsights_sitenote_category":0,"footnotes":""},"categories":[17,34,290,43],"tags":[1198,2036,2030,2038,2032,2033,2035],"class_list":["post-6229","post","type-post","status-publish","format-standard","has-post-thumbnail","hentry","category-bsb","category-destaque","category-educacao","category-releases","tag-aguasclaras","tag-basiliadf","tag-ecb","tag-ensinointernacional","tag-inscricoesabertas-2","tag-processoseletivo25","tag-sudoeste"],"_links":{"self":[{"href":"https:\/\/cidadecult.com.br\/index.php?rest_route=\/wp\/v2\/posts\/6229","targetHints":{"allow":["GET"]}}],"collection":[{"href":"https:\/\/cidadecult.com.br\/index.php?rest_route=\/wp\/v2\/posts"}],"about":[{"href":"https:\/\/cidadecult.com.br\/index.php?rest_route=\/wp\/v2\/types\/post"}],"author":[{"embeddable":true,"href":"https:\/\/cidadecult.com.br\/index.php?rest_route=\/wp\/v2\/users\/1441"}],"replies":[{"embeddable":true,"href":"https:\/\/cidadecult.com.br\/index.php?rest_route=%2Fwp%2Fv2%2Fcomments&post=6229"}],"version-history":[{"count":1,"href":"https:\/\/cidadecult.com.br\/index.php?rest_route=\/wp\/v2\/posts\/6229\/revisions"}],"predecessor-version":[{"id":6231,"href":"https:\/\/cidadecult.com.br\/index.php?rest_route=\/wp\/v2\/posts\/6229\/revisions\/6231"}],"wp:featuredmedia":[{"embeddable":true,"href":"https:\/\/cidadecult.com.br\/index.php?rest_route=\/wp\/v2\/media\/6230"}],"wp:attachment":[{"href":"https:\/\/cidadecult.com.br\/index.php?rest_route=%2Fwp%2Fv2%2Fmedia&parent=6229"}],"wp:term":[{"taxonomy":"category","embeddable":true,"href":"https:\/\/cidadecult.com.br\/index.php?rest_route=%2Fwp%2Fv2%2Fcategories&post=6229"},{"taxonomy":"post_tag","embeddable":true,"href":"https:\/\/cidadecult.com.br\/index.php?rest_route=%2Fwp%2Fv2%2Ftags&post=6229"}],"curies":[{"name":"wp","href":"https:\/\/api.w.org\/{rel}","templated":true}]}}