{"id":6048,"date":"2024-07-18T11:28:25","date_gmt":"2024-07-18T14:28:25","guid":{"rendered":"https:\/\/cidadecult.com.br\/?p=6048"},"modified":"2024-07-18T11:28:28","modified_gmt":"2024-07-18T14:28:28","slug":"projeto-faces-do-piano-brasileiro-estreia-no-dia-5-de-agosto","status":"publish","type":"post","link":"https:\/\/cidadecult.com.br\/?p=6048","title":{"rendered":"Projeto &#8220;Faces do Piano Brasileiro&#8221; estreia no dia 5 de agosto"},"content":{"rendered":"\n<p>Os pianistas Pablo Marquine e Diogo Monzo apresentar\u00e3o um tributo a Claudio Santoro, Ant\u00f4nio C\u00e9sar Guerra-Peixe, Luiz E\u00e7a e Hermeto Pascoal<\/p>\n\n\n\n<hr class=\"wp-block-separator has-alpha-channel-opacity\"\/>\n\n\n\n<p>O projeto &#8220;Faces do Piano Brasileiro&#8221; ter\u00e1 sua estreia no dia 5 de agosto na Escola MiFaSol-L\u00e1 (503 Sul), com os talentosos pianistas Pablo Marquine e Diogo Monzo. Este evento gratuito, que se estender\u00e1 at\u00e9 o final de agosto, incluir\u00e1 concertos e recitais-palestras em diversos locais, como a Escola Classe Comunidade de Aprendizagem do Parano\u00e1 (Q. 3), o Teatro de Sobradinho (\u00c1rea Especial 12), a Casa Thomas Jefferson (706 Sul) e o Centro de Ensino Especial de Deficientes Visuais (612 Sul). A programa\u00e7\u00e3o \u00e9 acess\u00edvel e tem classifica\u00e7\u00e3o indicativa livre.<\/p>\n\n\n\n<figure class=\"wp-block-image size-large\"><img loading=\"lazy\" decoding=\"async\" width=\"1024\" height=\"683\" src=\"https:\/\/cidadecult.com.br\/wp-content\/uploads\/2024\/07\/Faces-do-Piano-Creditos-ARES-SOARES-1-1024x683.jpg\" alt=\"\" class=\"wp-image-6050\" srcset=\"https:\/\/cidadecult.com.br\/wp-content\/uploads\/2024\/07\/Faces-do-Piano-Creditos-ARES-SOARES-1-1024x683.jpg 1024w, https:\/\/cidadecult.com.br\/wp-content\/uploads\/2024\/07\/Faces-do-Piano-Creditos-ARES-SOARES-1-300x200.jpg 300w, https:\/\/cidadecult.com.br\/wp-content\/uploads\/2024\/07\/Faces-do-Piano-Creditos-ARES-SOARES-1-768x512.jpg 768w, https:\/\/cidadecult.com.br\/wp-content\/uploads\/2024\/07\/Faces-do-Piano-Creditos-ARES-SOARES-1-1536x1024.jpg 1536w, https:\/\/cidadecult.com.br\/wp-content\/uploads\/2024\/07\/Faces-do-Piano-Creditos-ARES-SOARES-1-2048x1365.jpg 2048w, https:\/\/cidadecult.com.br\/wp-content\/uploads\/2024\/07\/Faces-do-Piano-Creditos-ARES-SOARES-1-750x500.jpg 750w, https:\/\/cidadecult.com.br\/wp-content\/uploads\/2024\/07\/Faces-do-Piano-Creditos-ARES-SOARES-1-1140x760.jpg 1140w\" sizes=\"auto, (max-width: 1024px) 100vw, 1024px\" \/><figcaption class=\"wp-element-caption\">Cr\u00e9dito: Ares Soares<\/figcaption><\/figure>\n\n\n\n<h3 class=\"wp-block-heading\">Uma homenagem \u00e0 m\u00fasica brasileira<\/h3>\n\n\n\n<p>O projeto nasceu das pesquisas de mestrado de Pablo e Diogo e busca mostrar que as fronteiras entre a m\u00fasica popular e erudita brasileira s\u00e3o, na verdade, apenas conceituais. Por isso, escolheram obras de renomados compositores como Claudio Santoro, Ant\u00f4nio C\u00e9sar Guerra-Peixe, Luiz E\u00e7a e Hermeto Pascoal. As apresenta\u00e7\u00f5es ser\u00e3o em formato de concerto duplo de piano solo, com Pablo interpretando obras de Santoro e Guerra-Peixe, e Diogo tocando temas de E\u00e7a e Pascoal. Al\u00e9m dos concertos, haver\u00e1 recitais-palestras explorando a rela\u00e7\u00e3o hist\u00f3rica e est\u00e9tica das obras, promovendo a aprecia\u00e7\u00e3o musical e a forma\u00e7\u00e3o de plateia.<\/p>\n\n\n\n<h3 class=\"wp-block-heading\">Acessibilidade e inclus\u00e3o<\/h3>\n\n\n\n<p>Uma das sess\u00f5es acontecer\u00e1 no Centro de Ensino Especial de Deficientes Visuais (CEEDV), na 612 Sul, com o objetivo de democratizar o acesso \u00e0 m\u00fasica brasileira. &#8220;N\u00e3o ser\u00e1 a minha primeira apresenta\u00e7\u00e3o no CEEDV. As intera\u00e7\u00f5es positivas e enriquecedoras com os alunos levaram a repetir a experi\u00eancia&#8221;, comenta Pablo. Esta edi\u00e7\u00e3o contar\u00e1 com um mediador lingu\u00edstico portugu\u00eas-LIBRAS, audiodescri\u00e7\u00e3o, v\u00eddeos legendados e informa\u00e7\u00f5es detalhadas de acessibilidade, refletindo o compromisso do projeto com a diversidade cultural.<\/p>\n\n\n\n<h3 class=\"wp-block-heading\">Sobre os pianistas<\/h3>\n\n\n\n<p><strong>Pablo Marquine<\/strong> \u00e9 doutor em Musicologia pela University of Florida e pianista solista e concertista de renome internacional. Ele recentemente gravou a obra completa para piano solo de Claudio Santoro e lan\u00e7ou o \u00e1lbum &#8220;Can\u00e7\u00f5es de Amor&#8221; de Claudio e Vinicius de Moraes, com a cantora Sheila Negro.<\/p>\n\n\n\n<p><strong>Diogo Monzo<\/strong> \u00e9 doutor em M\u00fasica pela Universidade Federal do Estado do Rio de Janeiro e fez sua estreia nos EUA em 2016, no Tribeca Performing Arts Center, em Nova York, ao lado de grandes nomes do jazz como Rufus Reid, Tommy Campbell, Philip Harper e Bobby Sanabria.<\/p>\n\n\n\n<h3 class=\"wp-block-heading\">Programa\u00e7\u00e3o<\/h3>\n\n\n\n<p><strong>Dia 05 de agosto, segunda-feira, na Escola MiFaSol-L\u00e1 (503 Sul, Bl. C, Lj. 49\/50)<\/strong><\/p>\n\n\n\n<ul class=\"wp-block-list\">\n<li>Recital-Palestra: \u00e0s 19h<\/li>\n\n\n\n<li>Concerto: \u00e0s 20h<\/li>\n<\/ul>\n\n\n\n<p><strong>Dia 07 de agosto, quarta-feira, na Escola Classe Comunidade de Aprendizagem do Parano\u00e1 (Q. 3, Cj. A, Lt. 8\/10)<\/strong><\/p>\n\n\n\n<ul class=\"wp-block-list\">\n<li>Oficina de m\u00fasica para crian\u00e7as: \u00e0s 10h e \u00e0s 11h<\/li>\n\n\n\n<li>Recital-Palestra: \u00e0s 14h<\/li>\n\n\n\n<li>Concerto: \u00e0s 16h<\/li>\n<\/ul>\n\n\n\n<p><strong>Dia 08 de agosto, quinta-feira, no Teatro de Sobradinho (\u00c1rea Especial 12)<\/strong><\/p>\n\n\n\n<ul class=\"wp-block-list\">\n<li>Concertos did\u00e1ticos: \u00e0s 9h30 e \u00e0s 11h<\/li>\n\n\n\n<li>Recital-Palestra: \u00e0s 14h30<\/li>\n\n\n\n<li>Concerto: \u00e0s 19h<\/li>\n<\/ul>\n\n\n\n<p><strong>Dia 19 de agosto, segunda-feira, na Casa Thomas Jefferson (706 Sul)<\/strong><\/p>\n\n\n\n<ul class=\"wp-block-list\">\n<li>Recital-Palestra: \u00e0s 15h<\/li>\n\n\n\n<li>Concerto: \u00e0s 18h<\/li>\n<\/ul>\n\n\n\n<p><strong>Dia 20 de agosto, ter\u00e7a-feira, no Centro de Ensino de Deficientes Visuais (612 Sul)<\/strong><\/p>\n\n\n\n<ul class=\"wp-block-list\">\n<li>Recital-Palestra: \u00e0s 11h<\/li>\n\n\n\n<li>Concerto: \u00e0s 14h<\/li>\n<\/ul>\n\n\n\n<p>Toda a programa\u00e7\u00e3o \u00e9 gratuita e tem classifica\u00e7\u00e3o indicativa livre.<\/p>\n\n\n\n<p><strong>Informa\u00e7\u00f5es<\/strong>: <a>facesdopianobrasileiro@gmail.com<\/a><br><strong>Redes sociais<\/strong>: @facesdopianobrasileiro<\/p>\n","protected":false},"excerpt":{"rendered":"<p>Os pianistas Pablo Marquine e Diogo Monzo apresentar\u00e3o um tributo a Claudio Santoro, Ant\u00f4nio C\u00e9sar Guerra-Peixe, Luiz E\u00e7a e Hermeto Pascoal O projeto &#8220;Faces do Piano Brasileiro&#8221; ter\u00e1 sua estreia no dia 5 de agosto na Escola MiFaSol-L\u00e1 (503 Sul), com os talentosos pianistas Pablo Marquine e Diogo Monzo. Este evento gratuito, que se estender\u00e1 [&hellip;]<\/p>\n","protected":false},"author":777,"featured_media":6049,"comment_status":"open","ping_status":"open","sticky":false,"template":"","format":"standard","meta":{"_monsterinsights_skip_tracking":false,"_monsterinsights_sitenote_active":false,"_monsterinsights_sitenote_note":"","_monsterinsights_sitenote_category":0,"footnotes":""},"categories":[41,6],"tags":[],"class_list":["post-6048","post","type-post","status-publish","format-standard","has-post-thumbnail","hentry","category-agenda","category-music"],"_links":{"self":[{"href":"https:\/\/cidadecult.com.br\/index.php?rest_route=\/wp\/v2\/posts\/6048","targetHints":{"allow":["GET"]}}],"collection":[{"href":"https:\/\/cidadecult.com.br\/index.php?rest_route=\/wp\/v2\/posts"}],"about":[{"href":"https:\/\/cidadecult.com.br\/index.php?rest_route=\/wp\/v2\/types\/post"}],"author":[{"embeddable":true,"href":"https:\/\/cidadecult.com.br\/index.php?rest_route=\/wp\/v2\/users\/777"}],"replies":[{"embeddable":true,"href":"https:\/\/cidadecult.com.br\/index.php?rest_route=%2Fwp%2Fv2%2Fcomments&post=6048"}],"version-history":[{"count":2,"href":"https:\/\/cidadecult.com.br\/index.php?rest_route=\/wp\/v2\/posts\/6048\/revisions"}],"predecessor-version":[{"id":6052,"href":"https:\/\/cidadecult.com.br\/index.php?rest_route=\/wp\/v2\/posts\/6048\/revisions\/6052"}],"wp:featuredmedia":[{"embeddable":true,"href":"https:\/\/cidadecult.com.br\/index.php?rest_route=\/wp\/v2\/media\/6049"}],"wp:attachment":[{"href":"https:\/\/cidadecult.com.br\/index.php?rest_route=%2Fwp%2Fv2%2Fmedia&parent=6048"}],"wp:term":[{"taxonomy":"category","embeddable":true,"href":"https:\/\/cidadecult.com.br\/index.php?rest_route=%2Fwp%2Fv2%2Fcategories&post=6048"},{"taxonomy":"post_tag","embeddable":true,"href":"https:\/\/cidadecult.com.br\/index.php?rest_route=%2Fwp%2Fv2%2Ftags&post=6048"}],"curies":[{"name":"wp","href":"https:\/\/api.w.org\/{rel}","templated":true}]}}