{"id":6037,"date":"2024-07-18T11:20:10","date_gmt":"2024-07-18T14:20:10","guid":{"rendered":"https:\/\/cidadecult.com.br\/?p=6037"},"modified":"2024-07-18T11:20:12","modified_gmt":"2024-07-18T14:20:12","slug":"projeto-aguas-de-oxala-promove-exaltacao-de-tradicao-cultural-centenaria-de-matriz-africana","status":"publish","type":"post","link":"https:\/\/cidadecult.com.br\/?p=6037","title":{"rendered":"Projeto \u201c\u00c1guas de Oxal\u00e1\u201d promove exalta\u00e7\u00e3o de tradi\u00e7\u00e3o cultural centen\u00e1ria de matriz africana"},"content":{"rendered":"\n<h3 class=\"wp-block-heading\"><\/h3>\n\n\n\n<p><strong>Oficinas e celebra\u00e7\u00f5es como o Ritual da Lavagem, abertos \u00e0 comunidade, atuam no combate \u00e0 intoler\u00e2ncia religiosa e cultural<\/strong><\/p>\n\n\n\n<p>O Projeto \u00c1guas de Oxal\u00e1 realizou recentemente o primeiro Ritual de Lavagem no Complexo Cultural de Samambaia, marcando a conclus\u00e3o do primeiro ciclo de oficinas. Conduzido por M\u00e3e Francys Baiana do Acaraj\u00e9, tamb\u00e9m conhecida como Don\u00e9 Francys de Oy\u00e1, o projeto promove um cortejo de f\u00e9, uni\u00e3o e devo\u00e7\u00e3o a santos cat\u00f3licos e orix\u00e1s do candombl\u00e9. Os participantes, vestidos de branco, junto com capoeiristas, simbolizam o encontro das \u00e1guas, \u201clavando\u201d o local com \u00e1gua de cheiro ao som de atabaques e c\u00e2nticos afro-religiosos, culminando em uma celebra\u00e7\u00e3o ecum\u00eanica com m\u00fasica e festival de acaraj\u00e9.<\/p>\n\n\n\n<figure class=\"wp-block-image size-large\"><img loading=\"lazy\" decoding=\"async\" width=\"1024\" height=\"683\" src=\"https:\/\/cidadecult.com.br\/wp-content\/uploads\/2024\/07\/Projeto-Aguas-de-Oxala-1024x683.jpeg\" alt=\"\" class=\"wp-image-6039\" srcset=\"https:\/\/cidadecult.com.br\/wp-content\/uploads\/2024\/07\/Projeto-Aguas-de-Oxala-1024x683.jpeg 1024w, https:\/\/cidadecult.com.br\/wp-content\/uploads\/2024\/07\/Projeto-Aguas-de-Oxala-300x200.jpeg 300w, https:\/\/cidadecult.com.br\/wp-content\/uploads\/2024\/07\/Projeto-Aguas-de-Oxala-768x512.jpeg 768w, https:\/\/cidadecult.com.br\/wp-content\/uploads\/2024\/07\/Projeto-Aguas-de-Oxala-750x500.jpeg 750w, https:\/\/cidadecult.com.br\/wp-content\/uploads\/2024\/07\/Projeto-Aguas-de-Oxala-1140x760.jpeg 1140w, https:\/\/cidadecult.com.br\/wp-content\/uploads\/2024\/07\/Projeto-Aguas-de-Oxala.jpeg 1188w\" sizes=\"auto, (max-width: 1024px) 100vw, 1024px\" \/><\/figure>\n\n\n\n<p>Esta tradi\u00e7\u00e3o, difundida por M\u00e3e Francys h\u00e1 cerca de tr\u00eas anos no Distrito Federal, seguir\u00e1 para a GRES \u00c1guia Imperial, em Ceil\u00e2ndia, o Instituto AMPB Rancho, no Sol Nascente, e a Kwe Oya Sogy &#8211; Associa\u00e7\u00e3o Papo de M\u00e3e, em Samambaia.<\/p>\n\n\n\n<p><strong>Programa\u00e7\u00e3o e atividades<\/strong><\/p>\n\n\n\n<p>Ao longo da semana, os alunos participaram de encontros sobre a hist\u00f3ria das Lavagens Ritual\u00edsticas de matriz africana, t\u00e9cnicas de percuss\u00e3o, culin\u00e1ria dos rituais e confec\u00e7\u00e3o de vestimentas. At\u00e9 o in\u00edcio de agosto, ser\u00e3o realizados outros tr\u00eas ciclos de oficinas.<\/p>\n\n\n\n<p>O sincretismo religioso e a tradi\u00e7\u00e3o cultural centen\u00e1ria s\u00e3o pilares do projeto \u00c1guas de Oxal\u00e1. Celebrando uma manifesta\u00e7\u00e3o cultural e religiosa nascida na Bahia, o projeto visa preservar valores formadores da identidade nacional e combater o racismo e a intoler\u00e2ncia religiosa, promovendo a paz e o congra\u00e7amento representados pelas lavagens.<\/p>\n\n\n\n<p>O projeto \u00e9 realizado com recursos do Fundo de Apoio \u00e0 Cultura do Distrito Federal, atrav\u00e9s da Secretaria de Estado de Cultura e Economia Criativa do Distrito Federal, e conta com o apoio da Ger\u00eancia do Complexo Cultural de Samambaia.<\/p>\n\n\n\n<p><strong>Origem das cerim\u00f4nias de lavagem<\/strong><\/p>\n\n\n\n<p>As cerim\u00f4nias de lavagem surgiram como rituais de purifica\u00e7\u00e3o e renova\u00e7\u00e3o nas religi\u00f5es afrodescendentes. For\u00e7ados a abandonar suas cren\u00e7as, os povos escravizados adaptaram sua f\u00e9 no Brasil, resultando em um sincretismo religioso com devo\u00e7\u00e3o a santos cat\u00f3licos. A lavagem \u00e9 um ritual de limpeza espiritual e honra aos orix\u00e1s, usando \u00e1gua e ervas preparadas por sacerdotes.<\/p>\n\n\n\n<p><strong>Sobre M\u00e3e Francys Baiana do Acaraj\u00e9<\/strong><\/p>\n\n\n\n<p>M\u00e3e Francys \u00e9 uma figura reconhecida no Distrito Federal como representante das express\u00f5es afrodescendentes. L\u00edder da Associa\u00e7\u00e3o Papo de M\u00e3e &#8211; Kwe Oy\u00e1 Sogy, atua na religiosidade h\u00e1 16 anos. O Candombl\u00e9, religi\u00e3o afro-brasileira, tem v\u00e1rias tradi\u00e7\u00f5es e rituais de lavagem que mant\u00eam a pureza espiritual e honram os orix\u00e1s.<\/p>\n\n\n\n<p><strong>Gloss\u00e1rio:<\/strong><\/p>\n\n\n\n<ul class=\"wp-block-list\">\n<li><strong>Orix\u00e1:<\/strong> Divindades de povos africanos associadas a for\u00e7as da natureza e energias divinas.<\/li>\n\n\n\n<li><strong>Oxum:<\/strong> Orix\u00e1 das \u00e1guas calmas, ligada \u00e0s emo\u00e7\u00f5es, representando feminilidade e sensibilidade.<\/li>\n\n\n\n<li><strong>Oxal\u00e1:<\/strong> Maior e mais respeitado dos orix\u00e1s, associado \u00e0 cria\u00e7\u00e3o do mundo e da humanidade.<\/li>\n\n\n\n<li><strong>Iemanj\u00e1:<\/strong> M\u00e3e dos orix\u00e1s e rainha das \u00e1guas.<\/li>\n<\/ul>\n\n\n\n<figure class=\"wp-block-image size-large\"><img loading=\"lazy\" decoding=\"async\" width=\"1024\" height=\"682\" src=\"https:\/\/cidadecult.com.br\/wp-content\/uploads\/2024\/07\/Oficina-projeto-Aguas-de-Oxala-3.-cred-Ogan-Luiz-1024x682.jpeg\" alt=\"\" class=\"wp-image-6041\" srcset=\"https:\/\/cidadecult.com.br\/wp-content\/uploads\/2024\/07\/Oficina-projeto-Aguas-de-Oxala-3.-cred-Ogan-Luiz-1024x682.jpeg 1024w, https:\/\/cidadecult.com.br\/wp-content\/uploads\/2024\/07\/Oficina-projeto-Aguas-de-Oxala-3.-cred-Ogan-Luiz-300x200.jpeg 300w, https:\/\/cidadecult.com.br\/wp-content\/uploads\/2024\/07\/Oficina-projeto-Aguas-de-Oxala-3.-cred-Ogan-Luiz-768x512.jpeg 768w, https:\/\/cidadecult.com.br\/wp-content\/uploads\/2024\/07\/Oficina-projeto-Aguas-de-Oxala-3.-cred-Ogan-Luiz-750x500.jpeg 750w, https:\/\/cidadecult.com.br\/wp-content\/uploads\/2024\/07\/Oficina-projeto-Aguas-de-Oxala-3.-cred-Ogan-Luiz-1140x760.jpeg 1140w, https:\/\/cidadecult.com.br\/wp-content\/uploads\/2024\/07\/Oficina-projeto-Aguas-de-Oxala-3.-cred-Ogan-Luiz.jpeg 1280w\" sizes=\"auto, (max-width: 1024px) 100vw, 1024px\" \/><\/figure>\n\n\n\n<p><strong>Cronograma das oficinas \u00c1guas de Oxal\u00e1<\/strong><\/p>\n\n\n\n<p><strong>Oficina 1 (j\u00e1 realizada)<\/strong><\/p>\n\n\n\n<ul class=\"wp-block-list\">\n<li><strong>Local:<\/strong> Complexo Cultural de Samambaia<\/li>\n\n\n\n<li><strong>Data:<\/strong> 08 a 12\/07<\/li>\n\n\n\n<li><strong>Hor\u00e1rio:<\/strong> 14h \u00e0s 18h<\/li>\n\n\n\n<li><strong>Ritual de Lavagem:<\/strong> 13\/07, \u00e0s 17h<\/li>\n<\/ul>\n\n\n\n<p><strong>Oficina 2<\/strong><\/p>\n\n\n\n<ul class=\"wp-block-list\">\n<li><strong>Local:<\/strong> GRES \u00c1guia Imperial<\/li>\n\n\n\n<li><strong>Data:<\/strong> 15 a 19\/07<\/li>\n\n\n\n<li><strong>Hor\u00e1rio:<\/strong> 14h \u00e0s 18h<\/li>\n\n\n\n<li><strong>Ritual de Lavagem:<\/strong> 20\/07, \u00e0s 17h<\/li>\n<\/ul>\n\n\n\n<p><strong>Oficina 3<\/strong><\/p>\n\n\n\n<ul class=\"wp-block-list\">\n<li><strong>Local:<\/strong> Instituto AMPB Rancho, Sol Nascente<\/li>\n\n\n\n<li><strong>Data:<\/strong> 22 a 26\/07<\/li>\n\n\n\n<li><strong>Hor\u00e1rio:<\/strong> 14h \u00e0s 18h<\/li>\n\n\n\n<li><strong>Ritual de Lavagem:<\/strong> 27\/07, \u00e0s 17h<\/li>\n<\/ul>\n\n\n\n<p><strong>Oficina 4<\/strong><\/p>\n\n\n\n<ul class=\"wp-block-list\">\n<li><strong>Local:<\/strong> Kwe Oya Sogy &#8211; Associa\u00e7\u00e3o Papo de M\u00e3e<\/li>\n\n\n\n<li><strong>Data:<\/strong> 22 a 26\/07<\/li>\n\n\n\n<li><strong>Hor\u00e1rio:<\/strong> 14h \u00e0s 18h<\/li>\n\n\n\n<li><strong>Ritual de Lavagem:<\/strong> 27\/07, \u00e0s 17h<\/li>\n<\/ul>\n\n\n\n<figure class=\"wp-block-image size-large\"><img loading=\"lazy\" decoding=\"async\" width=\"1024\" height=\"682\" src=\"https:\/\/cidadecult.com.br\/wp-content\/uploads\/2024\/07\/Mae-Francys-na-conducao-das-oficinas.-cred-Ogan-Luiz-2-1024x682.jpeg\" alt=\"\" class=\"wp-image-6045\" srcset=\"https:\/\/cidadecult.com.br\/wp-content\/uploads\/2024\/07\/Mae-Francys-na-conducao-das-oficinas.-cred-Ogan-Luiz-2-1024x682.jpeg 1024w, https:\/\/cidadecult.com.br\/wp-content\/uploads\/2024\/07\/Mae-Francys-na-conducao-das-oficinas.-cred-Ogan-Luiz-2-300x200.jpeg 300w, https:\/\/cidadecult.com.br\/wp-content\/uploads\/2024\/07\/Mae-Francys-na-conducao-das-oficinas.-cred-Ogan-Luiz-2-768x512.jpeg 768w, https:\/\/cidadecult.com.br\/wp-content\/uploads\/2024\/07\/Mae-Francys-na-conducao-das-oficinas.-cred-Ogan-Luiz-2-750x500.jpeg 750w, https:\/\/cidadecult.com.br\/wp-content\/uploads\/2024\/07\/Mae-Francys-na-conducao-das-oficinas.-cred-Ogan-Luiz-2-1140x760.jpeg 1140w, https:\/\/cidadecult.com.br\/wp-content\/uploads\/2024\/07\/Mae-Francys-na-conducao-das-oficinas.-cred-Ogan-Luiz-2.jpeg 1280w\" sizes=\"auto, (max-width: 1024px) 100vw, 1024px\" \/><\/figure>\n","protected":false},"excerpt":{"rendered":"<p>Oficinas e celebra\u00e7\u00f5es como o Ritual da Lavagem, abertos \u00e0 comunidade, atuam no combate \u00e0 intoler\u00e2ncia religiosa e cultural O Projeto \u00c1guas de Oxal\u00e1 realizou recentemente o primeiro Ritual de Lavagem no Complexo Cultural de Samambaia, marcando a conclus\u00e3o do primeiro ciclo de oficinas. Conduzido por M\u00e3e Francys Baiana do Acaraj\u00e9, tamb\u00e9m conhecida como Don\u00e9 [&hellip;]<\/p>\n","protected":false},"author":777,"featured_media":6038,"comment_status":"open","ping_status":"open","sticky":false,"template":"","format":"standard","meta":{"_monsterinsights_skip_tracking":false,"_monsterinsights_sitenote_active":false,"_monsterinsights_sitenote_note":"","_monsterinsights_sitenote_category":0,"footnotes":""},"categories":[39],"tags":[],"class_list":["post-6037","post","type-post","status-publish","format-standard","has-post-thumbnail","hentry","category-economics"],"_links":{"self":[{"href":"https:\/\/cidadecult.com.br\/index.php?rest_route=\/wp\/v2\/posts\/6037","targetHints":{"allow":["GET"]}}],"collection":[{"href":"https:\/\/cidadecult.com.br\/index.php?rest_route=\/wp\/v2\/posts"}],"about":[{"href":"https:\/\/cidadecult.com.br\/index.php?rest_route=\/wp\/v2\/types\/post"}],"author":[{"embeddable":true,"href":"https:\/\/cidadecult.com.br\/index.php?rest_route=\/wp\/v2\/users\/777"}],"replies":[{"embeddable":true,"href":"https:\/\/cidadecult.com.br\/index.php?rest_route=%2Fwp%2Fv2%2Fcomments&post=6037"}],"version-history":[{"count":2,"href":"https:\/\/cidadecult.com.br\/index.php?rest_route=\/wp\/v2\/posts\/6037\/revisions"}],"predecessor-version":[{"id":6047,"href":"https:\/\/cidadecult.com.br\/index.php?rest_route=\/wp\/v2\/posts\/6037\/revisions\/6047"}],"wp:featuredmedia":[{"embeddable":true,"href":"https:\/\/cidadecult.com.br\/index.php?rest_route=\/wp\/v2\/media\/6038"}],"wp:attachment":[{"href":"https:\/\/cidadecult.com.br\/index.php?rest_route=%2Fwp%2Fv2%2Fmedia&parent=6037"}],"wp:term":[{"taxonomy":"category","embeddable":true,"href":"https:\/\/cidadecult.com.br\/index.php?rest_route=%2Fwp%2Fv2%2Fcategories&post=6037"},{"taxonomy":"post_tag","embeddable":true,"href":"https:\/\/cidadecult.com.br\/index.php?rest_route=%2Fwp%2Fv2%2Ftags&post=6037"}],"curies":[{"name":"wp","href":"https:\/\/api.w.org\/{rel}","templated":true}]}}