{"id":6032,"date":"2024-07-18T11:10:46","date_gmt":"2024-07-18T14:10:46","guid":{"rendered":"https:\/\/cidadecult.com.br\/?p=6032"},"modified":"2024-07-18T11:10:48","modified_gmt":"2024-07-18T14:10:48","slug":"choro-livre-recebe-cantor-lirico-e-quarteto-de-cordas-da-belgica","status":"publish","type":"post","link":"https:\/\/cidadecult.com.br\/?p=6032","title":{"rendered":"Choro Livre recebe cantor l\u00edrico e quarteto de cordas da B\u00e9lgica"},"content":{"rendered":"\n<h3 class=\"wp-block-heading\"><\/h3>\n\n\n\n<p><strong>No repert\u00f3rio desta quarta-feira (24), m\u00fasicas de Caymmi, Cartola e Chiquinha<\/strong><\/p>\n\n\n\n<p>Caymmi e Debussy, Cartola e Chiquinha Gonzaga. M\u00fasica cantada e instrumental, erudita e popular. Brasil, B\u00e9lgica e Rio de Janeiro. Europa, Fran\u00e7a e Bahia. Esse \u00e9 o surpreendente e delicioso card\u00e1pio do \u201cChoro Livre Convida\u201d desta quarta-feira (24), a partir das 19h30, dentro da programa\u00e7\u00e3o do Complexo Cultural do Choro. Uma oportunidade \u00fanica de degustar a mistura de sabores musicais servida por artistas premiados com os ingredientes da obra de grandes mestres da MPB e da m\u00fasica cl\u00e1ssica.<\/p>\n\n\n\n<figure class=\"wp-block-image size-large\"><img loading=\"lazy\" decoding=\"async\" width=\"1024\" height=\"767\" src=\"https:\/\/cidadecult.com.br\/wp-content\/uploads\/2024\/07\/Quarteto-Akhtamar-e-Bruno-Resende-Foto-divulgacao-1-1024x767.jpeg\" alt=\"\" class=\"wp-image-6034\" srcset=\"https:\/\/cidadecult.com.br\/wp-content\/uploads\/2024\/07\/Quarteto-Akhtamar-e-Bruno-Resende-Foto-divulgacao-1-1024x767.jpeg 1024w, https:\/\/cidadecult.com.br\/wp-content\/uploads\/2024\/07\/Quarteto-Akhtamar-e-Bruno-Resende-Foto-divulgacao-1-300x225.jpeg 300w, https:\/\/cidadecult.com.br\/wp-content\/uploads\/2024\/07\/Quarteto-Akhtamar-e-Bruno-Resende-Foto-divulgacao-1-768x575.jpeg 768w, https:\/\/cidadecult.com.br\/wp-content\/uploads\/2024\/07\/Quarteto-Akhtamar-e-Bruno-Resende-Foto-divulgacao-1-750x562.jpeg 750w, https:\/\/cidadecult.com.br\/wp-content\/uploads\/2024\/07\/Quarteto-Akhtamar-e-Bruno-Resende-Foto-divulgacao-1-1140x854.jpeg 1140w, https:\/\/cidadecult.com.br\/wp-content\/uploads\/2024\/07\/Quarteto-Akhtamar-e-Bruno-Resende-Foto-divulgacao-1.jpeg 1280w\" sizes=\"auto, (max-width: 1024px) 100vw, 1024px\" \/><figcaption class=\"wp-element-caption\">Divulga\u00e7\u00e3o<\/figcaption><\/figure>\n\n\n\n<p>O Choro Livre, mais ativo e duradouro grupo regional de Bras\u00edlia, recebe no palco do Clube do Choro o cantor l\u00edrico Bruno Resende e o quarteto de cordas Akhtamar, radicados na B\u00e9lgica, mas apaixonados pela m\u00fasica popular brasileira. Atualmente, eles fazem uma turn\u00ea de 21 dias pelo Brasil, com 15 concertos em Bras\u00edlia, Rio de Janeiro, Salvador e Chapada dos Veadeiros.<\/p>\n\n\n\n<p>O Choro vai ser o anfitri\u00e3o da noite, mas a celebra\u00e7\u00e3o \u00e0 diversidade e ao interc\u00e2mbio entre culturas inclui tamb\u00e9m can\u00e7\u00f5es do baiano Dorival Caymmi e dos cariocas Cartola e Chiquinha Gonzaga, al\u00e9m de sinfonias do franc\u00eas Claude Debussy. Um prato cheio para quem gosta de m\u00fasica de qualidade, sem r\u00f3tulos nem fronteiras.<\/p>\n\n\n\n<h3 class=\"wp-block-heading\">Piquenique Chor\u00e3o: circo dos irm\u00e3os Sa\u00fade e mais atra\u00e7\u00f5es<\/h3>\n\n\n\n<p>O Piquenique Chor\u00e3o deste s\u00e1bado (27) \u00e9 por conta dos irm\u00e3os-palha\u00e7os Ankom\u00e1rcio Sa\u00fade e Ruiberdan Sa\u00fade. A partir das 11h, eles apresentam na parte externa do Espa\u00e7o Cultural do Choro um espet\u00e1culo que usa elementos de esquetes tradicionais do circo temperados com manobras acrob\u00e1ticas e n\u00fameros de malabares.<\/p>\n\n\n\n<p>No mesmo hor\u00e1rio, no estacionamento 10 do Parque da Cidade, acontece o Ensaio Aberto dos alunos e professores da Escola Brasileira de Choro. Ao meio-dia, na \u00e1rea externa do Espa\u00e7o Cultural do Choro, tem o tradicional Samba com Feijoada, com muita m\u00fasica e dan\u00e7a em torno do prato preferido da culin\u00e1ria nacional. A atra\u00e7\u00e3o deste s\u00e1bado \u00e9 a cantora Cris Pereira.<\/p>\n\n\n\n<p>Pelo segundo ano, o projeto Complexo Cultural do Choro conta com o patroc\u00ednio master da Shell. \u201cUm dos objetivos da Shell em seus patroc\u00ednios culturais \u00e9 a preserva\u00e7\u00e3o e a dissemina\u00e7\u00e3o do legado da cultura brasileira\u201d, diz Alexandra Siqueira, gerente de Comunica\u00e7\u00e3o Externa da Shell Brasil. \u201cCom o Complexo do Choro estamos contribuindo para a manuten\u00e7\u00e3o e conserva\u00e7\u00e3o da m\u00fasica popular brasileira atrav\u00e9s desse g\u00eanero que se tornou Patrim\u00f4nio Cultural Imaterial do Brasil.\u201d<\/p>\n\n\n\n<h3 class=\"wp-block-heading\">Sobre a Shell Brasil<\/h3>\n\n\n\n<p>H\u00e1 111 anos no pa\u00eds, a Shell \u00e9 uma companhia de energia integrada com participa\u00e7\u00e3o em Upstream, G\u00e1s Natural, Trading, Pesquisa &amp; Desenvolvimento e no Desenvolvimento de Energias Renov\u00e1veis, com um neg\u00f3cio de comercializa\u00e7\u00e3o no mercado livre e produtos ambientais, a Shell Energy Brasil. Aqui, a distribui\u00e7\u00e3o de combust\u00edveis \u00e9 gerenciada pela joint-venture Ra\u00edzen. A companhia trabalha para atender \u00e0 crescente demanda por energia de forma econ\u00f4mica, ambiental e socialmente respons\u00e1vel, avaliando tend\u00eancias e cen\u00e1rios para responder ao desafio do futuro da energia.<\/p>\n\n\n\n<h3 class=\"wp-block-heading\">Confira a programa\u00e7\u00e3o:<\/h3>\n\n\n\n<p><strong>Dia 24\/07:<\/strong><\/p>\n\n\n\n<ul class=\"wp-block-list\">\n<li>19h30 \u2013 Choro Livre Convida Bruno Resende e quarteto de cordas Akhtamar<\/li>\n<\/ul>\n\n\n\n<p><strong>Dia 27\/07:<\/strong><\/p>\n\n\n\n<ul class=\"wp-block-list\">\n<li>11h00 &#8211; Ensaio Aberto dos alunos e professores da Escola Brasileira de Choro (estacionamento 10 do Parque da Cidade)<\/li>\n\n\n\n<li>11h00 &#8211; Piquenique Chor\u00e3o \u2013 Irm\u00e3os-palha\u00e7os Ankom\u00e1rcio Sa\u00fade e Ruiberdan Sa\u00fade (\u00e1rea externa do Complexo Cultural do Choro)<\/li>\n\n\n\n<li>12h00 &#8211; Feijoada com Samba \u2013 Cris Pereira<\/li>\n<\/ul>\n\n\n\n<p><strong>Servi\u00e7o:<\/strong><\/p>\n\n\n\n<ul class=\"wp-block-list\">\n<li><strong>Local:<\/strong> Complexo Cultural do Choro de Bras\u00edlia<\/li>\n\n\n\n<li><strong>Dias:<\/strong> 24 de julho (quarta-feira) e 27 de julho (s\u00e1bado)<\/li>\n\n\n\n<li><strong>Endere\u00e7o:<\/strong> Espa\u00e7o Cultural do Choro &#8211; Setor de Divulga\u00e7\u00e3o Cultural \u2013 Eixo Monumental<\/li>\n\n\n\n<li><strong>Telefone:<\/strong> (61) 3226-3969<\/li>\n\n\n\n<li><strong>Acesso:<\/strong> Livre e gratuito para Choro Livre Convida, Ensaio Aberto e programa\u00e7\u00e3o infantil<\/li>\n<\/ul>\n","protected":false},"excerpt":{"rendered":"<p>No repert\u00f3rio desta quarta-feira (24), m\u00fasicas de Caymmi, Cartola e Chiquinha Caymmi e Debussy, Cartola e Chiquinha Gonzaga. M\u00fasica cantada e instrumental, erudita e popular. Brasil, B\u00e9lgica e Rio de Janeiro. Europa, Fran\u00e7a e Bahia. Esse \u00e9 o surpreendente e delicioso card\u00e1pio do \u201cChoro Livre Convida\u201d desta quarta-feira (24), a partir das 19h30, dentro da [&hellip;]<\/p>\n","protected":false},"author":777,"featured_media":6033,"comment_status":"open","ping_status":"open","sticky":false,"template":"","format":"standard","meta":{"_monsterinsights_skip_tracking":false,"_monsterinsights_sitenote_active":false,"_monsterinsights_sitenote_note":"","_monsterinsights_sitenote_category":0,"footnotes":""},"categories":[6],"tags":[],"class_list":["post-6032","post","type-post","status-publish","format-standard","has-post-thumbnail","hentry","category-music"],"_links":{"self":[{"href":"https:\/\/cidadecult.com.br\/index.php?rest_route=\/wp\/v2\/posts\/6032","targetHints":{"allow":["GET"]}}],"collection":[{"href":"https:\/\/cidadecult.com.br\/index.php?rest_route=\/wp\/v2\/posts"}],"about":[{"href":"https:\/\/cidadecult.com.br\/index.php?rest_route=\/wp\/v2\/types\/post"}],"author":[{"embeddable":true,"href":"https:\/\/cidadecult.com.br\/index.php?rest_route=\/wp\/v2\/users\/777"}],"replies":[{"embeddable":true,"href":"https:\/\/cidadecult.com.br\/index.php?rest_route=%2Fwp%2Fv2%2Fcomments&post=6032"}],"version-history":[{"count":2,"href":"https:\/\/cidadecult.com.br\/index.php?rest_route=\/wp\/v2\/posts\/6032\/revisions"}],"predecessor-version":[{"id":6036,"href":"https:\/\/cidadecult.com.br\/index.php?rest_route=\/wp\/v2\/posts\/6032\/revisions\/6036"}],"wp:featuredmedia":[{"embeddable":true,"href":"https:\/\/cidadecult.com.br\/index.php?rest_route=\/wp\/v2\/media\/6033"}],"wp:attachment":[{"href":"https:\/\/cidadecult.com.br\/index.php?rest_route=%2Fwp%2Fv2%2Fmedia&parent=6032"}],"wp:term":[{"taxonomy":"category","embeddable":true,"href":"https:\/\/cidadecult.com.br\/index.php?rest_route=%2Fwp%2Fv2%2Fcategories&post=6032"},{"taxonomy":"post_tag","embeddable":true,"href":"https:\/\/cidadecult.com.br\/index.php?rest_route=%2Fwp%2Fv2%2Ftags&post=6032"}],"curies":[{"name":"wp","href":"https:\/\/api.w.org\/{rel}","templated":true}]}}