{"id":6024,"date":"2024-07-18T11:06:51","date_gmt":"2024-07-18T14:06:51","guid":{"rendered":"https:\/\/cidadecult.com.br\/?p=6024"},"modified":"2024-07-18T11:06:53","modified_gmt":"2024-07-18T14:06:53","slug":"taguatinga-sera-palco-da-final-do-xxiv-circuito-de-quadrilhas-juninas-do-distrito-federal-e-entorno","status":"publish","type":"post","link":"https:\/\/cidadecult.com.br\/?p=6024","title":{"rendered":"Taguatinga ser\u00e1 palco da final do XXIV Circuito de Quadrilhas Juninas do Distrito Federal e Entorno"},"content":{"rendered":"\n<h3 class=\"wp-block-heading\"><\/h3>\n\n\n\n<p><strong>\u00daltima etapa define representante do DF no Concurso Nacional de Quadrilhas<\/strong><\/p>\n\n\n\n<p>A cidade de Taguatinga se prepara para receber a 4\u00aa e \u00faltima etapa do XXIV Circuito de Quadrilhas Juninas do Distrito Federal e Entorno. O evento, organizado pelo Instituto Acolher em parceria com a Liga Independente de Quadrilhas Juninas do Distrito Federal e Entorno (LINQ-DFE) e com o apoio da Secretaria de Cultura e Economia Criativa do Distrito Federal (Secec), ocorrer\u00e1 no estacionamento do Est\u00e1dio Serej\u00e3o, entre os dias 19 e 21 de julho, prometendo muita anima\u00e7\u00e3o e cultura junina.<\/p>\n\n\n\n<figure class=\"wp-block-image size-large\"><img loading=\"lazy\" decoding=\"async\" width=\"1024\" height=\"683\" src=\"https:\/\/cidadecult.com.br\/wp-content\/uploads\/2024\/07\/Marcello-Candido-Foto-56-1-1024x683.jpg\" alt=\"\" class=\"wp-image-6027\" srcset=\"https:\/\/cidadecult.com.br\/wp-content\/uploads\/2024\/07\/Marcello-Candido-Foto-56-1-1024x683.jpg 1024w, https:\/\/cidadecult.com.br\/wp-content\/uploads\/2024\/07\/Marcello-Candido-Foto-56-1-300x200.jpg 300w, https:\/\/cidadecult.com.br\/wp-content\/uploads\/2024\/07\/Marcello-Candido-Foto-56-1-768x512.jpg 768w, https:\/\/cidadecult.com.br\/wp-content\/uploads\/2024\/07\/Marcello-Candido-Foto-56-1-1536x1024.jpg 1536w, https:\/\/cidadecult.com.br\/wp-content\/uploads\/2024\/07\/Marcello-Candido-Foto-56-1-750x500.jpg 750w, https:\/\/cidadecult.com.br\/wp-content\/uploads\/2024\/07\/Marcello-Candido-Foto-56-1-1140x760.jpg 1140w, https:\/\/cidadecult.com.br\/wp-content\/uploads\/2024\/07\/Marcello-Candido-Foto-56-1.jpg 2048w\" sizes=\"auto, (max-width: 1024px) 100vw, 1024px\" \/><figcaption class=\"wp-element-caption\">Cr\u00e9dito fotos: Marcello C\u00e2ndido<\/figcaption><\/figure>\n\n\n\n<p>Al\u00e9m de determinar a classifica\u00e7\u00e3o dentro do circuito, esses resultados t\u00eam um impacto significativo nas competi\u00e7\u00f5es nacionais. A campe\u00e3 e vice, ao final das quatro etapas, representar\u00e3o o Distrito Federal e Entorno no Concurso Nacional de Quadrilhas, que ser\u00e1 realizado no pr\u00f3prio Distrito Federal este ano. J\u00e1 a terceira colocada ter\u00e1 a oportunidade de competir no Arrai\u00e1 Brasil, em Aparecida\/GO. Essa representa\u00e7\u00e3o \u00e9 uma honra e uma responsabilidade, destacando o compromisso e a paix\u00e3o dos grupos pela cultura junina brasileira.<\/p>\n\n\n\n<figure class=\"wp-block-image size-large\"><img loading=\"lazy\" decoding=\"async\" width=\"1024\" height=\"684\" src=\"https:\/\/cidadecult.com.br\/wp-content\/uploads\/2024\/07\/Marcello-Candido-Foto-276-1024x684.jpg\" alt=\"\" class=\"wp-image-6028\" srcset=\"https:\/\/cidadecult.com.br\/wp-content\/uploads\/2024\/07\/Marcello-Candido-Foto-276-1024x684.jpg 1024w, https:\/\/cidadecult.com.br\/wp-content\/uploads\/2024\/07\/Marcello-Candido-Foto-276-300x200.jpg 300w, https:\/\/cidadecult.com.br\/wp-content\/uploads\/2024\/07\/Marcello-Candido-Foto-276-768x513.jpg 768w, https:\/\/cidadecult.com.br\/wp-content\/uploads\/2024\/07\/Marcello-Candido-Foto-276-1536x1025.jpg 1536w, https:\/\/cidadecult.com.br\/wp-content\/uploads\/2024\/07\/Marcello-Candido-Foto-276-750x501.jpg 750w, https:\/\/cidadecult.com.br\/wp-content\/uploads\/2024\/07\/Marcello-Candido-Foto-276-1140x761.jpg 1140w, https:\/\/cidadecult.com.br\/wp-content\/uploads\/2024\/07\/Marcello-Candido-Foto-276.jpg 2048w\" sizes=\"auto, (max-width: 1024px) 100vw, 1024px\" \/><\/figure>\n\n\n\n<p><strong>Classifica\u00e7\u00e3o geral do evento<\/strong><\/p>\n\n\n\n<p><strong>Grupo Especial:<\/strong><\/p>\n\n\n\n<ol class=\"wp-block-list\">\n<li>Formiga da Ro\u00e7a &#8211; 629,5 pontos<\/li>\n\n\n\n<li>Arroxa o N\u00f3 &#8211; 629,1 pontos<\/li>\n\n\n\n<li>Ribuli\u00e7o &#8211; 627,5 pontos<\/li>\n\n\n\n<li>Xamegar &#8211; 624,8 pontos<\/li>\n\n\n\n<li>Mala V\u00e9ia &#8211; 624,3 pontos<\/li>\n\n\n\n<li>Arrai\u00e1 dos Matutos &#8211; 623 pontos<\/li>\n\n\n\n<li>Rasga o Fole &#8211; 622,8 pontos<\/li>\n\n\n\n<li>Pinga em Mim &#8211; 622,8 pontos<\/li>\n\n\n\n<li>Caipirada &#8211; 622,3 pontos<\/li>\n\n\n\n<li>Coisas da Ro\u00e7a &#8211; 621,9 pontos<\/li>\n\n\n\n<li>Eita Bagaceira &#8211; 621,8 pontos<\/li>\n\n\n\n<li>Amor Junino &#8211; 621,6 pontos<\/li>\n\n\n\n<li>Fornalha &#8211; 619,2 pontos<\/li>\n\n\n\n<li>Xique Xique &#8211; 616,2 pontos<\/li>\n\n\n\n<li>Xem Nhem Nhem &#8211; 614,4 pontos<\/li>\n<\/ol>\n\n\n\n<p><strong>Grupo de Acesso:<\/strong><\/p>\n\n\n\n<ol class=\"wp-block-list\">\n<li>Vai Mas N\u00e3o Vai &#8211; 888,5 pontos<\/li>\n\n\n\n<li>Chinelo de Couro &#8211; 885,3 pontos<\/li>\n\n\n\n<li>Tico Tico no Fub\u00e1 &#8211; 880,3 pontos<\/li>\n\n\n\n<li>Espalha Brasa &#8211; 878,6 pontos<\/li>\n\n\n\n<li>Os Caboclos do Sert\u00e3o &#8211; 876,3 pontos<\/li>\n\n\n\n<li>Matingueiros do Sert\u00e3o &#8211; 871,9 pontos<\/li>\n\n\n\n<li>Bambole\u00e1 &#8211; 576,1 pontos<\/li>\n<\/ol>\n\n\n\n<figure class=\"wp-block-image size-large\"><img loading=\"lazy\" decoding=\"async\" width=\"1024\" height=\"684\" src=\"https:\/\/cidadecult.com.br\/wp-content\/uploads\/2024\/07\/Marcello-Candido-Foto-101-1024x684.jpg\" alt=\"\" class=\"wp-image-6029\" srcset=\"https:\/\/cidadecult.com.br\/wp-content\/uploads\/2024\/07\/Marcello-Candido-Foto-101-1024x684.jpg 1024w, https:\/\/cidadecult.com.br\/wp-content\/uploads\/2024\/07\/Marcello-Candido-Foto-101-300x200.jpg 300w, https:\/\/cidadecult.com.br\/wp-content\/uploads\/2024\/07\/Marcello-Candido-Foto-101-768x513.jpg 768w, https:\/\/cidadecult.com.br\/wp-content\/uploads\/2024\/07\/Marcello-Candido-Foto-101-1536x1025.jpg 1536w, https:\/\/cidadecult.com.br\/wp-content\/uploads\/2024\/07\/Marcello-Candido-Foto-101-750x501.jpg 750w, https:\/\/cidadecult.com.br\/wp-content\/uploads\/2024\/07\/Marcello-Candido-Foto-101-1140x761.jpg 1140w, https:\/\/cidadecult.com.br\/wp-content\/uploads\/2024\/07\/Marcello-Candido-Foto-101.jpg 2048w\" sizes=\"auto, (max-width: 1024px) 100vw, 1024px\" \/><\/figure>\n\n\n\n<p><strong>Sobre o evento<\/strong><\/p>\n\n\n\n<p>O circuito \u00e9 uma celebra\u00e7\u00e3o da cultura popular e junina, reunindo quadrilhas de diversas regi\u00f5es para competir e encantar o p\u00fablico. A 4\u00aa etapa em Taguatinga promete ser um espet\u00e1culo \u00e0 parte, com apresenta\u00e7\u00f5es emocionantes e muita anima\u00e7\u00e3o.<\/p>\n\n\n\n<p><strong>Informa\u00e7\u00f5es do evento:<\/strong><\/p>\n\n\n\n<ul class=\"wp-block-list\">\n<li><strong>Local:<\/strong> Estacionamento do Est\u00e1dio Serej\u00e3o, Taguatinga, Distrito Federal<\/li>\n\n\n\n<li><strong>Datas:<\/strong> 19 a 21 de julho<\/li>\n\n\n\n<li><strong>Hor\u00e1rio:<\/strong> A partir das 18h<\/li>\n<\/ul>\n","protected":false},"excerpt":{"rendered":"<p>\u00daltima etapa define representante do DF no Concurso Nacional de Quadrilhas A cidade de Taguatinga se prepara para receber a 4\u00aa e \u00faltima etapa do XXIV Circuito de Quadrilhas Juninas do Distrito Federal e Entorno. O evento, organizado pelo Instituto Acolher em parceria com a Liga Independente de Quadrilhas Juninas do Distrito Federal e Entorno [&hellip;]<\/p>\n","protected":false},"author":777,"featured_media":6026,"comment_status":"open","ping_status":"open","sticky":false,"template":"","format":"standard","meta":{"_monsterinsights_skip_tracking":false,"_monsterinsights_sitenote_active":false,"_monsterinsights_sitenote_note":"","_monsterinsights_sitenote_category":0,"footnotes":""},"categories":[17],"tags":[],"class_list":["post-6024","post","type-post","status-publish","format-standard","has-post-thumbnail","hentry","category-bsb"],"_links":{"self":[{"href":"https:\/\/cidadecult.com.br\/index.php?rest_route=\/wp\/v2\/posts\/6024","targetHints":{"allow":["GET"]}}],"collection":[{"href":"https:\/\/cidadecult.com.br\/index.php?rest_route=\/wp\/v2\/posts"}],"about":[{"href":"https:\/\/cidadecult.com.br\/index.php?rest_route=\/wp\/v2\/types\/post"}],"author":[{"embeddable":true,"href":"https:\/\/cidadecult.com.br\/index.php?rest_route=\/wp\/v2\/users\/777"}],"replies":[{"embeddable":true,"href":"https:\/\/cidadecult.com.br\/index.php?rest_route=%2Fwp%2Fv2%2Fcomments&post=6024"}],"version-history":[{"count":2,"href":"https:\/\/cidadecult.com.br\/index.php?rest_route=\/wp\/v2\/posts\/6024\/revisions"}],"predecessor-version":[{"id":6031,"href":"https:\/\/cidadecult.com.br\/index.php?rest_route=\/wp\/v2\/posts\/6024\/revisions\/6031"}],"wp:featuredmedia":[{"embeddable":true,"href":"https:\/\/cidadecult.com.br\/index.php?rest_route=\/wp\/v2\/media\/6026"}],"wp:attachment":[{"href":"https:\/\/cidadecult.com.br\/index.php?rest_route=%2Fwp%2Fv2%2Fmedia&parent=6024"}],"wp:term":[{"taxonomy":"category","embeddable":true,"href":"https:\/\/cidadecult.com.br\/index.php?rest_route=%2Fwp%2Fv2%2Fcategories&post=6024"},{"taxonomy":"post_tag","embeddable":true,"href":"https:\/\/cidadecult.com.br\/index.php?rest_route=%2Fwp%2Fv2%2Ftags&post=6024"}],"curies":[{"name":"wp","href":"https:\/\/api.w.org\/{rel}","templated":true}]}}