{"id":5796,"date":"2024-07-05T16:05:35","date_gmt":"2024-07-05T19:05:35","guid":{"rendered":"https:\/\/cidadecult.com.br\/?p=5796"},"modified":"2024-07-05T16:05:37","modified_gmt":"2024-07-05T19:05:37","slug":"festival-backstage-crias-do-baile-oferece-oficinas-gratuitas-de-producao-musical-no-df","status":"publish","type":"post","link":"https:\/\/cidadecult.com.br\/?p=5796","title":{"rendered":"Festival Backstage \u2013 Crias do Baile oferece oficinas gratuitas de produ\u00e7\u00e3o musical no DF"},"content":{"rendered":"\n<h3 class=\"wp-block-heading\"><\/h3>\n\n\n\n<p>O Festival Backstage \u2013 Crias do Baile est\u00e1 de volta, oferecendo uma s\u00e9rie de oficinas gratuitas para jovens perif\u00e9ricos do Distrito Federal e entorno, interessados em ingressar no mercado de entretenimento musical. Com inscri\u00e7\u00f5es abertas, o projeto visa formar tecnicamente e estimular a criatividade dos participantes, fortalecendo a cadeia produtiva cultural local.<\/p>\n\n\n\n<h3 class=\"wp-block-heading\">Projeto e Programa\u00e7\u00e3o<\/h3>\n\n\n\n<p>Realizado pelo Instituto Sociocriativo com apoio do Fundo de Apoio \u00e0 Cultura (FAC) e da Secretaria de Estado de Cultura e Economia Criativa do DF, o festival ocorrer\u00e1 em dois locais: Centro Cultural Renato Russo (508 Sul) e Casa da \u00c1rvore Espa\u00e7o Sociocultural (813 Sul). O objetivo \u00e9 levar forma\u00e7\u00e3o gratuita e acess\u00edvel para produtores, DJs, roadies e artistas, abrangendo desde conhecimentos t\u00e9cnicos at\u00e9 aspectos jur\u00eddicos da carreira musical.<\/p>\n\n\n\n<p><strong>Programa\u00e7\u00e3o no Espa\u00e7o Cultural Renato Russo:<\/strong><\/p>\n\n\n\n<ul class=\"wp-block-list\">\n<li><strong>S\u00e1bado, 6 de julho<\/strong>\n<ul class=\"wp-block-list\">\n<li>10h \u00e0s 14h: Roadie, log\u00edstica e produ\u00e7\u00e3o t\u00e9cnica com DJ Chokolaty<\/li>\n\n\n\n<li>14h \u00e0s 18h: Oficina de Live Stream e assessoria de carreira com Lucas Pucci<\/li>\n<\/ul>\n<\/li>\n\n\n\n<li><strong>Domingo, 7 de julho<\/strong>\n<ul class=\"wp-block-list\">\n<li>14h \u00e0s 17h: Produ\u00e7\u00e3o musical avan\u00e7ada com Paula Torelly<\/li>\n<\/ul>\n<\/li>\n<\/ul>\n\n\n\n<p><strong>Programa\u00e7\u00e3o na Casa da \u00c1rvore:<\/strong><\/p>\n\n\n\n<ul class=\"wp-block-list\">\n<li><strong>Quinta e sexta-feira, 4 e 5 de julho<\/strong>\n<ul class=\"wp-block-list\">\n<li>19h \u00e0s 22h: Discotecagem e mixagem com Ketlen Niggaz<\/li>\n<\/ul>\n<\/li>\n\n\n\n<li><strong>Segunda e quarta-feira, 8 e 10 de julho<\/strong>\n<ul class=\"wp-block-list\">\n<li>19h \u00e0s 22h: Direitos autorais e consultoria jur\u00eddica com Caio Chaim<\/li>\n<\/ul>\n<\/li>\n\n\n\n<li><strong>Quinta e sexta-feira, 11 e 12 de julho<\/strong>\n<ul class=\"wp-block-list\">\n<li>19h \u00e0s 22h: Introdu\u00e7\u00e3o \u00e0 produ\u00e7\u00e3o musical com Cesar Werlon<\/li>\n<\/ul>\n<\/li>\n\n\n\n<li><strong>S\u00e1bado, 13 de julho<\/strong>\n<ul class=\"wp-block-list\">\n<li>14h \u00e0s 18h: Roadie, log\u00edstica e produ\u00e7\u00e3o t\u00e9cnica com DJ Chokolaty<\/li>\n\n\n\n<li>18h \u00e0s 22h: Baile dos Crias \u2013 Confraterniza\u00e7\u00e3o, debate e apresenta\u00e7\u00e3o dos alunos<\/li>\n<\/ul>\n<\/li>\n<\/ul>\n\n\n\n<h3 class=\"wp-block-heading\">Oficinas e Debates<\/h3>\n\n\n\n<p>O festival inclui 13 oficinas que cobrem diversos aspectos da produ\u00e7\u00e3o musical, desde a cria\u00e7\u00e3o de beats at\u00e9 a log\u00edstica de eventos. Entre os instrutores est\u00e3o profissionais renomados como DJ Chokolaty, DJ Paula Torelly e Ketlen Niggaz, al\u00e9m de especialistas como o advogado Caio Chaim.<\/p>\n\n\n\n<p>Al\u00e9m das oficinas, haver\u00e1 debates sobre mercado de trabalho, inclus\u00e3o social e pol\u00edticas p\u00fablicas, promovendo um espa\u00e7o de troca de conhecimentos e experi\u00eancias.<\/p>\n\n\n\n<h3 class=\"wp-block-heading\">Baile de Encerramento<\/h3>\n\n\n\n<p>O encerramento do festival ser\u00e1 marcado pelo Baile dos Crias, no dia 13 de julho na Casa da \u00c1rvore. O evento contar\u00e1 com apresenta\u00e7\u00f5es dos alunos das oficinas, celebrando o talento e a dedica\u00e7\u00e3o dos participantes.<\/p>\n\n\n\n<h3 class=\"wp-block-heading\">Sobre o Instituto Sociocriativo<\/h3>\n\n\n\n<p>Criado em 2015, o Instituto Sociocriativo promove a capacita\u00e7\u00e3o no setor cultural atrav\u00e9s de cursos e oficinas, fortalecendo o cen\u00e1rio art\u00edstico do DF com uma abordagem inclusiva e inovadora.<\/p>\n\n\n\n<p><strong>Servi\u00e7o<\/strong><br><strong>Festival Backstage \u2013 Crias do Baile | 2\u00aa Edi\u00e7\u00e3o<\/strong><br><strong>Inscri\u00e7\u00f5es:<\/strong> <a href=\"#\">Inscreva-se aqui<\/a><br><strong>Datas e Locais:<\/strong><\/p>\n\n\n\n<ul class=\"wp-block-list\">\n<li><strong>Centro Cultural Renato Russo 508 Sul:<\/strong> 6 e 7 de julho<\/li>\n\n\n\n<li><strong>Casa da \u00c1rvore Espa\u00e7o Sociocultural 813 Sul:<\/strong> 4 a 13 de julho<\/li>\n<\/ul>\n","protected":false},"excerpt":{"rendered":"<p>O Festival Backstage \u2013 Crias do Baile est\u00e1 de volta, oferecendo uma s\u00e9rie de oficinas gratuitas para jovens perif\u00e9ricos do Distrito Federal e entorno, interessados em ingressar no mercado de entretenimento musical. Com inscri\u00e7\u00f5es abertas, o projeto visa formar tecnicamente e estimular a criatividade dos participantes, fortalecendo a cadeia produtiva cultural local. Projeto e Programa\u00e7\u00e3o [&hellip;]<\/p>\n","protected":false},"author":777,"featured_media":5797,"comment_status":"open","ping_status":"open","sticky":false,"template":"","format":"standard","meta":{"_monsterinsights_skip_tracking":false,"_monsterinsights_sitenote_active":false,"_monsterinsights_sitenote_note":"","_monsterinsights_sitenote_category":0,"footnotes":""},"categories":[1],"tags":[],"class_list":["post-5796","post","type-post","status-publish","format-standard","has-post-thumbnail","hentry","category-sem-categoria"],"_links":{"self":[{"href":"https:\/\/cidadecult.com.br\/index.php?rest_route=\/wp\/v2\/posts\/5796","targetHints":{"allow":["GET"]}}],"collection":[{"href":"https:\/\/cidadecult.com.br\/index.php?rest_route=\/wp\/v2\/posts"}],"about":[{"href":"https:\/\/cidadecult.com.br\/index.php?rest_route=\/wp\/v2\/types\/post"}],"author":[{"embeddable":true,"href":"https:\/\/cidadecult.com.br\/index.php?rest_route=\/wp\/v2\/users\/777"}],"replies":[{"embeddable":true,"href":"https:\/\/cidadecult.com.br\/index.php?rest_route=%2Fwp%2Fv2%2Fcomments&post=5796"}],"version-history":[{"count":2,"href":"https:\/\/cidadecult.com.br\/index.php?rest_route=\/wp\/v2\/posts\/5796\/revisions"}],"predecessor-version":[{"id":5799,"href":"https:\/\/cidadecult.com.br\/index.php?rest_route=\/wp\/v2\/posts\/5796\/revisions\/5799"}],"wp:featuredmedia":[{"embeddable":true,"href":"https:\/\/cidadecult.com.br\/index.php?rest_route=\/wp\/v2\/media\/5797"}],"wp:attachment":[{"href":"https:\/\/cidadecult.com.br\/index.php?rest_route=%2Fwp%2Fv2%2Fmedia&parent=5796"}],"wp:term":[{"taxonomy":"category","embeddable":true,"href":"https:\/\/cidadecult.com.br\/index.php?rest_route=%2Fwp%2Fv2%2Fcategories&post=5796"},{"taxonomy":"post_tag","embeddable":true,"href":"https:\/\/cidadecult.com.br\/index.php?rest_route=%2Fwp%2Fv2%2Ftags&post=5796"}],"curies":[{"name":"wp","href":"https:\/\/api.w.org\/{rel}","templated":true}]}}