{"id":5780,"date":"2024-07-05T00:01:00","date_gmt":"2024-07-05T03:01:00","guid":{"rendered":"https:\/\/cidadecult.com.br\/?p=5780"},"modified":"2024-07-04T21:47:46","modified_gmt":"2024-07-05T00:47:46","slug":"a-importancia-da-consultoria-profissional-na-decoracao-de-interiores","status":"publish","type":"post","link":"https:\/\/cidadecult.com.br\/?p=5780","title":{"rendered":"A import\u00e2ncia da consultoria profissional na decora\u00e7\u00e3o de interiores"},"content":{"rendered":"\n<figure class=\"wp-block-image size-large\"><img loading=\"lazy\" decoding=\"async\" width=\"1024\" height=\"817\" src=\"https:\/\/cidadecult.com.br\/wp-content\/uploads\/2024\/07\/papo1-1024x817.jpeg\" alt=\"\" class=\"wp-image-5781\" srcset=\"https:\/\/cidadecult.com.br\/wp-content\/uploads\/2024\/07\/papo1-1024x817.jpeg 1024w, https:\/\/cidadecult.com.br\/wp-content\/uploads\/2024\/07\/papo1-300x239.jpeg 300w, https:\/\/cidadecult.com.br\/wp-content\/uploads\/2024\/07\/papo1-768x613.jpeg 768w, https:\/\/cidadecult.com.br\/wp-content\/uploads\/2024\/07\/papo1-750x598.jpeg 750w, https:\/\/cidadecult.com.br\/wp-content\/uploads\/2024\/07\/papo1-1140x909.jpeg 1140w, https:\/\/cidadecult.com.br\/wp-content\/uploads\/2024\/07\/papo1.jpeg 1290w\" sizes=\"auto, (max-width: 1024px) 100vw, 1024px\" \/><\/figure>\n\n\n\n<p>Nos \u00faltimos anos, a demanda por consultoria profissional em decora\u00e7\u00e3o de interiores cresceu significativamente. Este servi\u00e7o \u00e9 essencial para transformar espa\u00e7os, agregando valor est\u00e9tico e funcional aos ambientes. A Papo Dec\u00f3, liderada pelas arquitetas Lilia Saraiva e Vict\u00f3ria Rosseti, destaca-se nesse setor, oferecendo servi\u00e7os presenciais e online a partir de seu escrit\u00f3rio no bloco A do edif\u00edcio The Union, em Bras\u00edlia.<\/p>\n\n\n\n<figure class=\"wp-block-image size-large\"><img loading=\"lazy\" decoding=\"async\" width=\"768\" height=\"1024\" src=\"https:\/\/cidadecult.com.br\/wp-content\/uploads\/2024\/07\/lia-e-vic-768x1024.jpeg\" alt=\"\" class=\"wp-image-5786\" srcset=\"https:\/\/cidadecult.com.br\/wp-content\/uploads\/2024\/07\/lia-e-vic-768x1024.jpeg 768w, https:\/\/cidadecult.com.br\/wp-content\/uploads\/2024\/07\/lia-e-vic-225x300.jpeg 225w, https:\/\/cidadecult.com.br\/wp-content\/uploads\/2024\/07\/lia-e-vic-1152x1536.jpeg 1152w, https:\/\/cidadecult.com.br\/wp-content\/uploads\/2024\/07\/lia-e-vic-750x1000.jpeg 750w, https:\/\/cidadecult.com.br\/wp-content\/uploads\/2024\/07\/lia-e-vic-1140x1520.jpeg 1140w, https:\/\/cidadecult.com.br\/wp-content\/uploads\/2024\/07\/lia-e-vic.jpeg 1200w\" sizes=\"auto, (max-width: 768px) 100vw, 768px\" \/><figcaption class=\"wp-element-caption\">Vict\u00f3ria Rosseti e Lilia Saraiva (arquivo pessoal)<\/figcaption><\/figure>\n\n\n\n<h3 class=\"wp-block-heading\">Atua\u00e7\u00e3o da Papo Dec\u00f3<\/h3>\n\n\n\n<p>A Papo Dec\u00f3 \u00e9 especializada em decora\u00e7\u00e3o e design de ambientes, proporcionando consultorias que valorizam personaliza\u00e7\u00e3o e efici\u00eancia. Essa abordagem garante que cada projeto seja \u00fanico, atendendo \u00e0s necessidades e prefer\u00eancias dos clientes no Brasil e no exterior.<\/p>\n\n\n\n<figure class=\"wp-block-image size-large\"><img loading=\"lazy\" decoding=\"async\" width=\"1024\" height=\"812\" src=\"https:\/\/cidadecult.com.br\/wp-content\/uploads\/2024\/07\/lia2-1024x812.jpeg\" alt=\"\" class=\"wp-image-5784\" srcset=\"https:\/\/cidadecult.com.br\/wp-content\/uploads\/2024\/07\/lia2-1024x812.jpeg 1024w, https:\/\/cidadecult.com.br\/wp-content\/uploads\/2024\/07\/lia2-300x238.jpeg 300w, https:\/\/cidadecult.com.br\/wp-content\/uploads\/2024\/07\/lia2-768x609.jpeg 768w, https:\/\/cidadecult.com.br\/wp-content\/uploads\/2024\/07\/lia2-750x595.jpeg 750w, https:\/\/cidadecult.com.br\/wp-content\/uploads\/2024\/07\/lia2-1140x904.jpeg 1140w, https:\/\/cidadecult.com.br\/wp-content\/uploads\/2024\/07\/lia2.jpeg 1290w\" sizes=\"auto, (max-width: 1024px) 100vw, 1024px\" \/><\/figure>\n\n\n\n<h3 class=\"wp-block-heading\">Tend\u00eancias e inova\u00e7\u00e3o<\/h3>\n\n\n\n<p>A pandemia acelerou a ado\u00e7\u00e3o de servi\u00e7os \u00e0 dist\u00e2ncia. A Papo Dec\u00f3 adaptou-se rapidamente, utilizando tecnologias que permitem consultorias detalhadas e eficazes, independentemente da localiza\u00e7\u00e3o do cliente.<\/p>\n\n\n\n<h3 class=\"wp-block-heading\">Benef\u00edcios da consultoria profissional<\/h3>\n\n\n\n<p>Contratar uma consultoria profissional em decora\u00e7\u00e3o de interiores traz in\u00fameros benef\u00edcios:<\/p>\n\n\n\n<ul class=\"wp-block-list\">\n<li><strong>Redu\u00e7\u00e3o de erros e preju\u00edzos<\/strong>: Projetos acompanhados por arquitetos t\u00eam at\u00e9 30% menos erros e retrabalhos, economizando tempo e recursos.<\/li>\n\n\n\n<li><strong>Planejamento financeiro<\/strong>: O aux\u00edlio de um profissional ajuda a evitar gastos desnecess\u00e1rios e a fazer um or\u00e7amento mais preciso.<\/li>\n\n\n\n<li><strong>Valoriza\u00e7\u00e3o do im\u00f3vel<\/strong>: Ambientes bem planejados aumentam o valor comercial da propriedade.<\/li>\n<\/ul>\n\n\n\n<p>Segundo a C\u00e2mara Brasileira da Ind\u00fastria da Constru\u00e7\u00e3o (CBIC), o setor de reformas residenciais cresceu 12% em 2023, impulsionado pela maior perman\u00eancia das pessoas em casa e pela valoriza\u00e7\u00e3o do espa\u00e7o dom\u00e9stico.<\/p>\n\n\n\n<figure class=\"wp-block-image size-large\"><img loading=\"lazy\" decoding=\"async\" width=\"1024\" height=\"810\" src=\"https:\/\/cidadecult.com.br\/wp-content\/uploads\/2024\/07\/lia1-1024x810.jpeg\" alt=\"\" class=\"wp-image-5785\" srcset=\"https:\/\/cidadecult.com.br\/wp-content\/uploads\/2024\/07\/lia1-1024x810.jpeg 1024w, https:\/\/cidadecult.com.br\/wp-content\/uploads\/2024\/07\/lia1-300x237.jpeg 300w, https:\/\/cidadecult.com.br\/wp-content\/uploads\/2024\/07\/lia1-768x607.jpeg 768w, https:\/\/cidadecult.com.br\/wp-content\/uploads\/2024\/07\/lia1-750x593.jpeg 750w, https:\/\/cidadecult.com.br\/wp-content\/uploads\/2024\/07\/lia1-1140x901.jpeg 1140w, https:\/\/cidadecult.com.br\/wp-content\/uploads\/2024\/07\/lia1.jpeg 1290w\" sizes=\"auto, (max-width: 1024px) 100vw, 1024px\" \/><\/figure>\n\n\n\n<h3 class=\"wp-block-heading\">A expertise da Papo Dec\u00f3<\/h3>\n\n\n\n<p>A Papo Dec\u00f3, com sua experi\u00eancia e dedica\u00e7\u00e3o, garante que cada projeto seja harm\u00f4nico e funcional. A empresa se adapta \u00e0s tend\u00eancias e necessidades dos clientes, oferecendo solu\u00e7\u00f5es que v\u00e3o al\u00e9m da est\u00e9tica, promovendo conforto e bem-estar.<\/p>\n\n\n\n<h3 class=\"wp-block-heading\">Anivers\u00e1rio de Lilia Saraiva<\/h3>\n\n\n\n<p>Hoje, 5 de julho, \u00e9 um dia especial para a Papo Dec\u00f3, pois celebramos o anivers\u00e1rio de Lilia Saraiva, uma das fundadoras da empresa. Sua lideran\u00e7a e vis\u00e3o t\u00eam sido fundamentais para o sucesso da Papo Dec\u00f3.<\/p>\n\n\n\n<figure class=\"wp-block-image size-large\"><img loading=\"lazy\" decoding=\"async\" width=\"768\" height=\"1024\" src=\"https:\/\/cidadecult.com.br\/wp-content\/uploads\/2024\/07\/lilia-soz-768x1024.jpeg\" alt=\"\" class=\"wp-image-5782\" srcset=\"https:\/\/cidadecult.com.br\/wp-content\/uploads\/2024\/07\/lilia-soz-768x1024.jpeg 768w, https:\/\/cidadecult.com.br\/wp-content\/uploads\/2024\/07\/lilia-soz-225x300.jpeg 225w, https:\/\/cidadecult.com.br\/wp-content\/uploads\/2024\/07\/lilia-soz-1152x1536.jpeg 1152w, https:\/\/cidadecult.com.br\/wp-content\/uploads\/2024\/07\/lilia-soz-750x1000.jpeg 750w, https:\/\/cidadecult.com.br\/wp-content\/uploads\/2024\/07\/lilia-soz-1140x1520.jpeg 1140w, https:\/\/cidadecult.com.br\/wp-content\/uploads\/2024\/07\/lilia-soz.jpeg 1200w\" sizes=\"auto, (max-width: 768px) 100vw, 768px\" \/><figcaption class=\"wp-element-caption\">Aniversariante do dia: Lilia Saraiva<\/figcaption><\/figure>\n","protected":false},"excerpt":{"rendered":"<p>Nos \u00faltimos anos, a demanda por consultoria profissional em decora\u00e7\u00e3o de interiores cresceu significativamente. Este servi\u00e7o \u00e9 essencial para transformar espa\u00e7os, agregando valor est\u00e9tico e funcional aos ambientes. A Papo Dec\u00f3, liderada pelas arquitetas Lilia Saraiva e Vict\u00f3ria Rosseti, destaca-se nesse setor, oferecendo servi\u00e7os presenciais e online a partir de seu escrit\u00f3rio no bloco A [&hellip;]<\/p>\n","protected":false},"author":777,"featured_media":5783,"comment_status":"open","ping_status":"open","sticky":false,"template":"","format":"standard","meta":{"_monsterinsights_skip_tracking":false,"_monsterinsights_sitenote_active":false,"_monsterinsights_sitenote_note":"","_monsterinsights_sitenote_category":0,"footnotes":""},"categories":[8,36],"tags":[1895,61,1891,1894,1892,1893,1888,1890],"class_list":["post-5780","post","type-post","status-publish","format-standard","has-post-thumbnail","hentry","category-lifestyle","category-technology","tag-aniversario","tag-brasilia","tag-decor","tag-decoracao","tag-design","tag-interiores","tag-papo-deco","tag-victoria-rosseti"],"_links":{"self":[{"href":"https:\/\/cidadecult.com.br\/index.php?rest_route=\/wp\/v2\/posts\/5780","targetHints":{"allow":["GET"]}}],"collection":[{"href":"https:\/\/cidadecult.com.br\/index.php?rest_route=\/wp\/v2\/posts"}],"about":[{"href":"https:\/\/cidadecult.com.br\/index.php?rest_route=\/wp\/v2\/types\/post"}],"author":[{"embeddable":true,"href":"https:\/\/cidadecult.com.br\/index.php?rest_route=\/wp\/v2\/users\/777"}],"replies":[{"embeddable":true,"href":"https:\/\/cidadecult.com.br\/index.php?rest_route=%2Fwp%2Fv2%2Fcomments&post=5780"}],"version-history":[{"count":2,"href":"https:\/\/cidadecult.com.br\/index.php?rest_route=\/wp\/v2\/posts\/5780\/revisions"}],"predecessor-version":[{"id":5788,"href":"https:\/\/cidadecult.com.br\/index.php?rest_route=\/wp\/v2\/posts\/5780\/revisions\/5788"}],"wp:featuredmedia":[{"embeddable":true,"href":"https:\/\/cidadecult.com.br\/index.php?rest_route=\/wp\/v2\/media\/5783"}],"wp:attachment":[{"href":"https:\/\/cidadecult.com.br\/index.php?rest_route=%2Fwp%2Fv2%2Fmedia&parent=5780"}],"wp:term":[{"taxonomy":"category","embeddable":true,"href":"https:\/\/cidadecult.com.br\/index.php?rest_route=%2Fwp%2Fv2%2Fcategories&post=5780"},{"taxonomy":"post_tag","embeddable":true,"href":"https:\/\/cidadecult.com.br\/index.php?rest_route=%2Fwp%2Fv2%2Ftags&post=5780"}],"curies":[{"name":"wp","href":"https:\/\/api.w.org\/{rel}","templated":true}]}}