{"id":5570,"date":"2024-06-10T12:21:06","date_gmt":"2024-06-10T15:21:06","guid":{"rendered":"https:\/\/cidadecult.com.br\/?p=5570"},"modified":"2024-06-10T12:21:09","modified_gmt":"2024-06-10T15:21:09","slug":"festival-de-rap-e-repente-na-casa-do-cantador-o-encontro-de-duas-culturas-uma-so-celebracao","status":"publish","type":"post","link":"https:\/\/cidadecult.com.br\/?p=5570","title":{"rendered":"Festival de RAP e Repente na Casa do Cantador: o encontro de duas culturas, uma s\u00f3 celebra\u00e7\u00e3o"},"content":{"rendered":"\n<p><em>Foto: Vald\u00e9rio Costa<\/em><\/p>\n\n\n\n<p>Prepare-se para uma fus\u00e3o \u00fanica de ritmo, poesia e cultura na Casa do Cantador, onde o RAP urbano encontra o Repente rural em um festival que promete encantar e inspirar. <strong>Em 14 e 15 de junho<\/strong>, testemunhe a converg\u00eancia de duas express\u00f5es art\u00edsticas distintas, mas igualmente vibrantes, em um evento que celebra a diversidade cultural de nossa cidade.<\/p>\n\n\n\n<p>Em um palco onde as diferen\u00e7as se transformam em pontos de conex\u00e3o, o Festival de RAP e Repente traz uma programa\u00e7\u00e3o que reflete a riqueza e a vitalidade da m\u00fasica e da poesia brasileiras. Desde os versos improvisados dos repentistas tradicionais at\u00e9 as batidas pulsantes dos rappers contempor\u00e2neos, cada apresenta\u00e7\u00e3o \u00e9 uma jornada \u00fanica atrav\u00e9s das paisagens sonoras do Brasil.<\/p>\n\n\n\n<p>Junte-se a n\u00f3s para homenagear os mestres da palavra, como Chico de Assis e Wladimir Maiakovski, que mant\u00eam viva a tradi\u00e7\u00e3o do Repente, enquanto tamb\u00e9m celebramos a energia e a criatividade dos talentosos rappers locais, como Marquim do Tropa e Th\u00e1bata Lorena.<\/p>\n\n\n\n<p>Al\u00e9m das apresenta\u00e7\u00f5es na Casa do Cantador, o Festival levar\u00e1 sua magia para as Escolas P\u00fablicas de Samambaia, Ceil\u00e2ndia, Taguatinga e Sol Nascente, levando a cultura e a arte para toda a comunidade.<\/p>\n\n\n\n<p><strong>Detalhes do evento:<\/strong><\/p>\n\n\n\n<ul class=\"wp-block-list\">\n<li><strong>Local:<\/strong> Casa do Cantador<\/li>\n\n\n\n<li><strong>Datas e Hor\u00e1rios:<\/strong><\/li>\n\n\n\n<li><strong>Dia 14\/06<\/strong>\n<ul class=\"wp-block-list\">\n<li>20h: L\u00edlia Diniz &#8211; Declamadora<\/li>\n\n\n\n<li>20h20: Marquim do Tropa \u2013 Rapper<\/li>\n\n\n\n<li>20h50: Chico de Assis e Wladimir Maiakovski \u2013 Repentistas<\/li>\n\n\n\n<li>21h20: Lucina Saraiva e Fabiane Ribeiro \u2013 Repentistas<\/li>\n\n\n\n<li>22h: Mark\u00e3o Abor\u00edgene \u2013 Rapper<\/li>\n<\/ul>\n<\/li>\n\n\n\n<li><strong>Dia 15\/06<\/strong>\n<ul class=\"wp-block-list\">\n<li>20h: Sheila Campos \u2013 Declamadora<\/li>\n\n\n\n<li>20h20: Th\u00e1bata Lorena \u2013 Rapper<\/li>\n\n\n\n<li>20h50: Wladimir Maiakovski e Jo\u00e3o Santana \u2013 Repentistas<\/li>\n\n\n\n<li>21h20: Carlos Alberto e Erivaldo Ferreira \u2013 Repentistas<\/li>\n\n\n\n<li>22h: Jap\u00e3o Viela 17 \u2013 Rapper<\/li>\n<\/ul>\n<\/li>\n\n\n\n<li><strong>Entrada:<\/strong> Franca e livre para todos os p\u00fablicos<\/li>\n<\/ul>\n\n\n\n<p>Para mais informa\u00e7\u00f5es sobre o Festival de RAP e Repente, incluindo entrevistas e cobertura da imprensa, entre em contato com Rodrigo Machado pelo telefone (61) 9.8654.2569 ou visite o perfil do Territ\u00f3rio Comunica\u00e7\u00e3o no Facebook e Instagram (@territorio.comunicacao).<\/p>\n\n\n\n<p>Para acesso ao press-kit, clique aqui: <a href=\"https:\/\/bit.ly\/FestivaldeRAPeRepente\">Press-kit<\/a>.<\/p>\n\n\n\n<p><strong>Venha se juntar a n\u00f3s neste encontro extraordin\u00e1rio de cultura e arte na Casa do Cantador. Prepare-se para ser inspirado, emocionado e envolvido por duas noites de pura magia e criatividade. A entrada \u00e9 gratuita e todos s\u00e3o bem-vindos!<\/strong><\/p>\n\n\n\n<p><\/p>\n","protected":false},"excerpt":{"rendered":"<p>Foto: Vald\u00e9rio Costa Prepare-se para uma fus\u00e3o \u00fanica de ritmo, poesia e cultura na Casa do Cantador, onde o RAP urbano encontra o Repente rural em um festival que promete encantar e inspirar. Em 14 e 15 de junho, testemunhe a converg\u00eancia de duas express\u00f5es art\u00edsticas distintas, mas igualmente vibrantes, em um evento que celebra [&hellip;]<\/p>\n","protected":false},"author":1441,"featured_media":5571,"comment_status":"open","ping_status":"open","sticky":false,"template":"","format":"standard","meta":{"_monsterinsights_skip_tracking":false,"_monsterinsights_sitenote_active":false,"_monsterinsights_sitenote_note":"","_monsterinsights_sitenote_category":0,"footnotes":""},"categories":[41,17,34,43],"tags":[405,429,419,403,423,408,431,407],"class_list":["post-5570","post","type-post","status-publish","format-standard","has-post-thumbnail","hentry","category-agenda","category-bsb","category-destaque","category-releases","tag-arte-2","tag-brasilia-3","tag-brasiliadf-2","tag-cidadecult-2","tag-cidadecultpordentro-2","tag-cultura-2","tag-distritofederal-2","tag-entreterimento"],"_links":{"self":[{"href":"https:\/\/cidadecult.com.br\/index.php?rest_route=\/wp\/v2\/posts\/5570","targetHints":{"allow":["GET"]}}],"collection":[{"href":"https:\/\/cidadecult.com.br\/index.php?rest_route=\/wp\/v2\/posts"}],"about":[{"href":"https:\/\/cidadecult.com.br\/index.php?rest_route=\/wp\/v2\/types\/post"}],"author":[{"embeddable":true,"href":"https:\/\/cidadecult.com.br\/index.php?rest_route=\/wp\/v2\/users\/1441"}],"replies":[{"embeddable":true,"href":"https:\/\/cidadecult.com.br\/index.php?rest_route=%2Fwp%2Fv2%2Fcomments&post=5570"}],"version-history":[{"count":1,"href":"https:\/\/cidadecult.com.br\/index.php?rest_route=\/wp\/v2\/posts\/5570\/revisions"}],"predecessor-version":[{"id":5572,"href":"https:\/\/cidadecult.com.br\/index.php?rest_route=\/wp\/v2\/posts\/5570\/revisions\/5572"}],"wp:featuredmedia":[{"embeddable":true,"href":"https:\/\/cidadecult.com.br\/index.php?rest_route=\/wp\/v2\/media\/5571"}],"wp:attachment":[{"href":"https:\/\/cidadecult.com.br\/index.php?rest_route=%2Fwp%2Fv2%2Fmedia&parent=5570"}],"wp:term":[{"taxonomy":"category","embeddable":true,"href":"https:\/\/cidadecult.com.br\/index.php?rest_route=%2Fwp%2Fv2%2Fcategories&post=5570"},{"taxonomy":"post_tag","embeddable":true,"href":"https:\/\/cidadecult.com.br\/index.php?rest_route=%2Fwp%2Fv2%2Ftags&post=5570"}],"curies":[{"name":"wp","href":"https:\/\/api.w.org\/{rel}","templated":true}]}}