{"id":5552,"date":"2024-06-10T09:18:24","date_gmt":"2024-06-10T12:18:24","guid":{"rendered":"https:\/\/cidadecult.com.br\/?p=5552"},"modified":"2024-06-10T09:18:26","modified_gmt":"2024-06-10T12:18:26","slug":"apoio-do-gdf-ao-artesanato-impulsiona-arrecadacao-e-vendas-no-setor","status":"publish","type":"post","link":"https:\/\/cidadecult.com.br\/?p=5552","title":{"rendered":"Apoio do GDF ao artesanato impulsiona arrecada\u00e7\u00e3o e vendas no setor"},"content":{"rendered":"\n<p><em>Foto: Geovana Albuquerque<\/em><\/p>\n\n\n\n<p>O artesanato no Distrito Federal est\u00e1 em ascens\u00e3o, impulsionado por iniciativas do Governo do Distrito Federal (GDF). Em 2023, o setor registrou um recorde de arrecada\u00e7\u00e3o, com a comercializa\u00e7\u00e3o de produtos artesanais ultrapassando R$ 1,5 milh\u00e3o. O n\u00famero de artes\u00e3os regulamentados tamb\u00e9m cresceu, superando 14 mil registros no Sistema de Informa\u00e7\u00f5es Cadastrais do Artesanato Brasileiro (Sicab).<\/p>\n\n\n\n<p>O sucesso do artesanato no DF pode ser atribu\u00eddo a uma s\u00e9rie de a\u00e7\u00f5es do GDF. A Secretaria de Turismo, liderada por Cristiano Ara\u00fajo, tem promovido a qualifica\u00e7\u00e3o dos artes\u00e3os, ensinando-os a precificar e a produzir com excel\u00eancia. Al\u00e9m disso, a Secretaria tem ampliado os espa\u00e7os de venda, conectando os artes\u00e3os diretamente ao p\u00fablico em feiras e shoppings.<\/p>\n\n\n\n<p>O leque de atua\u00e7\u00f5es dos artes\u00f5es tem ampliado em duas etapas. A primeira, promovendo a qualifica\u00e7\u00e3o deles, principalmente para ensin\u00e1-los a precificar e produzir com excel\u00eancia. Depois ampliando a participa\u00e7\u00e3o deles em shoppings e feiras do Distrito Federal. A ideia \u00e9 conectar o artes\u00e3o onde est\u00e1 o p\u00fablico para melhores vendas. <\/p>\n\n\n\n<h3 class=\"wp-block-heading\"><strong>Participa\u00e7\u00e3o em feiras nacionais<\/strong><\/h3>\n\n\n\n<p>Em 2024, os artes\u00e3os do DF j\u00e1 marcaram presen\u00e7a em feiras tradicionais em Recife e Fortaleza, com apoio do GDF. O governo tamb\u00e9m investe em editais que garantem a participa\u00e7\u00e3o dos artes\u00e3os locais em eventos fora de Bras\u00edlia, cobrindo custos de transporte das mercadorias. Al\u00e9m disso, cinco feiras nacionais, incluindo o Sal\u00e3o do Artesanato e a Expotch\u00ea, ser\u00e3o realizadas no DF, proporcionando mais oportunidades de venda e exposi\u00e7\u00e3o.<\/p>\n\n\n\n<h3 class=\"wp-block-heading\"><strong>Lojas &#8220;Artesanato de Bras\u00edlia&#8221;<\/strong><\/h3>\n\n\n\n<p>Para fortalecer ainda mais o setor, o GDF mant\u00e9m lojas dedicadas ao artesanato nos shoppings P\u00e1tio Brasil e Alameda, e recentemente abriu uma nova unidade na Feira do Guar\u00e1. Em cada loja, os artes\u00e3os t\u00eam a oportunidade de expor e vender suas pe\u00e7as por um per\u00edodo de tr\u00eas meses.<\/p>\n\n\n\n<p>Klever Antunes, chefe da Unidade de Promo\u00e7\u00e3o ao Artesanato e ao Trabalho Manual (Unart), destaca a import\u00e2ncia dessas lojas: &#8220;Temos duas lojas e estamos lan\u00e7ando uma terceira. Em cada uma, os artes\u00e3os ficam durante tr\u00eas meses expondo suas pe\u00e7as.&#8221;<\/p>\n\n\n\n<p>Laiane Lopes, uma artes\u00e3 beneficiada pela loja do P\u00e1tio Brasil, refor\u00e7a a import\u00e2ncia dessa vitrine: &#8220;Para todos os artes\u00e3os, aqui \u00e9 uma vitrine. O nosso produto est\u00e1 no centro de Bras\u00edlia, e a hotelaria \u00e9 pr\u00f3xima. Os turistas acabam vindo. Ajuda a gente ser visto por Bras\u00edlia e pelo Entorno.&#8221;<\/p>\n\n\n\n<h3 class=\"wp-block-heading\"><strong>Microcr\u00e9dito e capacita\u00e7\u00e3o<\/strong><\/h3>\n\n\n\n<p>Al\u00e9m dos espa\u00e7os de venda, o GDF oferece linhas de microcr\u00e9dito por meio do programa Prospera, que pode financiar at\u00e9 R$ 2,5 mil por artes\u00e3o registrado. At\u00e9 mar\u00e7o de 2024, mais de R$ 349 mil foram liberados em 11 contratos. Capacita\u00e7\u00e3o profissional tamb\u00e9m \u00e9 uma prioridade, com cursos oferecidos pela Setur e Sedet, com apoio do Sebrae, abrangendo t\u00e9cnicas de redes sociais, fotografia e marketing digital.<\/p>\n\n\n\n<h3 class=\"wp-block-heading\"><strong>Import\u00e2ncia do registro<\/strong><\/h3>\n\n\n\n<p>Para acessar essas oportunidades, \u00e9 fundamental que os artes\u00e3os estejam registrados no Sicab. O registro \u00e9 necess\u00e1rio para participar de editais e obter autoriza\u00e7\u00e3o para expor em eventos. O processo de registro inclui a apresenta\u00e7\u00e3o de documentos pessoais, pe\u00e7as prontas e um v\u00eddeo demonstrando a produ\u00e7\u00e3o.<\/p>\n\n\n\n<p>O apoio cont\u00ednuo do GDF est\u00e1 transformando o artesanato no Distrito Federal, promovendo o crescimento econ\u00f4mico e fortalecendo a cultura local. Com iniciativas abrangentes, o governo est\u00e1 criando um ambiente favor\u00e1vel para que os artes\u00e3os prosperem e alcancem novos mercados.<\/p>\n","protected":false},"excerpt":{"rendered":"<p>Foto: Geovana Albuquerque O artesanato no Distrito Federal est\u00e1 em ascens\u00e3o, impulsionado por iniciativas do Governo do Distrito Federal (GDF). Em 2023, o setor registrou um recorde de arrecada\u00e7\u00e3o, com a comercializa\u00e7\u00e3o de produtos artesanais ultrapassando R$ 1,5 milh\u00e3o. O n\u00famero de artes\u00e3os regulamentados tamb\u00e9m cresceu, superando 14 mil registros no Sistema de Informa\u00e7\u00f5es Cadastrais [&hellip;]<\/p>\n","protected":false},"author":1441,"featured_media":5553,"comment_status":"open","ping_status":"open","sticky":false,"template":"","format":"standard","meta":{"_monsterinsights_skip_tracking":false,"_monsterinsights_sitenote_active":false,"_monsterinsights_sitenote_note":"","_monsterinsights_sitenote_category":0,"footnotes":""},"categories":[49,17,34,43],"tags":[1777,405,1215,419,403,423,408,431,407,520],"class_list":["post-5552","post","type-post","status-publish","format-standard","has-post-thumbnail","hentry","category-artigos","category-bsb","category-destaque","category-releases","tag-apoiodogdf","tag-arte-2","tag-artesanato","tag-brasiliadf-2","tag-cidadecult-2","tag-cidadecultpordentro-2","tag-cultura-2","tag-distritofederal-2","tag-entreterimento","tag-gdf-2"],"_links":{"self":[{"href":"https:\/\/cidadecult.com.br\/index.php?rest_route=\/wp\/v2\/posts\/5552","targetHints":{"allow":["GET"]}}],"collection":[{"href":"https:\/\/cidadecult.com.br\/index.php?rest_route=\/wp\/v2\/posts"}],"about":[{"href":"https:\/\/cidadecult.com.br\/index.php?rest_route=\/wp\/v2\/types\/post"}],"author":[{"embeddable":true,"href":"https:\/\/cidadecult.com.br\/index.php?rest_route=\/wp\/v2\/users\/1441"}],"replies":[{"embeddable":true,"href":"https:\/\/cidadecult.com.br\/index.php?rest_route=%2Fwp%2Fv2%2Fcomments&post=5552"}],"version-history":[{"count":1,"href":"https:\/\/cidadecult.com.br\/index.php?rest_route=\/wp\/v2\/posts\/5552\/revisions"}],"predecessor-version":[{"id":5554,"href":"https:\/\/cidadecult.com.br\/index.php?rest_route=\/wp\/v2\/posts\/5552\/revisions\/5554"}],"wp:featuredmedia":[{"embeddable":true,"href":"https:\/\/cidadecult.com.br\/index.php?rest_route=\/wp\/v2\/media\/5553"}],"wp:attachment":[{"href":"https:\/\/cidadecult.com.br\/index.php?rest_route=%2Fwp%2Fv2%2Fmedia&parent=5552"}],"wp:term":[{"taxonomy":"category","embeddable":true,"href":"https:\/\/cidadecult.com.br\/index.php?rest_route=%2Fwp%2Fv2%2Fcategories&post=5552"},{"taxonomy":"post_tag","embeddable":true,"href":"https:\/\/cidadecult.com.br\/index.php?rest_route=%2Fwp%2Fv2%2Ftags&post=5552"}],"curies":[{"name":"wp","href":"https:\/\/api.w.org\/{rel}","templated":true}]}}