{"id":5536,"date":"2024-06-07T09:26:00","date_gmt":"2024-06-07T12:26:00","guid":{"rendered":"https:\/\/cidadecult.com.br\/?p=5536"},"modified":"2024-06-07T09:26:02","modified_gmt":"2024-06-07T12:26:02","slug":"2a-edicao-do-capital-expo-coffee-celebracao-da-cultura-cafeeira-em-aguas-claras","status":"publish","type":"post","link":"https:\/\/cidadecult.com.br\/?p=5536","title":{"rendered":"2\u00aa edi\u00e7\u00e3o do Capital Expo Coffee: celebra\u00e7\u00e3o da cultura cafeeira em \u00c1guas Claras"},"content":{"rendered":"\n<p><em>Foto\/divulga\u00e7\u00e3o<\/em><\/p>\n\n\n\n<p>O caf\u00e9 no Brasil transcendeu o status de uma simples bebida, tornando-se um s\u00edmbolo cultural e patrim\u00f4nio nacional. Esta evolu\u00e7\u00e3o \u00e9 evidenciada pelo impressionante crescimento de 25,8% nas exporta\u00e7\u00f5es brasileiras de caf\u00e9 nos primeiros nove meses da temporada cafeeira 2023\/24, segundo o <strong>Conselho dos Exportadores de Caf\u00e9 do Brasil <\/strong>(Cecaf\u00e9). O Brasil reafirma, assim, seu papel como um dos maiores produtores e exportadores de caf\u00e9 do mundo.<\/p>\n\n\n\n<p>Para os amantes do caf\u00e9 e entusiastas da cultura cafeeira, uma oportunidade imperd\u00edvel est\u00e1 prestes a acontecer na capital federal. <strong>De 14 a 16 de junho<\/strong>, Bras\u00edlia receber\u00e1 a 2\u00aa edi\u00e7\u00e3o do Capital Expo Coffee no DF Plaza Shopping, em \u00c1guas Claras. O evento promete uma imers\u00e3o completa no universo do caf\u00e9, com entrada gratuita.<\/p>\n\n\n\n<h4 class=\"wp-block-heading\">Programa\u00e7\u00e3o diversificada e educativa<\/h4>\n\n\n\n<p>O Capital Expo Coffee oferece uma programa\u00e7\u00e3o variada que inclui palestras, workshops, degusta\u00e7\u00f5es e m\u00fasica ao vivo. Mais de 30 marcas locais e nacionais estar\u00e3o presentes, oferecendo uma ampla gama de caf\u00e9s especiais, ch\u00e1s artesanais, p\u00e3es, doces, vinhos, produtos sustent\u00e1veis e tecnol\u00f3gicos, al\u00e9m de solu\u00e7\u00f5es agro e conte\u00fados digitais.<\/p>\n\n\n\n<p><strong>Sexta (14\/06):<\/strong><\/p>\n\n\n\n<ul class=\"wp-block-list\">\n<li>11h: Oficina de Barista com Barista Atitude &#8211; aspectos sensoriais do caf\u00e9, m\u00e9todos de preparo e tipos de torra.<\/li>\n\n\n\n<li>19h: Palestra sobre turismo de experi\u00eancia em cafeterias e zona rural de Bras\u00edlia com Barista Atitude.<\/li>\n\n\n\n<li>20h: Gastronomia brasiliense com Nana Barreto, participante do Masterchef 2018.<\/li>\n<\/ul>\n\n\n\n<p><strong>S\u00e1bado (15\/06):<\/strong><\/p>\n\n\n\n<ul class=\"wp-block-list\">\n<li>11h: Palestra sobre caf\u00e9s especiais de Bras\u00edlia.<\/li>\n\n\n\n<li>14h: Palestra da Secretaria de Turismo sobre turismo de experi\u00eancia em Bras\u00edlia.<\/li>\n\n\n\n<li>15h: Palestra \u201cEncanto Disney\u201d com Ana Paula Ticly.<\/li>\n\n\n\n<li>17h: Palestra \u201cEmpreendedorismo \u00e0 Luz da Palavra\u201d com Gabriel Mancine.<\/li>\n\n\n\n<li>18h30: Palestra sobre inova\u00e7\u00e3o e tecnologia do agroneg\u00f3cio com Alisson Miranda.<\/li>\n<\/ul>\n\n\n\n<p><strong>Domingo (16\/06):<\/strong><\/p>\n\n\n\n<ul class=\"wp-block-list\">\n<li>14h: Oficina para fam\u00edlias sobre preparo de caf\u00e9 com Barista Atitude.<\/li>\n\n\n\n<li>16h: Campeonato de V60 &#8211; competi\u00e7\u00e3o de preparo de caf\u00e9 no m\u00e9todo V60, com premia\u00e7\u00e3o para o melhor caf\u00e9.<\/li>\n<\/ul>\n\n\n\n<h4 class=\"wp-block-heading\">M\u00fasica e entretenimento<\/h4>\n\n\n\n<p>Al\u00e9m das atividades educativas e degusta\u00e7\u00f5es, o Capital Expo Coffee contar\u00e1 com m\u00fasica ao vivo, trazendo talentos musicais emergentes para criar uma atmosfera ainda mais envolvente.<\/p>\n\n\n\n<h4 class=\"wp-block-heading\">Objetivos do Evento<\/h4>\n\n\n\n<p>O Capital Expo Coffee visa promover a cultura do caf\u00e9 em Bras\u00edlia e dar visibilidade \u00e0s cafeterias e fazendas de caf\u00e9 do Centro-Oeste brasileiro. &#8220;Queremos proporcionar aos brasilienses a oportunidade de conhecer e vivenciar a diversidade de sabores e aromas dos melhores caf\u00e9s da regi\u00e3o, al\u00e9m de construir novas conex\u00f5es entre os entusiastas do caf\u00e9&#8221;, destaca o barista Bruno Marcel, um dos idealizadores do projeto. Tatiana Andr\u00e9, organizadora do evento, refor\u00e7a a import\u00e2ncia de incentivar a aprecia\u00e7\u00e3o e o consumo consciente de caf\u00e9s especiais, contribuindo para o fortalecimento da ind\u00fastria cafeeira local.<\/p>\n\n\n\n<h4 class=\"wp-block-heading\">Servi\u00e7o<\/h4>\n\n\n\n<ul class=\"wp-block-list\">\n<li><strong>Data:<\/strong> 14 a 16 de junho (sexta a domingo)<\/li>\n\n\n\n<li><strong>Hor\u00e1rio:<\/strong> Sexta e s\u00e1bado, das 10h \u00e0s 22h; domingo, das 14h \u00e0s 20h<\/li>\n\n\n\n<li><strong>Local:<\/strong> DF Plaza Shopping (\u00c1guas Claras)<\/li>\n\n\n\n<li><strong>Entrada:<\/strong> Gratuita<\/li>\n<\/ul>\n\n\n\n<p>N\u00e3o perca essa chance de mergulhar na cultura cafeeira e descobrir a riqueza dos caf\u00e9s do Centro-Oeste brasileiro no Capital Expo Coffee!<\/p>\n","protected":false},"excerpt":{"rendered":"<p>Foto\/divulga\u00e7\u00e3o O caf\u00e9 no Brasil transcendeu o status de uma simples bebida, tornando-se um s\u00edmbolo cultural e patrim\u00f4nio nacional. Esta evolu\u00e7\u00e3o \u00e9 evidenciada pelo impressionante crescimento de 25,8% nas exporta\u00e7\u00f5es brasileiras de caf\u00e9 nos primeiros nove meses da temporada cafeeira 2023\/24, segundo o Conselho dos Exportadores de Caf\u00e9 do Brasil (Cecaf\u00e9). O Brasil reafirma, assim, [&hellip;]<\/p>\n","protected":false},"author":1441,"featured_media":5537,"comment_status":"open","ping_status":"open","sticky":false,"template":"","format":"standard","meta":{"_monsterinsights_skip_tracking":false,"_monsterinsights_sitenote_active":false,"_monsterinsights_sitenote_note":"","_monsterinsights_sitenote_category":0,"footnotes":""},"categories":[41,17,34,37,43],"tags":[429,423,1408,441],"class_list":["post-5536","post","type-post","status-publish","format-standard","has-post-thumbnail","hentry","category-agenda","category-bsb","category-destaque","category-drinks-foods","category-releases","tag-brasilia-3","tag-cidadecultpordentro-2","tag-junho","tag-sonacidadecult-2"],"_links":{"self":[{"href":"https:\/\/cidadecult.com.br\/index.php?rest_route=\/wp\/v2\/posts\/5536","targetHints":{"allow":["GET"]}}],"collection":[{"href":"https:\/\/cidadecult.com.br\/index.php?rest_route=\/wp\/v2\/posts"}],"about":[{"href":"https:\/\/cidadecult.com.br\/index.php?rest_route=\/wp\/v2\/types\/post"}],"author":[{"embeddable":true,"href":"https:\/\/cidadecult.com.br\/index.php?rest_route=\/wp\/v2\/users\/1441"}],"replies":[{"embeddable":true,"href":"https:\/\/cidadecult.com.br\/index.php?rest_route=%2Fwp%2Fv2%2Fcomments&post=5536"}],"version-history":[{"count":1,"href":"https:\/\/cidadecult.com.br\/index.php?rest_route=\/wp\/v2\/posts\/5536\/revisions"}],"predecessor-version":[{"id":5538,"href":"https:\/\/cidadecult.com.br\/index.php?rest_route=\/wp\/v2\/posts\/5536\/revisions\/5538"}],"wp:featuredmedia":[{"embeddable":true,"href":"https:\/\/cidadecult.com.br\/index.php?rest_route=\/wp\/v2\/media\/5537"}],"wp:attachment":[{"href":"https:\/\/cidadecult.com.br\/index.php?rest_route=%2Fwp%2Fv2%2Fmedia&parent=5536"}],"wp:term":[{"taxonomy":"category","embeddable":true,"href":"https:\/\/cidadecult.com.br\/index.php?rest_route=%2Fwp%2Fv2%2Fcategories&post=5536"},{"taxonomy":"post_tag","embeddable":true,"href":"https:\/\/cidadecult.com.br\/index.php?rest_route=%2Fwp%2Fv2%2Ftags&post=5536"}],"curies":[{"name":"wp","href":"https:\/\/api.w.org\/{rel}","templated":true}]}}