{"id":5514,"date":"2024-06-06T10:25:57","date_gmt":"2024-06-06T13:25:57","guid":{"rendered":"https:\/\/cidadecult.com.br\/?p=5514"},"modified":"2024-06-06T10:26:33","modified_gmt":"2024-06-06T13:26:33","slug":"administracao-regional-do-plano-piloto-e-arquidiocese-de-brasilia-unem-esforcos-para-limpar-a-area-da-catedral-de-brasilia","status":"publish","type":"post","link":"https:\/\/cidadecult.com.br\/?p=5514","title":{"rendered":"Administra\u00e7\u00e3o Regional do Plano Piloto e Arquidiocese de Bras\u00edlia unem esfor\u00e7os para limpar a \u00e1rea da Catedral de Bras\u00edlia"},"content":{"rendered":"\n<p><em>Foto\/divulga\u00e7\u00e3o<\/em><\/p>\n\n\n\n<p>A Administra\u00e7\u00e3o Regional do Plano Piloto, em colabora\u00e7\u00e3o com a Arquidiocese de Bras\u00edlia, est\u00e1 realizando um importante mutir\u00e3o de limpeza na \u00e1rea externa da Catedral de Bras\u00edlia. Esta a\u00e7\u00e3o visa n\u00e3o apenas manter a \u00e1rea limpa e organizada, mas tamb\u00e9m proporcionar um ambiente mais agrad\u00e1vel para os visitantes e fortalecer a imagem positiva da capital perante os turistas.<\/p>\n\n\n\n<p>Desde ter\u00e7a-feira (4), equipes est\u00e3o empenhadas em diversas atividades de zeladoria, incluindo a troca e limpeza do espelho d\u2019\u00e1gua, capina, pintura, retirada de mato e lixo. O mutir\u00e3o conta com a participa\u00e7\u00e3o de reeducandos, que contribuem com sua m\u00e3o de obra, al\u00e9m de equipes especializadas em servi\u00e7os de impermeabiliza\u00e7\u00e3o, el\u00e9trico e hidr\u00e1ulico.<\/p>\n\n\n\n<p>O administrador do Plano Piloto, Bruno Ol\u00edmpio, destaca a import\u00e2ncia da iniciativa n\u00e3o apenas para a conserva\u00e7\u00e3o do patrim\u00f4nio, mas tamb\u00e9m para oferecer uma experi\u00eancia mais positiva aos frequentadores da Catedral. &#8220;Quem n\u00e3o gosta de chegar e ver um monumento limpo e com \u00e1rea em boas condi\u00e7\u00f5es? \u00c9 o que queremos oferecer aos visitantes&#8221;, ressaltou Ol\u00edmpio.<\/p>\n\n\n\n<p>A colabora\u00e7\u00e3o da Arquidiocese de Bras\u00edlia, respons\u00e1vel pela manuten\u00e7\u00e3o do monumento, foi fundamental para o sucesso desta a\u00e7\u00e3o. A Administra\u00e7\u00e3o Regional do Plano Piloto e a Arquidiocese de Bras\u00edlia refor\u00e7a o compromisso com a preserva\u00e7\u00e3o do patrim\u00f4nio hist\u00f3rico e cultural da cidade, al\u00e9m de demonstrar a import\u00e2ncia da coopera\u00e7\u00e3o entre entidades p\u00fablicas e privadas para alcan\u00e7ar objetivos comuns em benef\u00edcio da comunidade.<\/p>\n\n\n\n<p><\/p>\n\n\n\n<p><\/p>\n","protected":false},"excerpt":{"rendered":"<p>Foto\/divulga\u00e7\u00e3o A Administra\u00e7\u00e3o Regional do Plano Piloto, em colabora\u00e7\u00e3o com a Arquidiocese de Bras\u00edlia, est\u00e1 realizando um importante mutir\u00e3o de limpeza na \u00e1rea externa da Catedral de Bras\u00edlia. Esta a\u00e7\u00e3o visa n\u00e3o apenas manter a \u00e1rea limpa e organizada, mas tamb\u00e9m proporcionar um ambiente mais agrad\u00e1vel para os visitantes e fortalecer a imagem positiva da [&hellip;]<\/p>\n","protected":false},"author":1441,"featured_media":5515,"comment_status":"open","ping_status":"open","sticky":false,"template":"","format":"standard","meta":{"_monsterinsights_skip_tracking":false,"_monsterinsights_sitenote_active":false,"_monsterinsights_sitenote_note":"","_monsterinsights_sitenote_category":0,"footnotes":""},"categories":[49,17,34,43],"tags":[682,429,419,403,1744,423,1742],"class_list":["post-5514","post","type-post","status-publish","format-standard","has-post-thumbnail","hentry","category-artigos","category-bsb","category-destaque","category-releases","tag-bemestar","tag-brasilia-3","tag-brasiliadf-2","tag-cidadecult-2","tag-cidadecultembrasilia","tag-cidadecultpordentro-2","tag-planopiloto"],"_links":{"self":[{"href":"https:\/\/cidadecult.com.br\/index.php?rest_route=\/wp\/v2\/posts\/5514","targetHints":{"allow":["GET"]}}],"collection":[{"href":"https:\/\/cidadecult.com.br\/index.php?rest_route=\/wp\/v2\/posts"}],"about":[{"href":"https:\/\/cidadecult.com.br\/index.php?rest_route=\/wp\/v2\/types\/post"}],"author":[{"embeddable":true,"href":"https:\/\/cidadecult.com.br\/index.php?rest_route=\/wp\/v2\/users\/1441"}],"replies":[{"embeddable":true,"href":"https:\/\/cidadecult.com.br\/index.php?rest_route=%2Fwp%2Fv2%2Fcomments&post=5514"}],"version-history":[{"count":1,"href":"https:\/\/cidadecult.com.br\/index.php?rest_route=\/wp\/v2\/posts\/5514\/revisions"}],"predecessor-version":[{"id":5516,"href":"https:\/\/cidadecult.com.br\/index.php?rest_route=\/wp\/v2\/posts\/5514\/revisions\/5516"}],"wp:featuredmedia":[{"embeddable":true,"href":"https:\/\/cidadecult.com.br\/index.php?rest_route=\/wp\/v2\/media\/5515"}],"wp:attachment":[{"href":"https:\/\/cidadecult.com.br\/index.php?rest_route=%2Fwp%2Fv2%2Fmedia&parent=5514"}],"wp:term":[{"taxonomy":"category","embeddable":true,"href":"https:\/\/cidadecult.com.br\/index.php?rest_route=%2Fwp%2Fv2%2Fcategories&post=5514"},{"taxonomy":"post_tag","embeddable":true,"href":"https:\/\/cidadecult.com.br\/index.php?rest_route=%2Fwp%2Fv2%2Ftags&post=5514"}],"curies":[{"name":"wp","href":"https:\/\/api.w.org\/{rel}","templated":true}]}}