{"id":5508,"date":"2024-06-06T09:52:52","date_gmt":"2024-06-06T12:52:52","guid":{"rendered":"https:\/\/cidadecult.com.br\/?p=5508"},"modified":"2024-06-06T09:52:53","modified_gmt":"2024-06-06T12:52:53","slug":"8a-edicao-do-premio-profissionais-da-musica-reabre-inscricoes-apos-pausa-solidaria","status":"publish","type":"post","link":"https:\/\/cidadecult.com.br\/?p=5508","title":{"rendered":"8\u00aa edi\u00e7\u00e3o do pr\u00eamio profissionais da m\u00fasica reabre inscri\u00e7\u00f5es ap\u00f3s pausa solid\u00e1ria"},"content":{"rendered":"\n<p><em>Foto\/divulga\u00e7\u00e3o<\/em> <\/p>\n\n\n\n<p>O Pr\u00eamio Profissionais da M\u00fasica (PPM), um dos mais importantes reconhecimentos do setor musical no Brasil, reabre as inscri\u00e7\u00f5es para sua 8\u00aa edi\u00e7\u00e3o. A organiza\u00e7\u00e3o do evento havia suspendido as inscri\u00e7\u00f5es em 12 de maio devido \u00e0 trag\u00e9dia que afetou o Rio Grande do Sul. Durante esse per\u00edodo, o PPM se envolveu em diversas a\u00e7\u00f5es de apoio a coletivos culturais ga\u00fachos.<\/p>\n\n\n\n<h3 class=\"wp-block-heading\">Solidariedade e respeito<\/h3>\n\n\n\n<p>A decis\u00e3o de suspender as inscri\u00e7\u00f5es foi motivada pela necessidade de solidariedade com a comunidade ga\u00facha, fortemente ligada ao PPM. Gustavo Vasconcellos, idealizador do pr\u00eamio, ressaltou a import\u00e2ncia de direcionar os esfor\u00e7os para apoiar os afetados. \u201cA trag\u00e9dia no Rio Grande do Sul nos tocou profundamente, especialmente pela forte participa\u00e7\u00e3o dos ga\u00fachos no PPM ao longo dos anos\u201d, afirmou Vasconcellos.<\/p>\n\n\n\n<h3 class=\"wp-block-heading\">Retomada das inscri\u00e7\u00f5es<\/h3>\n\n\n\n<p>Com a recupera\u00e7\u00e3o gradual das atividades culturais, o PPM reabriu as inscri\u00e7\u00f5es, que estar\u00e3o dispon\u00edveis de 6 de junho a 7 de julho. Os interessados devem realizar um cadastro pr\u00e9vio, dispon\u00edvel no site oficial do evento, para se inscreverem nas 220 categorias oferecidas.<\/p>\n\n\n\n<h3 class=\"wp-block-heading\">Sobre o Pr\u00eamio Profissionais da M\u00fasica<\/h3>\n\n\n\n<p>Desde sua primeira edi\u00e7\u00e3o em 2015, em Bras\u00edlia, o Pr\u00eamio Profissionais da M\u00fasica se tornou a premia\u00e7\u00e3o mais abrangente do Brasil, reconhecendo todas as \u00e1reas da ind\u00fastria musical. A 8\u00aa edi\u00e7\u00e3o do PPM destacar\u00e1 a excel\u00eancia e a diversidade do setor musical em 220 categorias diferentes.<\/p>\n\n\n\n<h4 class=\"wp-block-heading\">Programa\u00e7\u00e3o diversificada<\/h4>\n\n\n\n<p>A programa\u00e7\u00e3o da <strong>8\u00aa edi\u00e7\u00e3o<\/strong> inclui:<\/p>\n\n\n\n<ul class=\"wp-block-list\">\n<li><strong>Feira liter\u00e1ria:<\/strong> Com lan\u00e7amentos de livros e sess\u00f5es de aut\u00f3grafos com autores renomados.<\/li>\n\n\n\n<li><strong>Pain\u00e9is e entrevistas:<\/strong> Discuss\u00f5es com especialistas sobre temas atuais do setor musical.<\/li>\n\n\n\n<li><strong>Palestras e workshows:<\/strong> Sess\u00f5es interativas e educativas para profissionais da m\u00fasica.<\/li>\n\n\n\n<li><strong>Laborat\u00f3rio de grava\u00e7\u00e3o musical:<\/strong> Espa\u00e7o para experimenta\u00e7\u00e3o e cria\u00e7\u00e3o musical.<\/li>\n\n\n\n<li><strong>Apresenta\u00e7\u00f5es musicais:<\/strong> Performances ao vivo que celebram a diversidade musical.<\/li>\n<\/ul>\n\n\n\n<h3 class=\"wp-block-heading\">Homenagens<\/h3>\n\n\n\n<p>O PPM j\u00e1 homenageou grandes nomes da m\u00fasica brasileira, como Renato Russo, C\u00e1ssia Eller e Chico Science, reconhecendo suas contribui\u00e7\u00f5es significativas para a m\u00fasica nacional.<\/p>\n\n\n\n<h3 class=\"wp-block-heading\">Tema da 8\u00aa edi\u00e7\u00e3o<\/h3>\n\n\n\n<p>Com o slogan \u201cVivam as plataformas, ve\u00edculos e espa\u00e7os culturais | do natural ao artificial com escala no real\u201d, a 8\u00aa edi\u00e7\u00e3o do PPM reflete a diversidade e a adaptabilidade da m\u00fasica nos diferentes meios e contextos.<\/p>\n\n\n\n<p><strong>Para mais informa\u00e7\u00f5es e inscri\u00e7\u00f5es, acesse: <a href=\"http:\/\/www.ppm.art.br\">www.ppm.art.br<\/a><\/strong><\/p>\n","protected":false},"excerpt":{"rendered":"<p>Foto\/divulga\u00e7\u00e3o O Pr\u00eamio Profissionais da M\u00fasica (PPM), um dos mais importantes reconhecimentos do setor musical no Brasil, reabre as inscri\u00e7\u00f5es para sua 8\u00aa edi\u00e7\u00e3o. A organiza\u00e7\u00e3o do evento havia suspendido as inscri\u00e7\u00f5es em 12 de maio devido \u00e0 trag\u00e9dia que afetou o Rio Grande do Sul. Durante esse per\u00edodo, o PPM se envolveu em diversas [&hellip;]<\/p>\n","protected":false},"author":1441,"featured_media":5509,"comment_status":"open","ping_status":"open","sticky":false,"template":"","format":"standard","meta":{"_monsterinsights_skip_tracking":false,"_monsterinsights_sitenote_active":false,"_monsterinsights_sitenote_note":"","_monsterinsights_sitenote_category":0,"footnotes":""},"categories":[49,54,34,6,43],"tags":[1738,439,403,423,408,407,579,1739],"class_list":["post-5508","post","type-post","status-publish","format-standard","has-post-thumbnail","hentry","category-artigos","category-brasil","category-destaque","category-music","category-releases","tag-8edicao","tag-brasil-2","tag-cidadecult-2","tag-cidadecultpordentro-2","tag-cultura-2","tag-entreterimento","tag-musica-2","tag-ppm"],"_links":{"self":[{"href":"https:\/\/cidadecult.com.br\/index.php?rest_route=\/wp\/v2\/posts\/5508","targetHints":{"allow":["GET"]}}],"collection":[{"href":"https:\/\/cidadecult.com.br\/index.php?rest_route=\/wp\/v2\/posts"}],"about":[{"href":"https:\/\/cidadecult.com.br\/index.php?rest_route=\/wp\/v2\/types\/post"}],"author":[{"embeddable":true,"href":"https:\/\/cidadecult.com.br\/index.php?rest_route=\/wp\/v2\/users\/1441"}],"replies":[{"embeddable":true,"href":"https:\/\/cidadecult.com.br\/index.php?rest_route=%2Fwp%2Fv2%2Fcomments&post=5508"}],"version-history":[{"count":1,"href":"https:\/\/cidadecult.com.br\/index.php?rest_route=\/wp\/v2\/posts\/5508\/revisions"}],"predecessor-version":[{"id":5510,"href":"https:\/\/cidadecult.com.br\/index.php?rest_route=\/wp\/v2\/posts\/5508\/revisions\/5510"}],"wp:featuredmedia":[{"embeddable":true,"href":"https:\/\/cidadecult.com.br\/index.php?rest_route=\/wp\/v2\/media\/5509"}],"wp:attachment":[{"href":"https:\/\/cidadecult.com.br\/index.php?rest_route=%2Fwp%2Fv2%2Fmedia&parent=5508"}],"wp:term":[{"taxonomy":"category","embeddable":true,"href":"https:\/\/cidadecult.com.br\/index.php?rest_route=%2Fwp%2Fv2%2Fcategories&post=5508"},{"taxonomy":"post_tag","embeddable":true,"href":"https:\/\/cidadecult.com.br\/index.php?rest_route=%2Fwp%2Fv2%2Ftags&post=5508"}],"curies":[{"name":"wp","href":"https:\/\/api.w.org\/{rel}","templated":true}]}}