{"id":5491,"date":"2024-06-05T10:50:08","date_gmt":"2024-06-05T13:50:08","guid":{"rendered":"https:\/\/cidadecult.com.br\/?p=5491"},"modified":"2024-06-05T10:50:11","modified_gmt":"2024-06-05T13:50:11","slug":"o-corcunda-de-notre-dame-o-musical-uma-jornada-emocionante-pela-paris-do-seculo-15","status":"publish","type":"post","link":"https:\/\/cidadecult.com.br\/?p=5491","title":{"rendered":"O Corcunda de Notre Dame, o musical: uma jornada emocionante pela Paris do s\u00e9culo 15"},"content":{"rendered":"\n<p><em>Foto\/divulga\u00e7\u00e3o<\/em><\/p>\n\n\n\n<p>A capital do pa\u00eds se prepara para uma experi\u00eancia \u00fanica e emocionante com a chegada de &#8220;O Corcunda de Notre Dame, O Musical&#8221;, uma produ\u00e7\u00e3o magn\u00edfica da renomada Cia. De Cantores L\u00edricos de Bras\u00edlia em parceria com a AR Musicais.<\/p>\n\n\n\n<p>Baseado na obra atemporal de Victor Hugo, este espet\u00e1culo transportar\u00e1 o p\u00fablico para a Paris do s\u00e9culo 15, onde a hist\u00f3ria do corcunda Quas\u00edmodo e sua apaixonante jornada se desenrolam.<\/p>\n\n\n\n<p><strong>Informa\u00e7\u00f5es:<\/strong><\/p>\n\n\n\n<ul class=\"wp-block-list\">\n<li><strong>Datas:<\/strong> 22 e 23 de junho de 2024<\/li>\n\n\n\n<li><strong>Hor\u00e1rios:<\/strong> Duas sess\u00f5es di\u00e1rias, \u00e0s 17h e \u00e0s 20h<\/li>\n\n\n\n<li><strong>Local:<\/strong> Escola de M\u00fasica de Bras\u00edlia (602 Sul)<\/li>\n\n\n\n<li><strong>Ingressos:<\/strong> A partir de R$ 30 (meia-entrada)<\/li>\n\n\n\n<li><strong>Classifica\u00e7\u00e3o:<\/strong> N\u00e3o recomendado para menores de 12 anos<\/li>\n<\/ul>\n\n\n\n<p><strong>Elenco estelar:<\/strong><\/p>\n\n\n\n<ul class=\"wp-block-list\">\n<li><strong>Quas\u00edmodo:<\/strong> Vittor Borges<\/li>\n\n\n\n<li><strong>Esmeralda:<\/strong> Kete Oliveira e Amanda Veras<\/li>\n\n\n\n<li><strong>Clopin:<\/strong> Victor Braz<\/li>\n<\/ul>\n\n\n\n<p><strong>Equipe de produ\u00e7\u00e3o:<\/strong><\/p>\n\n\n\n<ul class=\"wp-block-list\">\n<li><strong>Dire\u00e7\u00e3o C\u00eanica:<\/strong> Vittor Borges<\/li>\n\n\n\n<li><strong>Produ\u00e7\u00e3o e Dire\u00e7\u00e3o Geral:<\/strong> Renata Dourado<\/li>\n\n\n\n<li><strong>Prepara\u00e7\u00e3o Vocal:<\/strong> Gustavo Rocha<\/li>\n\n\n\n<li><strong>Prepara\u00e7\u00e3o do Coro:<\/strong> \u00c9rika Kallina<\/li>\n\n\n\n<li><strong>Reg\u00eancia:<\/strong> Rafael de Abreu Ribeiro<\/li>\n\n\n\n<li><strong>Coreografias:<\/strong> Rosa Benevides<\/li>\n<\/ul>\n\n\n\n<p><strong>Ingressos dispon\u00edveis:<\/strong><\/p>\n\n\n\n<p>Garanta j\u00e1 o seu lugar nesta emocionante jornada atrav\u00e9s do Sympla: <a href=\"https:\/\/www.sympla.com.br\/evento\/o-corcunda-de-notre-dame-o-musical\/2449947?referrer=www.google.com\">Ingressos<\/a><\/p>\n\n\n\n<p><strong>Mais informa\u00e7\u00f5es:<\/strong><\/p>\n\n\n\n<p>Siga-nos no Instagram <a href=\"https:\/\/www.instagram.com\/ciadecantoresliricos\">@ciadecantoresliricos<\/a> para atualiza\u00e7\u00f5es e conte\u00fado exclusivo sobre o espet\u00e1culo.<\/p>\n\n\n\n<p>Venha fazer parte deste momento \u00fanico de cultura e arte em Bras\u00edlia!<\/p>\n\n\n\n<p><\/p>\n","protected":false},"excerpt":{"rendered":"<p>Foto\/divulga\u00e7\u00e3o A capital do pa\u00eds se prepara para uma experi\u00eancia \u00fanica e emocionante com a chegada de &#8220;O Corcunda de Notre Dame, O Musical&#8221;, uma produ\u00e7\u00e3o magn\u00edfica da renomada Cia. De Cantores L\u00edricos de Bras\u00edlia em parceria com a AR Musicais. Baseado na obra atemporal de Victor Hugo, este espet\u00e1culo transportar\u00e1 o p\u00fablico para a [&hellip;]<\/p>\n","protected":false},"author":1441,"featured_media":5492,"comment_status":"open","ping_status":"open","sticky":false,"template":"","format":"standard","meta":{"_monsterinsights_skip_tracking":false,"_monsterinsights_sitenote_active":false,"_monsterinsights_sitenote_note":"","_monsterinsights_sitenote_category":0,"footnotes":""},"categories":[41,17,34,3,248,43],"tags":[429,403,423,1729,408,407,579,1333,1730],"class_list":["post-5491","post","type-post","status-publish","format-standard","has-post-thumbnail","hentry","category-agenda","category-bsb","category-destaque","category-entertainment","category-qualquer-dia-todo-dia","category-releases","tag-brasilia-3","tag-cidadecult-2","tag-cidadecultpordentro-2","tag-corcundadenotredame","tag-cultura-2","tag-entreterimento","tag-musica-2","tag-musical","tag-parisnoseculo15"],"_links":{"self":[{"href":"https:\/\/cidadecult.com.br\/index.php?rest_route=\/wp\/v2\/posts\/5491","targetHints":{"allow":["GET"]}}],"collection":[{"href":"https:\/\/cidadecult.com.br\/index.php?rest_route=\/wp\/v2\/posts"}],"about":[{"href":"https:\/\/cidadecult.com.br\/index.php?rest_route=\/wp\/v2\/types\/post"}],"author":[{"embeddable":true,"href":"https:\/\/cidadecult.com.br\/index.php?rest_route=\/wp\/v2\/users\/1441"}],"replies":[{"embeddable":true,"href":"https:\/\/cidadecult.com.br\/index.php?rest_route=%2Fwp%2Fv2%2Fcomments&post=5491"}],"version-history":[{"count":1,"href":"https:\/\/cidadecult.com.br\/index.php?rest_route=\/wp\/v2\/posts\/5491\/revisions"}],"predecessor-version":[{"id":5493,"href":"https:\/\/cidadecult.com.br\/index.php?rest_route=\/wp\/v2\/posts\/5491\/revisions\/5493"}],"wp:featuredmedia":[{"embeddable":true,"href":"https:\/\/cidadecult.com.br\/index.php?rest_route=\/wp\/v2\/media\/5492"}],"wp:attachment":[{"href":"https:\/\/cidadecult.com.br\/index.php?rest_route=%2Fwp%2Fv2%2Fmedia&parent=5491"}],"wp:term":[{"taxonomy":"category","embeddable":true,"href":"https:\/\/cidadecult.com.br\/index.php?rest_route=%2Fwp%2Fv2%2Fcategories&post=5491"},{"taxonomy":"post_tag","embeddable":true,"href":"https:\/\/cidadecult.com.br\/index.php?rest_route=%2Fwp%2Fv2%2Ftags&post=5491"}],"curies":[{"name":"wp","href":"https:\/\/api.w.org\/{rel}","templated":true}]}}