{"id":5464,"date":"2024-06-03T12:09:04","date_gmt":"2024-06-03T15:09:04","guid":{"rendered":"https:\/\/cidadecult.com.br\/?p=5464"},"modified":"2024-06-03T12:09:06","modified_gmt":"2024-06-03T15:09:06","slug":"choro-livre-convida-uma-noite-de-samba-forro-violino-e-bandolim","status":"publish","type":"post","link":"https:\/\/cidadecult.com.br\/?p=5464","title":{"rendered":"Choro Livre convida: uma noite de samba, forr\u00f3, violino e bandolim"},"content":{"rendered":"\n<p><em>Foto\/divulga\u00e7\u00e3o<\/em><\/p>\n\n\n\n<p>No dia <strong>5 de junho<\/strong>, o <strong>Complexo Cultural do Choro <\/strong>ser\u00e1 palco de uma noite imperd\u00edvel de m\u00fasica brasileira. O evento &#8220;Choro Livre Convida&#8221; apresenta uma sele\u00e7\u00e3o de talentos que prometem encantar o p\u00fablico com<strong> samba, forr\u00f3 e uma fus\u00e3o de violino e bandolim<\/strong>.<\/p>\n\n\n\n<p><strong>Artistas em destaque:<\/strong><\/p>\n\n\n\n<ul class=\"wp-block-list\">\n<li><strong>Jo\u00e3o Dias:<\/strong> Violinista renomado que deixou as orquestras sinf\u00f4nicas para se dedicar \u00e0 m\u00fasica popular. Sua jornada inclui colabora\u00e7\u00f5es com grandes nomes da m\u00fasica brasileira, como Ivan Lins e Hamilton de Holanda.<\/li>\n\n\n\n<li><strong>George Lacerda:<\/strong> Cantor e compositor de destaque na cena do samba em Bras\u00edlia. Al\u00e9m de sua carreira art\u00edstica, \u00e9 professor de percuss\u00e3o na Escola de M\u00fasica de Bras\u00edlia e tem trilhas sonoras para cinema e teatro em seu repert\u00f3rio.<\/li>\n\n\n\n<li><strong>Felipe Nunes:<\/strong> Jovem talento no bandolim, tamb\u00e9m professor na Escola Brasileira de Choro. Sua m\u00fasica abra\u00e7a uma variedade de estilos, do choro ao jazz, e ele j\u00e1 gravou seu pr\u00f3prio disco de m\u00fasicas autorais, &#8220;Porta&#8221;.<\/li>\n<\/ul>\n\n\n\n<p><strong>Programa\u00e7\u00e3o:<\/strong><\/p>\n\n\n\n<ul class=\"wp-block-list\">\n<li><strong>Data:<\/strong> 5 de junho de 2024 (quarta-feira)<\/li>\n\n\n\n<li><strong>Hor\u00e1rio:<\/strong> 19h30<\/li>\n\n\n\n<li><strong>Local:<\/strong> Complexo Cultural do Choro<\/li>\n\n\n\n<li><strong>Endere\u00e7o:<\/strong> Espa\u00e7o Cultural do Choro &#8211; Setor de Divulga\u00e7\u00e3o Cultural \u2013 Eixo Monumental<\/li>\n<\/ul>\n\n\n\n<p><strong>Outras atra\u00e7\u00f5es:<\/strong><\/p>\n\n\n\n<p>No s\u00e1bado,<strong> dia 8 de junho<\/strong>, o Espa\u00e7o Cultural do Choro oferecer\u00e1 uma experi\u00eancia \u00fanica para crian\u00e7as e adultos:<\/p>\n\n\n\n<ul class=\"wp-block-list\">\n<li><strong>Piquenique chor\u00e3o:<\/strong> Conta\u00e7\u00e3o de hist\u00f3rias para crian\u00e7as com Nyedja Gennari, especialista em narrativas infantis, na \u00e1rea externa do Complexo Cultural do Choro.<\/li>\n\n\n\n<li><strong>Ensaio aberto:<\/strong> Alunos e professores da Escola Brasileira de Choro realizar\u00e3o um ensaio aberto no estacionamento 10 do Parque da Cidade, proporcionando entretenimento para todas as idades.<\/li>\n<\/ul>\n\n\n\n<p>N\u00e3o perca essa oportunidade de vivenciar uma noite de m\u00fasica e cultura no cora\u00e7\u00e3o de Bras\u00edlia! <strong>A entrada \u00e9 livre e gratuita.<\/strong><\/p>\n","protected":false},"excerpt":{"rendered":"<p>Foto\/divulga\u00e7\u00e3o No dia 5 de junho, o Complexo Cultural do Choro ser\u00e1 palco de uma noite imperd\u00edvel de m\u00fasica brasileira. O evento &#8220;Choro Livre Convida&#8221; apresenta uma sele\u00e7\u00e3o de talentos que prometem encantar o p\u00fablico com samba, forr\u00f3 e uma fus\u00e3o de violino e bandolim. Artistas em destaque: Programa\u00e7\u00e3o: Outras atra\u00e7\u00f5es: No s\u00e1bado, dia 8 [&hellip;]<\/p>\n","protected":false},"author":1441,"featured_media":5465,"comment_status":"open","ping_status":"open","sticky":false,"template":"","format":"standard","meta":{"_monsterinsights_skip_tracking":false,"_monsterinsights_sitenote_active":false,"_monsterinsights_sitenote_note":"","_monsterinsights_sitenote_category":0,"footnotes":""},"categories":[41,17,34,3,6,43],"tags":[405,429,1179,403,423,408,407,579,1701],"class_list":["post-5464","post","type-post","status-publish","format-standard","has-post-thumbnail","hentry","category-agenda","category-bsb","category-destaque","category-entertainment","category-music","category-releases","tag-arte-2","tag-brasilia-3","tag-chorolivre","tag-cidadecult-2","tag-cidadecultpordentro-2","tag-cultura-2","tag-entreterimento","tag-musica-2","tag-samba-2"],"_links":{"self":[{"href":"https:\/\/cidadecult.com.br\/index.php?rest_route=\/wp\/v2\/posts\/5464","targetHints":{"allow":["GET"]}}],"collection":[{"href":"https:\/\/cidadecult.com.br\/index.php?rest_route=\/wp\/v2\/posts"}],"about":[{"href":"https:\/\/cidadecult.com.br\/index.php?rest_route=\/wp\/v2\/types\/post"}],"author":[{"embeddable":true,"href":"https:\/\/cidadecult.com.br\/index.php?rest_route=\/wp\/v2\/users\/1441"}],"replies":[{"embeddable":true,"href":"https:\/\/cidadecult.com.br\/index.php?rest_route=%2Fwp%2Fv2%2Fcomments&post=5464"}],"version-history":[{"count":1,"href":"https:\/\/cidadecult.com.br\/index.php?rest_route=\/wp\/v2\/posts\/5464\/revisions"}],"predecessor-version":[{"id":5466,"href":"https:\/\/cidadecult.com.br\/index.php?rest_route=\/wp\/v2\/posts\/5464\/revisions\/5466"}],"wp:featuredmedia":[{"embeddable":true,"href":"https:\/\/cidadecult.com.br\/index.php?rest_route=\/wp\/v2\/media\/5465"}],"wp:attachment":[{"href":"https:\/\/cidadecult.com.br\/index.php?rest_route=%2Fwp%2Fv2%2Fmedia&parent=5464"}],"wp:term":[{"taxonomy":"category","embeddable":true,"href":"https:\/\/cidadecult.com.br\/index.php?rest_route=%2Fwp%2Fv2%2Fcategories&post=5464"},{"taxonomy":"post_tag","embeddable":true,"href":"https:\/\/cidadecult.com.br\/index.php?rest_route=%2Fwp%2Fv2%2Ftags&post=5464"}],"curies":[{"name":"wp","href":"https:\/\/api.w.org\/{rel}","templated":true}]}}