{"id":5461,"date":"2024-06-03T11:51:32","date_gmt":"2024-06-03T14:51:32","guid":{"rendered":"https:\/\/cidadecult.com.br\/?p=5461"},"modified":"2024-06-03T11:51:34","modified_gmt":"2024-06-03T14:51:34","slug":"izabella-rocha-em-uma-jornada-musical-brasileira-em-terras-portuguesas","status":"publish","type":"post","link":"https:\/\/cidadecult.com.br\/?p=5461","title":{"rendered":"Izabella Rocha em uma jornada musical brasileira em terras portuguesas."},"content":{"rendered":"\n<p><em>Foto\/divulga\u00e7\u00e3o<\/em><\/p>\n\n\n\n<p>Prepare-se para uma viagem musical transatl\u00e2ntica \u00fanica, onde o<strong> Brasil encontra Portugal<\/strong> em uma fus\u00e3o de ritmos e culturas. <strong>No cora\u00e7\u00e3o do Bossa Market, em Estoril, Portugal, nos dias 8 e 9 de junho<\/strong>, a renomada cantora e compositora<strong> brasileira Izabella Rocha iluminar\u00e1 o palco com sua energia contagiante e sua sonoridade diversificada.<\/strong><\/p>\n\n\n\n<p><strong>Explorando o mundo atrav\u00e9s da m\u00fasica:<\/strong><\/p>\n\n\n\n<p>Com mais de 28 anos de carreira, Izabella Rocha \u00e9 uma verdadeira embaixadora da m\u00fasica brasileira, tendo percorrido o mundo com sua arte. Agora, ela se prepara para uma estreia emocionante em palcos estrangeiros com seu trabalho solo, prometendo uma apresenta\u00e7\u00e3o memor\u00e1vel que transcender\u00e1 fronteiras e idiomas.<\/p>\n\n\n\n<p><strong>Ritmos que encantam e conectam:<\/strong><\/p>\n\n\n\n<p>Acompanhada por m\u00fasicos talentosos, Izabella Rocha ir\u00e1 mergulhar o p\u00fablico em um universo musical vibrante, onde o reggae se mistura com o jazz, a bossa nova e o samba. Com can\u00e7\u00f5es interpretadas em portugu\u00eas, espanhol, franc\u00eas e ingl\u00eas, ela busca alcan\u00e7ar e cativar uma audi\u00eancia diversificada, demonstrando o poder unificador da m\u00fasica.<\/p>\n\n\n\n<p><strong>Bossa Market: o epicentro da cultura brasileira em portugal:<\/strong><\/p>\n\n\n\n<p>O Bossa Market, em sua 5\u00aa edi\u00e7\u00e3o, \u00e9 o cen\u00e1rio perfeito para essa celebra\u00e7\u00e3o cultural, reunindo mais de 100 expositores de moda, gastronomia, design e servi\u00e7os. Al\u00e9m dos shows musicais, o evento oferece uma variedade de experi\u00eancias interativas para todas as idades, proporcionando uma imers\u00e3o completa na riqueza da cultura brasileira.<\/p>\n\n\n\n<p>Prepare-se para se deixar envolver pela magia da m\u00fasica brasileira e pela energia contagiante de Izabella Rocha no Bossa Market. Junte-se a n\u00f3s nos dias 8 e 9 de junho no Fiartil, em Estoril, Portugal, e embarque em uma jornada musical que promete inspirar, emocionar e conectar pessoas de diferentes origens e culturas.<\/p>\n","protected":false},"excerpt":{"rendered":"<p>Foto\/divulga\u00e7\u00e3o Prepare-se para uma viagem musical transatl\u00e2ntica \u00fanica, onde o Brasil encontra Portugal em uma fus\u00e3o de ritmos e culturas. No cora\u00e7\u00e3o do Bossa Market, em Estoril, Portugal, nos dias 8 e 9 de junho, a renomada cantora e compositora brasileira Izabella Rocha iluminar\u00e1 o palco com sua energia contagiante e sua sonoridade diversificada. Explorando [&hellip;]<\/p>\n","protected":false},"author":1441,"featured_media":5462,"comment_status":"open","ping_status":"open","sticky":false,"template":"","format":"standard","meta":{"_monsterinsights_skip_tracking":false,"_monsterinsights_sitenote_active":false,"_monsterinsights_sitenote_note":"","_monsterinsights_sitenote_category":0,"footnotes":""},"categories":[41,34,35,43],"tags":[405,439,403,423,408,407,957,1698,1699],"class_list":["post-5461","post","type-post","status-publish","format-standard","has-post-thumbnail","hentry","category-agenda","category-destaque","category-business-news365","category-releases","tag-arte-2","tag-brasil-2","tag-cidadecult-2","tag-cidadecultpordentro-2","tag-cultura-2","tag-entreterimento","tag-izabellarocha","tag-jornadamusicalbrasileira","tag-terrasportuguesas"],"_links":{"self":[{"href":"https:\/\/cidadecult.com.br\/index.php?rest_route=\/wp\/v2\/posts\/5461","targetHints":{"allow":["GET"]}}],"collection":[{"href":"https:\/\/cidadecult.com.br\/index.php?rest_route=\/wp\/v2\/posts"}],"about":[{"href":"https:\/\/cidadecult.com.br\/index.php?rest_route=\/wp\/v2\/types\/post"}],"author":[{"embeddable":true,"href":"https:\/\/cidadecult.com.br\/index.php?rest_route=\/wp\/v2\/users\/1441"}],"replies":[{"embeddable":true,"href":"https:\/\/cidadecult.com.br\/index.php?rest_route=%2Fwp%2Fv2%2Fcomments&post=5461"}],"version-history":[{"count":1,"href":"https:\/\/cidadecult.com.br\/index.php?rest_route=\/wp\/v2\/posts\/5461\/revisions"}],"predecessor-version":[{"id":5463,"href":"https:\/\/cidadecult.com.br\/index.php?rest_route=\/wp\/v2\/posts\/5461\/revisions\/5463"}],"wp:featuredmedia":[{"embeddable":true,"href":"https:\/\/cidadecult.com.br\/index.php?rest_route=\/wp\/v2\/media\/5462"}],"wp:attachment":[{"href":"https:\/\/cidadecult.com.br\/index.php?rest_route=%2Fwp%2Fv2%2Fmedia&parent=5461"}],"wp:term":[{"taxonomy":"category","embeddable":true,"href":"https:\/\/cidadecult.com.br\/index.php?rest_route=%2Fwp%2Fv2%2Fcategories&post=5461"},{"taxonomy":"post_tag","embeddable":true,"href":"https:\/\/cidadecult.com.br\/index.php?rest_route=%2Fwp%2Fv2%2Ftags&post=5461"}],"curies":[{"name":"wp","href":"https:\/\/api.w.org\/{rel}","templated":true}]}}